{"id":11585,"date":"2013-06-05T13:59:54","date_gmt":"2013-06-05T10:59:54","guid":{"rendered":"https:\/\/www.enerjigazetesi.ist\/?p=11585"},"modified":"2013-06-05T13:59:54","modified_gmt":"2013-06-05T10:59:54","slug":"6-ilde-enerji-verimliligi-seferberligi","status":"publish","type":"post","link":"https:\/\/www.enerjigazetesi.ist\/en\/6-ilde-enerji-verimliligi-seferberligi\/","title":{"rendered":"(Turkish) 6 \u0130lde Enerji Verimlili\u011fi Seferberli\u011fi!"},"content":{"rendered":"<p class=\"qtranxs-available-languages-message qtranxs-available-languages-message-en\">Sorry, this entry is only available in <a href=\"https:\/\/www.enerjigazetesi.ist\/tr\/wp-json\/wp\/v2\/posts\/11585\" class=\"qtranxs-available-language-link qtranxs-available-language-link-tr\" title=\"Turkish\">Turkish<\/a>. For the sake of viewer convenience, the content is shown below in the alternative language. You may click the link to switch the active language.<\/p><p><strong>D\u00fcnya Enerji Konseyi T\u00fcrk Milli Komitesi, UNDP&#8217;nin deste\u011fiyle Anadolu&#8217;da sanayinin \u00f6nde gelen \u015fehirleri Adana, Gaziantep, Denizli, Konya, Kayseri ve Samsun&#8217;da &#8220;\u0130l \u0130l Enerji Verimlili\u011fi Projesi&#8221; uygulayacak Enerji Verimlili\u011fi Stratejisi&#8217;ne ili\u015fkin&#8230;<\/strong><\/p>\n<p>D\u00fcnya Enerji Konseyi T\u00fcrk Milli Komitesi, Birle\u015fmi\u015f Milletler Kalk\u0131nma Program\u0131&#8217;n\u0131n (UNDP) deste\u011fiyle Adana, Gaziantep, Denizli, Konya, Kayseri ve Samsun&#8217;da &#8220;\u0130l \u0130l Enerji Verimlili\u011fi Projesi&#8221; uygulayacak.<\/p>\n<p>Milli Komitenin, UNDP&#8217;nin y\u00fcr\u00fctt\u00fc\u011f\u00fc &#8220;K\u00fc\u00e7\u00fck Destek Program\u0131&#8221; kapsam\u0131ndaki proje Adana, Gaziantep, Denizli, Konya, Kayseri ve Samsun&#8217;da ger\u00e7ekle\u015ftirilecek.<\/p>\n<p>Projenin gerek\u00e7esine g\u00f6re, T\u00fcrkiye&#8217;deki enerji ihtiyac\u0131 ve buna ba\u011fl\u0131 olarak a\u00e7\u0131\u011fa \u00e7\u0131kan sera gaz\u0131 emisyonu art\u0131yor. Enerji verimlili\u011fi, enerjide artan talebin kar\u015f\u0131lanmas\u0131, enerji yo\u011funlu\u011funun d\u00fc\u015f\u00fcr\u00fclmesi ve sera gaz\u0131 emisyonlar\u0131n\u0131n azalt\u0131lmas\u0131ndaki en \u00f6nemli ve en uygun maliyetli \u00f6nlem olarak ortaya \u00e7\u0131k\u0131yor.<\/p>\n<p><a href=\"https:\/\/www.enerjigazetesi.ist\/wp-content\/uploads\/2013\/04\/enerji-verimliligi-ulasim.jpg\"><img loading=\"lazy\" class=\"alignleft size-medium wp-image-9693\" title=\"6-ilde-enerji-verimliligi-seferberligi\" src=\"https:\/\/www.enerjigazetesi.ist\/wp-content\/uploads\/2013\/04\/enerji-verimliligi-ulasim-300x186.jpg\" alt=\"\" width=\"300\" height=\"186\" srcset=\"https:\/\/www.enerjigazetesi.ist\/wp-content\/uploads\/2013\/04\/enerji-verimliligi-ulasim-300x186.jpg 300w, https:\/\/www.enerjigazetesi.ist\/wp-content\/uploads\/2013\/04\/enerji-verimliligi-ulasim-500x310.jpg 500w, https:\/\/www.enerjigazetesi.ist\/wp-content\/uploads\/2013\/04\/enerji-verimliligi-ulasim-80x50.jpg 80w, https:\/\/www.enerjigazetesi.ist\/wp-content\/uploads\/2013\/04\/enerji-verimliligi-ulasim.jpg 930w\" sizes=\"(max-width: 300px) 100vw, 300px\" \/><\/a>T\u00fcrkiye&#8217;de 2007 y\u0131l\u0131nda y\u00fcr\u00fcrl\u00fc\u011fe giren Enerji Verimlili\u011fi Kanunu ve ard\u0131ndan yay\u0131nlanan 40 civar\u0131nda d\u00fczenlemeye ra\u011fmen, enerji verimlili\u011fi \u00fczerinde daha etkili stratejiler geli\u015ftirmeye ve ad\u0131mlar atmaya ihtiya\u00e7 bulunuyor. S\u00f6z konusu d\u00fczenlemelerin, \u00f6zellikle enerji yo\u011funlu\u011funun d\u00fc\u015f\u00fcr\u00fclmesinde \u00f6ncelikli hedef grubu olmas\u0131 gereken profesyonel kurulu\u015f ve ki\u015filerce i\u00e7selle\u015ftirmesi, yukar\u0131dan a\u015fa\u011f\u0131ya do\u011fru toplumsal fark\u0131ndal\u0131k yarat\u0131lmas\u0131 a\u00e7\u0131s\u0131ndan b\u00fcy\u00fck \u00f6nem ta\u015f\u0131yor.<\/p>\n<p>B\u00f6ylesi bir ortamda 2012&#8217;de y\u00fcr\u00fcrl\u00fc\u011fe giren ve T\u00fcrkiye&#8217;deki herkesi ve hemen hemen t\u00fcm kurulu\u015flar\u0131 ilgilendiren Enerji Verimlili\u011fi Stratejisi&#8217;nden haberdarl\u0131k seviyesi hem \u00e7ok d\u00fc\u015f\u00fck hem de yanl\u0131\u015f bilgilendirme \u00e7ok yayg\u0131n d\u00fczeyde seyrediyor. \u0130l \u0130l Enerji Verimlili\u011fi Projesi, uygulanaca\u011f\u0131 6 ilde enerji verimlili\u011fi alan\u0131ndaki bu eksikleri gidermeyi ama\u00e7l\u0131yor.<\/p>\n<p>Projeyle, enerji verimlili\u011fi mevzuat ve stratejisi, sanayi ve ticaret odalar\u0131, il \u00f6zel idareleri, belediyeler, TMMOB&#8217;a ba\u011fl\u0131 odalar\u0131n \u015fubeleri gibi yerel kurulu\u015flar\u0131n da deste\u011fiyle d\u00fczenlenecek workshoplar, olu\u015fturulacak network \u00e7al\u0131\u015fmalar\u0131yla hedef kitle olan yerel profesyonel gruplara tan\u0131t\u0131lacak, bu konudaki fark\u0131ndal\u0131\u011f\u0131n art\u0131r\u0131lmas\u0131na \u00e7al\u0131\u015f\u0131lacak.<\/p>\n<p>\u0130llerde Enerji Verimlili\u011fi Platformu \u00e7al\u0131\u015fmas\u0131 \u00e7er\u00e7evesinde il baz\u0131nda Enerji Verimlili\u011fi Eylem Plan\u0131 geli\u015ftirilecek ve olu\u015fturulacak grup ile projeden sonra da ileti\u015fim devam edecek.<\/p>\n<p>Projenin, enerji verimlili\u011fi mevzuat\u0131 ve stratejisi konusundaki bilgilendirmelerle Anadolu&#8217;nun ba\u015fl\u0131ca \u015fehirlerindeki ki\u015fi ve kurumlarda fark\u0131ndal\u0131k yarat\u0131lmas\u0131na, buna ba\u011fl\u0131 olarak enerji verimlili\u011finin artmas\u0131na ve sera gaz\u0131 emisyonlar\u0131n\u0131n azalt\u0131lmas\u0131na katk\u0131 sa\u011flanmas\u0131 \u00f6ng\u00f6r\u00fcl\u00fcyor.<\/p>\n<p>Kaynak: <a href=\"http:\/\/www.haberler.com\/6-ilde-enerji-verimliligi-seferberligi-4700166-haberi\/\" target=\"_blank\">Haberler<\/a><\/p>","protected":false},"excerpt":{"rendered":"<p>Sorry, this entry is only available in Turkish. For the sake of viewer convenience, the content is shown below in the alternative language. You may click the link to switch the active language.D\u00fcnya Enerji Konseyi T\u00fcrk Milli Komitesi, UNDP&#8217;nin deste\u011fiyle Anadolu&#8217;da sanayinin \u00f6nde gelen \u015fehirleri Adana, Gaziantep, Denizli, Konya, Kayseri ve Samsun&#8217;da &#8220;\u0130l \u0130l Enerji [&hellip;]<\/p>\n","protected":false},"author":1,"featured_media":9693,"comment_status":"open","ping_status":"open","sticky":false,"template":"","format":"standard","meta":[],"categories":[53,52],"tags":[5774,63,67,93,103,12,5776,5775,442,5777,2218,133,793],"views":1704,"_links":{"self":[{"href":"https:\/\/www.enerjigazetesi.ist\/en\/wp-json\/wp\/v2\/posts\/11585"}],"collection":[{"href":"https:\/\/www.enerjigazetesi.ist\/en\/wp-json\/wp\/v2\/posts"}],"about":[{"href":"https:\/\/www.enerjigazetesi.ist\/en\/wp-json\/wp\/v2\/types\/post"}],"author":[{"embeddable":true,"href":"https:\/\/www.enerjigazetesi.ist\/en\/wp-json\/wp\/v2\/users\/1"}],"replies":[{"embeddable":true,"href":"https:\/\/www.enerjigazetesi.ist\/en\/wp-json\/wp\/v2\/comments?post=11585"}],"version-history":[{"count":1,"href":"https:\/\/www.enerjigazetesi.ist\/en\/wp-json\/wp\/v2\/posts\/11585\/revisions"}],"predecessor-version":[{"id":11586,"href":"https:\/\/www.enerjigazetesi.ist\/en\/wp-json\/wp\/v2\/posts\/11585\/revisions\/11586"}],"wp:featuredmedia":[{"embeddable":true,"href":"https:\/\/www.enerjigazetesi.ist\/en\/wp-json\/wp\/v2\/media\/9693"}],"wp:attachment":[{"href":"https:\/\/www.enerjigazetesi.ist\/en\/wp-json\/wp\/v2\/media?parent=11585"}],"wp:term":[{"taxonomy":"category","embeddable":true,"href":"https:\/\/www.enerjigazetesi.ist\/en\/wp-json\/wp\/v2\/categories?post=11585"},{"taxonomy":"post_tag","embeddable":true,"href":"https:\/\/www.enerjigazetesi.ist\/en\/wp-json\/wp\/v2\/tags?post=11585"}],"curies":[{"name":"wp","href":"https:\/\/api.w.org\/{rel}","templated":true}]}}