{"id":11577,"date":"2013-06-05T10:15:45","date_gmt":"2013-06-05T07:15:45","guid":{"rendered":"https:\/\/www.enerjigazetesi.ist\/?p=11577"},"modified":"2013-06-05T10:15:45","modified_gmt":"2013-06-05T07:15:45","slug":"abd-ile-petrol-muzakeresi-yeniden-basliyor","status":"publish","type":"post","link":"https:\/\/www.enerjigazetesi.ist\/en\/abd-ile-petrol-muzakeresi-yeniden-basliyor\/","title":{"rendered":"(Turkish) ABD ile Petrol M\u00fczakeresi Yeniden Ba\u015fl\u0131yor!"},"content":{"rendered":"<p class=\"qtranxs-available-languages-message qtranxs-available-languages-message-en\">Sorry, this entry is only available in <a href=\"https:\/\/www.enerjigazetesi.ist\/tr\/wp-json\/wp\/v2\/posts\/11577\" class=\"qtranxs-available-language-link qtranxs-available-language-link-tr\" title=\"Turkish\">Turkish<\/a>. For the sake of viewer convenience, the content is shown below in the alternative language. You may click the link to switch the active language.<\/p><p><strong>H\u00fcrriyet gazetesinden Merve Erdil\u2019in haberine g\u00f6re, ambargolar nedeniyle en b\u00fcy\u00fck m\u00fc\u015fterilerinin ithalat\u0131 kesmesi \u00fczerine, \u0130ran petrol \u00fcretimi 25 y\u0131l\u0131n en d\u00fc\u015f\u00fck seviyesine iniyor. \u0130ran\u2019dan bug\u00fcn g\u00fcnl\u00fck ortalama 106 bin varil ham petrol ithal eden T\u00fcrkiye, yapt\u0131r\u0131m muafiyetinin uzamas\u0131 konusunda ABD ile m\u00fczakereye ba\u015fl\u0131yor. ABD ve Avrupa Birli\u011fi\u2019nin uygulad\u0131\u011f\u0131 ambargolar, \u0130ran petrol \u00fcretimini vurmaya devam ediyor. ABD, ithalat miktar\u0131nda d\u00fc\u015f\u00fc\u015f g\u00f6sterdikleri s\u00fcrece, T\u00fcrkiye\u2019nin de i\u00e7inde oldu\u011fu baz\u0131 \u00fclkelere \u0130ran\u2019dan ham petrol al\u0131m\u0131 konusunda 180 g\u00fcnl\u00fck muafiyet s\u00fcreleri tan\u0131yor.<\/strong><\/p>\n<p>En son Aral\u0131k 2012\u2019de ABD\u2019den 180 g\u00fcnl\u00fck yapt\u0131r\u0131m muafiyeti alan T\u00fcrkiye\u2019nin, bu ay yeniden bu \u00fclke ile m\u00fczakerelere ba\u015flamas\u0131 gerekiyor. \u0130thalat\u0131 \u00f6nemli \u00f6l\u00e7\u00fcde k\u0131st\u0131\u011f\u0131 gerek\u00e7esiyle T\u00fcrkiye, yeni bir muafiyet s\u00fcreci bekliyor.<\/p>\n<p>T\u00dcPRA\u015e\u2019tan edinilen bilgilere g\u00f6re, \u0130ran\u2019dan ham petrol al\u0131m\u0131 bir y\u0131lda y\u00fczde 40.4 d\u00fc\u015f\u00fc\u015f g\u00f6sterdi. Aral\u0131k 20<a href=\"https:\/\/www.enerjigazetesi.ist\/wp-content\/uploads\/2012\/10\/k-irak-petrolu-uretimi.jpg\"><img loading=\"lazy\" class=\"alignright size-medium wp-image-2710\" title=\"abd-ile-petrol-m\u00fczarekeleri-yeniden-ba\u015fl\u0131yor\" src=\"https:\/\/www.enerjigazetesi.ist\/wp-content\/uploads\/2012\/10\/k-irak-petrolu-uretimi-300x214.jpg\" alt=\"\" width=\"300\" height=\"214\" srcset=\"https:\/\/www.enerjigazetesi.ist\/wp-content\/uploads\/2012\/10\/k-irak-petrolu-uretimi-300x214.jpg 300w, https:\/\/www.enerjigazetesi.ist\/wp-content\/uploads\/2012\/10\/k-irak-petrolu-uretimi-69x50.jpg 69w, https:\/\/www.enerjigazetesi.ist\/wp-content\/uploads\/2012\/10\/k-irak-petrolu-uretimi.jpg 400w\" sizes=\"(max-width: 300px) 100vw, 300px\" \/><\/a>11 \u2013 May\u0131s 2012 aras\u0131ndaki alt\u0131 ayl\u0131k d\u00f6nemde \u0130ran\u2019dan ortalama ham petrol ithalat miktar\u0131 178 bin varil\/g\u00fcn olarak ger\u00e7ekle\u015fti. Haziran-Kas\u0131m 2012 aras\u0131ndaki ilk muafiyet d\u00f6neminde ise \u0130ran\u2019dan yap\u0131lan ortalama ham petrol ithalat\u0131 123 bin varil\/g\u00fcn\u2019e d\u00fc\u015f\u00fcr\u00fcld\u00fc.<\/p>\n<p>Yani, bir \u00f6nceki alt\u0131 ayl\u0131k d\u00f6neme g\u00f6re y\u00fczde 31 daha d\u00fc\u015f\u00fck bir seviyede ger\u00e7ekle\u015fti. Aral\u0131k 2012- May\u0131s 2013 aras\u0131ndaki ikinci muafiyet d\u00f6neminde ise \u0130ran\u2019dan ham petrol ithalat miktar\u0131 ortalama g\u00fcnl\u00fck 106 bin varil seviyesinde ger\u00e7ekle\u015firken, bu ilk muafiyet d\u00f6neminden y\u00fczde 15 daha d\u00fc\u015f\u00fck oldu. Toplamda ise y\u00fczde 40 oran\u0131nda bir d\u00fc\u015f\u00fc\u015f ger\u00e7ekle\u015fti.<\/p>\n<p>Yetkililer, T\u00fcpra\u015f\u2019\u0131n \u0130ran\u2019dan ham petrol al\u0131mlar\u0131n\u0131 ge\u00e7ti\u011fimiz d\u00f6nemlerde kademeli olarak azaltt\u0131\u011f\u0131n\u0131 belirtirken, \u201c\u0130ran\u2019dan yapt\u0131klar\u0131 ham petrol ithalat miktarlar\u0131nda benzer \u015fekilde d\u00fc\u015f\u00fc\u015f ger\u00e7ekle\u015ftiren di\u011fer \u00fclkelerde oldu\u011fu gibi, T\u00fcrkiye i\u00e7in a\u00e7\u0131klanan muafiyet d\u00f6neminin de alt\u0131 ay daha uzat\u0131lmas\u0131 bekleniyor\u201d dedi. Muafiyetin uzat\u0131lmas\u0131 konusunda T\u00fcrkiye\u2019nin ABD ile m\u00fczakerelere ba\u015flamas\u0131 bekleniyor.<\/p>\n<p>\u00d6te yandan Financial Times\u2019da yer alan Javier Blas imzal\u0131 haberde, \u0130ran\u2019\u0131n ana m\u00fc\u015fterileri olan \u00c7in, Hindistan, Japonya ve G\u00fcney Kore\u2019nin ithalat\u0131 azaltt\u0131\u011f\u0131, bu \u00fclkeler ve T\u00fcrkiye\u2019nin nisan ay\u0131nda toplam 750 bin varil\/g\u00fcn civar\u0131nda petrol ithal etti\u011fi belirtiliyor. Bu rakam bir \u00f6nceki ay ger\u00e7ekle\u015fen 1.1 milyon varil\/g\u00fcn seviyesinden yakla\u015f\u0131k y\u00fczde 30 daha d\u00fc\u015f\u00fck.<\/p>\n<p>Nisan\u2019da ba\u015flayan ve May\u0131s\u2019ta devam eden \u0130ran ham petrol ihracat\u0131ndaki b\u00fcy\u00fck d\u00fc\u015f\u00fc\u015f, \u0130ran\u2019\u0131n ham petrol\u00fc deniz tankerlerinde stoklamas\u0131na yol a\u00e7t\u0131. \u00dcretimini de d\u00fc\u015f\u00fcren \u0130ran\u2019\u0131n may\u0131s ay\u0131nda g\u00fcnl\u00fck 2.5 ila 2.6 milyon varil aras\u0131nda \u00fcretim ger\u00e7ekle\u015ftirdi\u011fi tahim ediliyor. Bu rakam, en son \u0130ran-Irak sava\u015f\u0131n\u0131n ya\u015fand\u0131\u011f\u0131 1989 y\u0131l\u0131nda g\u00f6r\u00fclm\u00fc\u015ft\u00fc. \u0130ran petrol \u00fcretimindeki bir \u00f6nceki dip ise ge\u00e7ti\u011fimiz eyl\u00fcl ay\u0131nda g\u00f6r\u00fclm\u00fc\u015ft\u00fc.<\/p>\n<p>En b\u00fcy\u00fck kesintiyi Japonya yapt\u0131. Japonya\u2019n\u0131n \u0130ran\u2019dan ham petrol al\u0131m\u0131, 2012 nisan ay\u0131ndan ge\u00e7ti\u011fimiz nisan ay\u0131na kadar ge\u00e7en bir y\u0131ll\u0131k s\u00fcrede y\u00fczde 97 d\u00fc\u015ferek, g\u00fcnl\u00fck 8 bin seviyelerine d\u00fc\u015ft\u00fc.<\/p>\n<p>Hindistan\u2019\u0131n da \u0130ran\u2019dan yapt\u0131\u011f\u0131 petrol ithalat\u0131 tarihinin en d\u00fc\u015f\u00fck seviyelerini g\u00f6rd\u00fc. Hindistan\u2019\u0131n ithalat\u0131 bir y\u0131lda y\u00fczde 56 d\u00fc\u015f\u00fc\u015f g\u00f6stererek, g\u00fcnl\u00fck 117 bin varil seviyesine indi.<\/p>\n<p>FT\u2019nin haberinde \u00c7in, G\u00fcney Kore ve T\u00fcrkiye\u2019nin petrol ithalat\u0131n\u0131 bir \u00f6nceki aylarla a\u015fa\u011f\u0131 yukar\u0131 ayn\u0131 seviyede ger\u00e7ekle\u015ftirdi\u011fi belirtilerek, \u00fc\u00e7 \u00fclkenin \u00f6n\u00fcm\u00fczdeki aylarda al\u0131m seviyelerini daha da a\u015fa\u011f\u0131 \u00e7ekebilece\u011fi tahminine yer veriliyor.<\/p>\n<p>Kaynak: <a href=\"http:\/\/enerjienstitusu.com\/2013\/06\/05\/abd-ile-petrol-muzakeresi-yeniden-basliyor\/\" target=\"_blank\">Enerji Enstit\u00fcs\u00fc<\/a><\/p>","protected":false},"excerpt":{"rendered":"<p>Sorry, this entry is only available in Turkish. For the sake of viewer convenience, the content is shown below in the alternative language. You may click the link to switch the active language.H\u00fcrriyet gazetesinden Merve Erdil\u2019in haberine g\u00f6re, ambargolar nedeniyle en b\u00fcy\u00fck m\u00fc\u015fterilerinin ithalat\u0131 kesmesi \u00fczerine, \u0130ran petrol \u00fcretimi 25 y\u0131l\u0131n en d\u00fc\u015f\u00fck seviyesine iniyor. [&hellip;]<\/p>\n","protected":false},"author":1,"featured_media":2710,"comment_status":"open","ping_status":"open","sticky":false,"template":"","format":"standard","meta":[],"categories":[53,44],"tags":[1198,63,67,165,5770,59,79],"views":429,"_links":{"self":[{"href":"https:\/\/www.enerjigazetesi.ist\/en\/wp-json\/wp\/v2\/posts\/11577"}],"collection":[{"href":"https:\/\/www.enerjigazetesi.ist\/en\/wp-json\/wp\/v2\/posts"}],"about":[{"href":"https:\/\/www.enerjigazetesi.ist\/en\/wp-json\/wp\/v2\/types\/post"}],"author":[{"embeddable":true,"href":"https:\/\/www.enerjigazetesi.ist\/en\/wp-json\/wp\/v2\/users\/1"}],"replies":[{"embeddable":true,"href":"https:\/\/www.enerjigazetesi.ist\/en\/wp-json\/wp\/v2\/comments?post=11577"}],"version-history":[{"count":1,"href":"https:\/\/www.enerjigazetesi.ist\/en\/wp-json\/wp\/v2\/posts\/11577\/revisions"}],"predecessor-version":[{"id":11578,"href":"https:\/\/www.enerjigazetesi.ist\/en\/wp-json\/wp\/v2\/posts\/11577\/revisions\/11578"}],"wp:featuredmedia":[{"embeddable":true,"href":"https:\/\/www.enerjigazetesi.ist\/en\/wp-json\/wp\/v2\/media\/2710"}],"wp:attachment":[{"href":"https:\/\/www.enerjigazetesi.ist\/en\/wp-json\/wp\/v2\/media?parent=11577"}],"wp:term":[{"taxonomy":"category","embeddable":true,"href":"https:\/\/www.enerjigazetesi.ist\/en\/wp-json\/wp\/v2\/categories?post=11577"},{"taxonomy":"post_tag","embeddable":true,"href":"https:\/\/www.enerjigazetesi.ist\/en\/wp-json\/wp\/v2\/tags?post=11577"}],"curies":[{"name":"wp","href":"https:\/\/api.w.org\/{rel}","templated":true}]}}