{"id":115740,"date":"2020-06-22T16:21:42","date_gmt":"2020-06-22T13:21:42","guid":{"rendered":"https:\/\/www.enerjigazetesi.ist\/?p=115740"},"modified":"2020-06-22T16:22:25","modified_gmt":"2020-06-22T13:22:25","slug":"ode-yalitim-2inci-kurumsal-sosyal-sorumluluk-raporunu-yayimladi","status":"publish","type":"post","link":"https:\/\/www.enerjigazetesi.ist\/en\/ode-yalitim-2inci-kurumsal-sosyal-sorumluluk-raporunu-yayimladi\/","title":{"rendered":"(Turkish) &#8217;Ode Yal\u0131t\u0131m&#8217; 2&#8217;inci Kurumsal Sosyal Sorumluluk Raporunu Yay\u0131mlad\u0131"},"content":{"rendered":"<p class=\"qtranxs-available-languages-message qtranxs-available-languages-message-en\">Sorry, this entry is only available in <a href=\"https:\/\/www.enerjigazetesi.ist\/tr\/wp-json\/wp\/v2\/posts\/115740\" class=\"qtranxs-available-language-link qtranxs-available-language-link-tr\" title=\"Turkish\">Turkish<\/a>. For the sake of viewer convenience, the content is shown below in the alternative language. You may click the link to switch the active language.<\/p><p><\/p>\n<h1><strong>Yal\u0131t\u0131m sekt\u00f6r\u00fcnde d\u00fcnya markas\u0131 olma hedefiyle s\u00fcrd\u00fcrd\u00fc\u011f\u00fc faaliyetlerinin merkezine, topluma daha faydal\u0131 olmay\u0131 ve iyi gelecek sa\u011flamay\u0131 alan ODE Yal\u0131t\u0131m, 2&#8217;inci Kurumsal Sosyal Sorumluluk (KSS) raporunu yay\u0131mlad\u0131. \u201cODE KSS Raporu 2020\u201dde, ba\u015fta sosyal sorumluluk projeleri, i\u015f sa\u011fl\u0131\u011f\u0131 ve g\u00fcvenli\u011fi politikas\u0131 ile \u00e7evre dostu \u00fcretim olmak \u00fczere, \u015firketin son be\u015f y\u0131lda ba\u015far\u0131yla ger\u00e7ekle\u015ftirdi\u011fi \u00e7al\u0131\u015fmalar\u0131n detaylar\u0131na yer verildi. ODE Yal\u0131t\u0131m Sat\u0131\u015f ve Pazarlama Genel M\u00fcd\u00fcr Yard\u0131mc\u0131s\u0131 Erhan \u00d6zdemir, \u201cODE olarak ekonomik b\u00fcy\u00fcmeyi sa\u011flarken sosyal adaleti ve \u00e7evreyi korumay\u0131 da i\u00e7ine alan s\u00fcrd\u00fcr\u00fclebilir bir geli\u015fmeyi g\u00f6zetiyoruz. ODE KSS Raporu 2020\u2019yi, \u00e7evre duyarl\u0131l\u0131\u011f\u0131m\u0131z \u00e7er\u00e7evesinde bas\u0131l\u0131 olarak yay\u0131nlamamaya karar verdik. Rapora www.ode.com.tr adresinden ula\u015f\u0131labilecek ve ODE Yal\u0131t\u0131m olarak rapor her g\u00f6r\u00fcnt\u00fclendi\u011finde, T\u00fcrkiye E\u011fitim G\u00f6n\u00fcll\u00fcleri Vakf\u0131\u2019na (TEGV) ba\u011f\u0131\u015fta bulunaca\u011f\u0131z. Kurumsal Sosyal Sorumluluk alan\u0131nda \u00f6nc\u00fc ve \u00f6rnek bir \u015firket olma hedefiyle \u00e7al\u0131\u015fmalar\u0131m\u0131za devam edece\u011fiz\u201d dedi.<\/strong><\/h1>\n<p>Temellerinin at\u0131ld\u0131\u011f\u0131 <strong>1985 y\u0131l\u0131ndan g\u00fcn\u00fcm\u00fcze<\/strong> t\u00fcm de\u011ferlerini <strong>kurumsal k\u00fclt\u00fcr ve sosyal <img loading=\"lazy\" class=\"alignright wp-image-115742\" src=\"https:\/\/www.enerjigazetesi.ist\/wp-content\/uploads\/2020\/06\/ode-yalitim-2inci-kurumsal-sosyal-sorumluluk-raporunu-yayimladi.jpg\" alt=\"\" width=\"320\" height=\"301\" srcset=\"https:\/\/www.enerjigazetesi.ist\/wp-content\/uploads\/2020\/06\/ode-yalitim-2inci-kurumsal-sosyal-sorumluluk-raporunu-yayimladi.jpg 518w, https:\/\/www.enerjigazetesi.ist\/wp-content\/uploads\/2020\/06\/ode-yalitim-2inci-kurumsal-sosyal-sorumluluk-raporunu-yayimladi-300x283.jpg 300w, https:\/\/www.enerjigazetesi.ist\/wp-content\/uploads\/2020\/06\/ode-yalitim-2inci-kurumsal-sosyal-sorumluluk-raporunu-yayimladi-425x400.jpg 425w, https:\/\/www.enerjigazetesi.ist\/wp-content\/uploads\/2020\/06\/ode-yalitim-2inci-kurumsal-sosyal-sorumluluk-raporunu-yayimladi-53x50.jpg 53w\" sizes=\"(max-width: 320px) 100vw, 320px\" \/>sorumlulu\u011fa<\/strong> ba\u011fl\u0131 bir ya\u015fam tarz\u0131 \u00fczerine in\u015fa eden <strong>ODE Yal\u0131t\u0131m<\/strong>, <strong>2&#8217;inci Kurumsal Sosyal Sorumluluk (KSS) raporu<\/strong>nu yay\u0131mlad\u0131. 2015 y\u0131l\u0131nda sekt\u00f6r\u00fcn ilk kurumsal raporunu yay\u0131mlayarak bu alanda \u00f6rnek te\u015fkil eden \u015firket,<strong> \u201cODE KSS Raporu 2020\u201d<\/strong> ile bu alandaki \u00e7al\u0131\u015fmalar\u0131n\u0131 bir kez daha \u015feffaf bir \u015fekilde ortaya koydu.<\/p>\n<p><strong>Yeni Kurumsal Sosyal Sorumluluk raporu<\/strong>nda, ODE\u2019nin <strong>2015- 2019 y\u0131llar<\/strong>\u0131 aras\u0131nda ba\u015far\u0131yla ger\u00e7ekle\u015ftirdi\u011fi <strong>sosyal sorumluluk projeleri, i\u00e7 ve d\u0131\u015f e\u011fitim programlar\u0131, payda\u015flarla ileti\u015fim \u00e7al\u0131\u015fmalar\u0131, al\u0131nan \u00f6d\u00fcller ve sertifikalar, sivil toplum kurulu\u015flar\u0131 ve \u00fcniversitelerle i\u015f birlikleri ile sponsorluklar, i\u015f g\u00fcc\u00fc profili, i\u015f sa\u011fl\u0131\u011f\u0131 ve g\u00fcvenli\u011fi politikas\u0131, \u00e7evre dostu \u00fcretim ve \u00fcr\u00fcnler<\/strong> gibi konu ba\u015fl\u0131klar\u0131, t\u00fcm detaylar\u0131yla yer al\u0131yor.<\/p>\n<h2><strong>Raporu okuyanlar ad\u0131na TEGV\u2019e ba\u011f\u0131\u015f<\/strong><\/h2>\n<p><strong>\u00dcretim faaliyetleri<\/strong>nde bulunurken <strong>\u00e7evreye zarar vermemek<\/strong> i\u00e7in gerekli \u00f6nlemleri alan, \u00fcretti\u011fi \u00fcr\u00fcnleri <strong>\u00e7evre ve insan sa\u011fl\u0131\u011f\u0131na uyumlu<\/strong> hale getiren ve <strong>bu uyumu sertifikasyonlarla belgelendiren<\/strong> ODE Yal\u0131t\u0131m, \u00e7evre konusundaki hassasiyetini raporu yay\u0131mlarken bir kez daha g\u00f6sterdi. Bas\u0131l\u0131 halde olmas\u0131 olumsuz <strong>\u00e7evresel etkiler yarataca\u011f\u0131<\/strong> i\u00e7in rapor \u015firketin <strong>internet sitesi \u00fczerinden<\/strong> kamuoyuyla payla\u015f\u0131ld\u0131.<\/p>\n<p><strong>KSS Raporu<\/strong>\u2019nu bir de\u011fere d\u00f6n\u00fc\u015ft\u00fcrmeyi hedefleyen <strong>ODE Yal\u0131t\u0131m<\/strong> bu kapsamda, T\u00fcrkiye\u2019nin sosyo-ekonomik a\u00e7\u0131dan dezavantajl\u0131 b\u00f6lgelerinde ya\u015fayan ilk\u00f6\u011fretim \u00e7a\u011f\u0131 \u00e7ocuklar\u0131na, okul i\u00e7i ve d\u0131\u015f\u0131 saatlerde e\u011fitim deste\u011fi vermek amac\u0131yla faaliyetlerini s\u00fcrd\u00fcren <strong>T\u00fcrkiye E\u011fitim G\u00f6n\u00fcll\u00fcleri Vakf\u0131 (TEGV)<\/strong> ile bir i\u015f birli\u011fi ger\u00e7ekle\u015ftirdi.<\/p>\n<p><strong>www.ode.com.tr<\/strong> adresinde yay\u0131mlanan rapor her g\u00f6r\u00fcnt\u00fclendi\u011finde <strong>ODE Yal\u0131t\u0131m<\/strong>, TEGV\u2019e ba\u011f\u0131\u015fta bulunarak daha \u00e7ok say\u0131da \u00e7ocu\u011fun nitelikli e\u011fitim deste\u011fi almas\u0131na katk\u0131 sa\u011flayacak.<\/p>\n<h2><strong>Erhan \u00d6zdemir: \u201cKurumsal Sosyal Sorumluluk konusunda \u00f6nc\u00fc ve \u00f6rnek \u015firket konumumuzu g\u00fc\u00e7lendirmek istiyoruz\u201d<\/strong><\/h2>\n<p>Sosyal sorumluluk ve s\u00fcrd\u00fcr\u00fclebilirlik kavramlar\u0131n\u0131 kurum k\u00fclt\u00fcr\u00fcne yerle\u015ftirdiklerini ifade eden <strong>ODE Yal\u0131t\u0131m Sat\u0131\u015f ve Pazarlama Genel M\u00fcd\u00fcr Yard\u0131mc\u0131s\u0131 Erhan \u00d6zdemir<\/strong>, \u201cODE olarak ekonomik b\u00fcy\u00fcmeyi sa\u011flarken sosyal adaleti ve \u00e7evreyi korumay\u0131 da i\u00e7ine alan s\u00fcrd\u00fcr\u00fclebilir bir geli\u015fme g\u00f6zetiyoruz. Bunu yaparken de \u00f6ncelikle sekt\u00f6r\u00fcm\u00fczde, sonras\u0131nda da \u00fclkemizdeki i\u015f d\u00fcnyas\u0131 genelinde s\u00fcrd\u00fcr\u00fclebilirlik ve kurumsal sosyal sorumluluk alan\u0131nda \u00f6nc\u00fc ve \u00f6rnek \u015firketlerden biri olmay\u0131 hedefliyoruz. T\u0131pk\u0131 ilk raporda oldu\u011fu gibi yeni raporumuzda da bu alandaki \u00e7abalar\u0131m\u0131z\u0131 \u015feffaf bir \u015fekilde ortaya koyduk. <strong>S\u00fcrd\u00fcr\u00fclebilir ve iyi bir gelecek<\/strong> i\u00e7in 35 y\u0131ld\u0131r oldu\u011fu gibi bundan sonra da <strong>var g\u00fcc\u00fcm\u00fczle \u00e7al\u0131\u015fmaya<\/strong> ve<strong> sorumluluklar\u0131m\u0131z\u0131 yerine getirmeye<\/strong> devam edece\u011fiz. Bununla birlikte gelecek nesillerin e\u011fitimine katk\u0131 sa\u011flayan ve \u00fclkemizin en de\u011ferli<strong> sivil toplum kurulu\u015flar\u0131<\/strong>ndan biri olan<strong> TEGV<\/strong> ile i\u015f birli\u011fi yapman\u0131n gururunu ya\u015f\u0131yoruz. Gelecek nesillere ya\u015fanabilir bir d\u00fcnya b\u0131rakmak i\u00e7in ad\u0131m att\u0131\u011f\u0131m\u0131z bu yolda bizlere destek olmak isteyen herkesi raporumuzu okumaya davet ediyorum. Kendileri ad\u0131na <strong>TEGV\u2019e (T\u00fcrkiye E\u011fitim G\u00f6n\u00fcll\u00fcleri Vakf\u0131) ba\u011f\u0131\u015f<\/strong> yapmaktan mutluluk duyaca\u011f\u0131z\u201d dedi.<\/p>\n<h2><strong>\u00c7evreci projelerin tercihi<\/strong><\/h2>\n<p>ODE Yal\u0131t\u0131m\u2019\u0131n<strong> kurumsal sosyal sorumluluk<\/strong> alan\u0131nda son <strong>5 y\u0131lda<\/strong> ger\u00e7ekle\u015ftirdi\u011fi \u00e7al\u0131\u015fmalardan <span style=\"text-decoration: underline;\">baz\u0131lar\u0131 \u015fu \u015fekilde s\u0131ralan\u0131yor:<\/span><\/p>\n<p>&#8211; ODE Yal\u0131t\u0131m, \u00fcniversiteden otele, al\u0131\u015fveri\u015f merkezinden ya\u015fam alanlar\u0131na kadar bir\u00e7ok \u00e7evreci projenin <strong>teknik yal\u0131t\u0131m, \u0131s\u0131 yal\u0131t\u0131m\u0131<\/strong> ve <strong>su yal\u0131t\u0131m\u0131ndaki<\/strong> \u00e7\u00f6z\u00fcm orta\u011f\u0131 oldu. Y\u00fcr\u00fct\u00fclen A<strong>r-Ge faaliyetleri<\/strong> neticesinde T\u00fcrkiye\u2019de ve d\u00fcnyada<strong> Silver, Gold ve Platinum<\/strong> seviyesinde<strong> LEED Sertifikas\u0131 alan in\u015faat projeleri<\/strong>nde ODE \u00fcr\u00fcnleri tercih edildi.<\/p>\n<p>&#8211; 2017 y\u0131l\u0131nda faaliyete ge\u00e7en Eski\u015fehir fabrikas\u0131, \u00e7evreye duyarl\u0131 ve s\u00fcrd\u00fcr\u00fclebilir tasar\u0131m\u0131yla t\u00fcm sekt\u00f6re \u00f6rnek oldu. Tesiste \u0131s\u0131tma, ayd\u0131nlatma ve at\u0131k konusunda t\u00fcm tedbirler al\u0131nd\u0131. G\u00fcnd\u00fcz ayd\u0131nlatmas\u0131, <strong>do\u011fal ayd\u0131nlatma malzemesi<\/strong> polikarbon \u0131\u015f\u0131kl\u0131klarla sa\u011flanan tesiste, otomatik duman damperleri, ayn\u0131 zamanda do\u011fal havaland\u0131rma da sa\u011fl\u0131yor ve olu\u015fabilecek <strong>kirli havay\u0131 filtre etmek<\/strong> \u00fczere scrubberlar kullan\u0131l\u0131yor. Ayr\u0131ca tesiste<strong> fotovoltaik enerji \u00fcretimi<\/strong>, <strong>LED ayd\u0131nlatma armat\u00fcrleri<\/strong>,<strong> sifonik sistem ya\u011fmur suyu de\u015farj\u0131 ve gri su tesisatlar\u0131<\/strong> gibi <strong>\u00e7evre dostu uygulamalar<\/strong> da bulunuyor.<\/p>\n<p>&#8211; Payda\u015flar\u0131na de\u011fer katmayan \u015firketler ayakta kalamaz ilkesini benimseyen <strong>ODE Yal\u0131t\u0131m<\/strong>, bu bak\u0131\u015f a\u00e7\u0131s\u0131yla 2018 y\u0131l\u0131nda <strong>\u2018Payda\u015f Payla\u015f\u0131m Platformu\u2019<\/strong>nu kurarak t\u00fcm e\u011fitim ve seminerlerini<strong> tek \u00e7at\u0131 alt\u0131nda<\/strong> toplad\u0131. Sekt\u00f6rde bir ilk olan platform, bu zamana kadar t\u00fcm b\u00f6lgelerden toplamda<strong> 660 uygulamac\u0131<\/strong>ya, <strong>y\u00fczlerce de sekt\u00f6r<\/strong> uzman\u0131na ula\u015ft\u0131.<\/p>\n<p><strong>ODE Yal\u0131t\u0131m<\/strong> 2019 y\u0131l\u0131nda, <strong>TA\u0130DER Aile \u0130\u015fletmeleri Derne\u011fi<\/strong> taraf\u0131ndan aile \u015firketlerinde s\u00fcrd\u00fcr\u00fclebilirlik bilincinin geli\u015fmesini desteklemek amac\u0131yla hayata ge\u00e7irilen <strong>Kuzey Y\u0131ld\u0131z\u0131:<\/strong> <em>Aile \u015eirketlerinde S\u00fcrd\u00fcr\u00fclebilirlik B\u00fcy\u00fck \u00d6d\u00fcl\u00fc<\/em>\u2019n\u00fc kazand\u0131.<\/p>","protected":false},"excerpt":{"rendered":"<p>Sorry, this entry is only available in Turkish. For the sake of viewer convenience, the content is shown below in the alternative language. You may click the link to switch the active language. Yal\u0131t\u0131m sekt\u00f6r\u00fcnde d\u00fcnya markas\u0131 olma hedefiyle s\u00fcrd\u00fcrd\u00fc\u011f\u00fc faaliyetlerinin merkezine, topluma daha faydal\u0131 olmay\u0131 ve iyi gelecek sa\u011flamay\u0131 alan ODE Yal\u0131t\u0131m, 2&#8217;inci Kurumsal [&hellip;]<\/p>\n","protected":false},"author":1,"featured_media":115743,"comment_status":"open","ping_status":"open","sticky":false,"template":"","format":"standard","meta":[],"categories":[51,53,52],"tags":[74275,20712,52259,26559,45961,74269,74270,74273,74267,74274,74268,33913,74272,15411,60286,74271,793,52464],"views":81,"_links":{"self":[{"href":"https:\/\/www.enerjigazetesi.ist\/en\/wp-json\/wp\/v2\/posts\/115740"}],"collection":[{"href":"https:\/\/www.enerjigazetesi.ist\/en\/wp-json\/wp\/v2\/posts"}],"about":[{"href":"https:\/\/www.enerjigazetesi.ist\/en\/wp-json\/wp\/v2\/types\/post"}],"author":[{"embeddable":true,"href":"https:\/\/www.enerjigazetesi.ist\/en\/wp-json\/wp\/v2\/users\/1"}],"replies":[{"embeddable":true,"href":"https:\/\/www.enerjigazetesi.ist\/en\/wp-json\/wp\/v2\/comments?post=115740"}],"version-history":[{"count":0,"href":"https:\/\/www.enerjigazetesi.ist\/en\/wp-json\/wp\/v2\/posts\/115740\/revisions"}],"wp:featuredmedia":[{"embeddable":true,"href":"https:\/\/www.enerjigazetesi.ist\/en\/wp-json\/wp\/v2\/media\/115743"}],"wp:attachment":[{"href":"https:\/\/www.enerjigazetesi.ist\/en\/wp-json\/wp\/v2\/media?parent=115740"}],"wp:term":[{"taxonomy":"category","embeddable":true,"href":"https:\/\/www.enerjigazetesi.ist\/en\/wp-json\/wp\/v2\/categories?post=115740"},{"taxonomy":"post_tag","embeddable":true,"href":"https:\/\/www.enerjigazetesi.ist\/en\/wp-json\/wp\/v2\/tags?post=115740"}],"curies":[{"name":"wp","href":"https:\/\/api.w.org\/{rel}","templated":true}]}}