{"id":115718,"date":"2020-06-22T14:40:59","date_gmt":"2020-06-22T11:40:59","guid":{"rendered":"https:\/\/www.enerjigazetesi.ist\/?p=115718"},"modified":"2020-06-22T14:52:31","modified_gmt":"2020-06-22T11:52:31","slug":"bim-enerjisini-gunesten-almaya-basladi","status":"publish","type":"post","link":"https:\/\/www.enerjigazetesi.ist\/en\/bim-enerjisini-gunesten-almaya-basladi\/","title":{"rendered":"(Turkish) &#8217;B\u0130M&#8217; Enerjisini G\u00fcne\u015ften Almaya Ba\u015flad\u0131!"},"content":{"rendered":"<p class=\"qtranxs-available-languages-message qtranxs-available-languages-message-en\">Sorry, this entry is only available in <a href=\"https:\/\/www.enerjigazetesi.ist\/tr\/wp-json\/wp\/v2\/posts\/115718\" class=\"qtranxs-available-language-link qtranxs-available-language-link-tr\" title=\"Turkish\">Turkish<\/a>. For the sake of viewer convenience, the content is shown below in the alternative language. You may click the link to switch the active language.<\/p><p><\/p>\n<h1>Perakende sekt\u00f6r\u00fcn\u00fcn lideri B\u0130M (B\u0130M\u00a0Birle\u015fik Ma\u011fazalar A.\u015e.) karbon ayak izini azaltmak y\u00f6n\u00fcnde \u00f6rnek bir ad\u0131m att\u0131. B\u0130M depolar\u0131nda kullan\u0131lan enerjinin \u00e7ok b\u00fcy\u00fck k\u0131sm\u0131 g\u00fcne\u015f enerjisinden sa\u011flanacak.<img loading=\"lazy\" class=\"alignright wp-image-115725\" src=\"https:\/\/www.enerjigazetesi.ist\/wp-content\/uploads\/2020\/06\/bim-enerjisini-gunesten-almaya-basladi.jpg\" alt=\"\" width=\"320\" height=\"166\" srcset=\"https:\/\/www.enerjigazetesi.ist\/wp-content\/uploads\/2020\/06\/bim-enerjisini-gunesten-almaya-basladi.jpg 939w, https:\/\/www.enerjigazetesi.ist\/wp-content\/uploads\/2020\/06\/bim-enerjisini-gunesten-almaya-basladi-300x156.jpg 300w, https:\/\/www.enerjigazetesi.ist\/wp-content\/uploads\/2020\/06\/bim-enerjisini-gunesten-almaya-basladi-768x399.jpg 768w, https:\/\/www.enerjigazetesi.ist\/wp-content\/uploads\/2020\/06\/bim-enerjisini-gunesten-almaya-basladi-500x260.jpg 500w, https:\/\/www.enerjigazetesi.ist\/wp-content\/uploads\/2020\/06\/bim-enerjisini-gunesten-almaya-basladi-80x42.jpg 80w\" sizes=\"(max-width: 320px) 100vw, 320px\" \/><\/h1>\n<p>Hi\u00e7bir \u015fekilde <strong>arsa veya arazi i\u015fgal<\/strong> etmeden, <strong>depolar\u0131n \u00e7at\u0131lar\u0131na kurulacak<\/strong> GES sistemi ile g\u00fcne\u015f enerjisi \u00fcretilecek. Bunun ilk uygulamas\u0131 <strong>B\u0130M\u2019in Batman deposu<\/strong>nda ger\u00e7ekle\u015ftirildi. <strong>Depo \u00e7at\u0131s\u0131<\/strong>n\u0131n <strong>%30\u2019luk<\/strong> b\u00f6l\u00fcm\u00fc kullan\u0131larak depo enerji gereksiniminin <strong>%70\u2019i<\/strong> buradan kar\u015f\u0131lan\u0131yor. <strong>Batman depo \u00e7at\u0131s\u0131<\/strong>n\u0131n tamam\u0131ndan enerji al\u0131nmas\u0131 sa\u011fland\u0131\u011f\u0131nda <strong>b\u00f6lge ma\u011fazalar\u0131<\/strong>n\u0131n da e<strong>nerji ihtiyac\u0131<\/strong> kar\u015f\u0131lanabilecek. Bunun ger\u00e7ekle\u015fmesi i\u00e7in <strong>ilgili otoritelerle g\u00f6r\u00fc\u015fmeler<\/strong> devam ediyor. Yurt genelindeki <strong>di\u011fer depolarda da projeler tamamland\u0131k\u00e7a<\/strong> g\u00fcne\u015f enerjisi devreye al\u0131nacak.<\/p>\n<h2><strong>\u00c7evrenin korunmas\u0131na \u00f6nemli katk\u0131<\/strong><\/h2>\n<p><strong>B\u0130M<\/strong>\u00a0bu projeyle\u00a0<strong>karbon ayak izini azaltarak<\/strong> \u00e7evreyi koruyor ve \u00fclke ekonomisine katk\u0131 sa\u011fl\u0131yor. <strong>Batman<\/strong>\u2019daki g\u00fcne\u015f enerjisi uygulamas\u0131yla <strong>karbon sal\u0131m\u0131nda<\/strong> y\u0131lda <strong>287,621 ton azalma<\/strong> olaca\u011f\u0131 ve etkinin <strong>4.600\u2019den fazla a\u011fa\u00e7<\/strong> kazan\u0131m\u0131na denk d\u00fc\u015fece\u011fi \u00f6l\u00e7\u00fcl\u00fcyor.<\/p>","protected":false},"excerpt":{"rendered":"<p>Sorry, this entry is only available in Turkish. For the sake of viewer convenience, the content is shown below in the alternative language. You may click the link to switch the active language. Perakende sekt\u00f6r\u00fcn\u00fcn lideri B\u0130M (B\u0130M\u00a0Birle\u015fik Ma\u011fazalar A.\u015e.) karbon ayak izini azaltmak y\u00f6n\u00fcnde \u00f6rnek bir ad\u0131m att\u0131. B\u0130M depolar\u0131nda kullan\u0131lan enerjinin \u00e7ok b\u00fcy\u00fck [&hellip;]<\/p>\n","protected":false},"author":1,"featured_media":115725,"comment_status":"open","ping_status":"open","sticky":false,"template":"","format":"standard","meta":[],"categories":[51,53,49],"tags":[74248,74245,74247,74246,53114,5070,52259,53157,37486,74244],"views":166,"_links":{"self":[{"href":"https:\/\/www.enerjigazetesi.ist\/en\/wp-json\/wp\/v2\/posts\/115718"}],"collection":[{"href":"https:\/\/www.enerjigazetesi.ist\/en\/wp-json\/wp\/v2\/posts"}],"about":[{"href":"https:\/\/www.enerjigazetesi.ist\/en\/wp-json\/wp\/v2\/types\/post"}],"author":[{"embeddable":true,"href":"https:\/\/www.enerjigazetesi.ist\/en\/wp-json\/wp\/v2\/users\/1"}],"replies":[{"embeddable":true,"href":"https:\/\/www.enerjigazetesi.ist\/en\/wp-json\/wp\/v2\/comments?post=115718"}],"version-history":[{"count":0,"href":"https:\/\/www.enerjigazetesi.ist\/en\/wp-json\/wp\/v2\/posts\/115718\/revisions"}],"wp:featuredmedia":[{"embeddable":true,"href":"https:\/\/www.enerjigazetesi.ist\/en\/wp-json\/wp\/v2\/media\/115725"}],"wp:attachment":[{"href":"https:\/\/www.enerjigazetesi.ist\/en\/wp-json\/wp\/v2\/media?parent=115718"}],"wp:term":[{"taxonomy":"category","embeddable":true,"href":"https:\/\/www.enerjigazetesi.ist\/en\/wp-json\/wp\/v2\/categories?post=115718"},{"taxonomy":"post_tag","embeddable":true,"href":"https:\/\/www.enerjigazetesi.ist\/en\/wp-json\/wp\/v2\/tags?post=115718"}],"curies":[{"name":"wp","href":"https:\/\/api.w.org\/{rel}","templated":true}]}}