{"id":115616,"date":"2020-06-20T04:44:41","date_gmt":"2020-06-20T01:44:41","guid":{"rendered":"https:\/\/www.enerjigazetesi.ist\/?p=115616"},"modified":"2020-06-20T04:46:58","modified_gmt":"2020-06-20T01:46:58","slug":"teias-tan-yerine-getirilemeyen-bazi-yukumlulukler-icin-6-ay-uzatma-hakki","status":"publish","type":"post","link":"https:\/\/www.enerjigazetesi.ist\/en\/teias-tan-yerine-getirilemeyen-bazi-yukumlulukler-icin-6-ay-uzatma-hakki\/","title":{"rendered":"(Turkish) &#8217;TE\u0130A\u015e&#8217; Yerine Getirilemeyen Baz\u0131 Y\u00fck\u00fcml\u00fcl\u00fcklere 6 Ay Uzatma Hakk\u0131 Verdi"},"content":{"rendered":"<p class=\"qtranxs-available-languages-message qtranxs-available-languages-message-en\">Sorry, this entry is only available in <a href=\"https:\/\/www.enerjigazetesi.ist\/tr\/wp-json\/wp\/v2\/posts\/115616\" class=\"qtranxs-available-language-link qtranxs-available-language-link-tr\" title=\"Turkish\">Turkish<\/a>. For the sake of viewer convenience, the content is shown below in the alternative language. You may click the link to switch the active language.<\/p><p><\/p>\n<h1><strong>T\u00fcrkiye Elektrik \u0130letim A.\u015e. (TE\u0130A\u015e) taraf\u0131ndan koronavir\u00fcs salg\u0131n\u0131 nedeniyle seyahat k\u0131s\u0131tlamas\u0131ndan dolay\u0131 yerine getirilemeyen baz\u0131 y\u00fck\u00fcml\u00fcl\u00fckler i\u00e7in 6 ay s\u00fcre uzat\u0131m\u0131 hakk\u0131 verilmesine y\u00f6nelik duyuru web sitesinde yay\u0131mland\u0131.<\/strong><\/h1>\n<p><strong>TE\u0130A\u015e<\/strong>\u2019\u0131n yapt\u0131\u011f\u0131 resmi a\u00e7\u0131klama <span style=\"text-decoration: underline;\">\u015fu \u015fekildedir:<\/span><\/p>\n<p><em>&#8220;Bilindi\u011fi \u00fczere, \u00dclkemizde de etkili olan<strong> Covid-19 salg\u0131n\u0131<\/strong>na kar\u015f\u0131 al\u0131nan tedbirlerden biri de \u015fehirleraras\u0131 seyahat k\u0131s\u0131tlamas\u0131d\u0131r.\u00a0<strong>EPDK<\/strong>\u2019n\u0131n <strong>4.6.2020<\/strong> tarihli ve <strong>9374 say\u0131l\u0131<\/strong> Kurul Karar\u0131 ile s\u00f6z <img loading=\"lazy\" class=\"alignright wp-image-115619\" src=\"https:\/\/www.enerjigazetesi.ist\/wp-content\/uploads\/2020\/06\/teias-tan-yerine-getirilemeyen-bazi-yukumlulukler-icin-6-ay-uzatma-hakki.jpg\" alt=\"\" width=\"320\" height=\"196\" srcset=\"https:\/\/www.enerjigazetesi.ist\/wp-content\/uploads\/2020\/06\/teias-tan-yerine-getirilemeyen-bazi-yukumlulukler-icin-6-ay-uzatma-hakki.jpg 727w, https:\/\/www.enerjigazetesi.ist\/wp-content\/uploads\/2020\/06\/teias-tan-yerine-getirilemeyen-bazi-yukumlulukler-icin-6-ay-uzatma-hakki-300x184.jpg 300w, https:\/\/www.enerjigazetesi.ist\/wp-content\/uploads\/2020\/06\/teias-tan-yerine-getirilemeyen-bazi-yukumlulukler-icin-6-ay-uzatma-hakki-500x306.jpg 500w, https:\/\/www.enerjigazetesi.ist\/wp-content\/uploads\/2020\/06\/teias-tan-yerine-getirilemeyen-bazi-yukumlulukler-icin-6-ay-uzatma-hakki-80x50.jpg 80w\" sizes=\"(max-width: 320px) 100vw, 320px\" \/>konusu k\u0131s\u0131tlama nedeniyle <strong>\u00fcretim lisans\u0131 sahiplerinin<\/strong> \u00fcretim tesislerine ili\u015fkin <strong>yan hizmet test y\u00fck\u00fcml\u00fcl\u00fcklerini<\/strong> yerine getirememesi \u00fczerine, salg\u0131n sebebiyle al\u0131nan tedbirlerin <strong>Elektrik Piyasas\u0131 Lisans Y\u00f6netmeli\u011fi&#8217;<\/strong>nin <strong>35\u2019inci<\/strong> maddesi kapsam\u0131nda <strong>m\u00fccbir sebep olarak<\/strong> kabul edildi\u011fi belirtilmi\u015f olup bu kapsamda <span style=\"text-decoration: underline;\">\u00fcretim tesislerine y\u00f6nelik;<\/span><\/em><\/p>\n<p><em>\u2013 <strong>Elektrik \u015eebeke Y\u00f6netmeli\u011fi<\/strong>&#8216;nin 36\u2019\u0131nc\u0131 maddesinin be\u015finci f\u0131kras\u0131 kapsam\u0131nda<strong> reaktif g\u00fc\u00e7 destek hizmeti yan hizmet sertifikas\u0131<\/strong> sunma y\u00fck\u00fcml\u00fcl\u00fc\u011f\u00fc,<\/em><\/p>\n<p><em>\u2013 Primer Frekans Kontrol Rezerv Tedarik S\u00fcreci Kat\u0131l\u0131m Anla\u015fmas\u0131 kapsam\u0131nda <strong>Primer Frekans Kontrol Test Sertifikas\u0131<\/strong>n\u0131 en ge\u00e7 5 (be\u015f) y\u0131l i\u00e7inde yenileme y\u00fck\u00fcml\u00fcl\u00fc\u011f\u00fc,<\/em><\/p>\n<p><em>\u2013 Sekonder Frekans Kontrol Rezerv Tedarik S\u00fcreci Kat\u0131l\u0131m Anla\u015fmas\u0131 kapsam\u0131nda <strong>Sekonder Frekans Kontrol Performans Test Raporu<\/strong>nu en ge\u00e7 <strong>5 (be\u015f) y\u0131l<\/strong> i\u00e7inde yenileme y\u00fck\u00fcml\u00fcl\u00fc\u011f\u00fc,<\/em><\/p>\n<p><em>s\u00fcreleri <strong>10.3.2020<\/strong> ile <strong>31.12.2020<\/strong> tarihleri aras\u0131nda <strong>sona eren\/erecek olan<\/strong> \u00fcretim lisans\u0131 sahibi <strong>t\u00fczel ki\u015filerin<\/strong> s\u00f6z konusu y\u00fck\u00fcml\u00fcl\u00fcklerinin herhangi bir i\u015fleme gerek kalmaks\u0131z\u0131n <strong>6 (alt\u0131) ay<\/strong> uzat\u0131lm\u0131\u015ft\u0131r.&#8221;<\/em><\/p>","protected":false},"excerpt":{"rendered":"<p>Sorry, this entry is only available in Turkish. For the sake of viewer convenience, the content is shown below in the alternative language. You may click the link to switch the active language. T\u00fcrkiye Elektrik \u0130letim A.\u015e. (TE\u0130A\u015e) taraf\u0131ndan koronavir\u00fcs salg\u0131n\u0131 nedeniyle seyahat k\u0131s\u0131tlamas\u0131ndan dolay\u0131 yerine getirilemeyen baz\u0131 y\u00fck\u00fcml\u00fcl\u00fckler i\u00e7in 6 ay s\u00fcre uzat\u0131m\u0131 hakk\u0131 [&hellip;]<\/p>\n","protected":false},"author":1,"featured_media":115619,"comment_status":"open","ping_status":"open","sticky":false,"template":"","format":"standard","meta":[],"categories":[51,53],"tags":[74151,71090,10136,52674,52259,750,74150,69696,20907,74153,74152,74154,74149,47585],"views":174,"_links":{"self":[{"href":"https:\/\/www.enerjigazetesi.ist\/en\/wp-json\/wp\/v2\/posts\/115616"}],"collection":[{"href":"https:\/\/www.enerjigazetesi.ist\/en\/wp-json\/wp\/v2\/posts"}],"about":[{"href":"https:\/\/www.enerjigazetesi.ist\/en\/wp-json\/wp\/v2\/types\/post"}],"author":[{"embeddable":true,"href":"https:\/\/www.enerjigazetesi.ist\/en\/wp-json\/wp\/v2\/users\/1"}],"replies":[{"embeddable":true,"href":"https:\/\/www.enerjigazetesi.ist\/en\/wp-json\/wp\/v2\/comments?post=115616"}],"version-history":[{"count":0,"href":"https:\/\/www.enerjigazetesi.ist\/en\/wp-json\/wp\/v2\/posts\/115616\/revisions"}],"wp:featuredmedia":[{"embeddable":true,"href":"https:\/\/www.enerjigazetesi.ist\/en\/wp-json\/wp\/v2\/media\/115619"}],"wp:attachment":[{"href":"https:\/\/www.enerjigazetesi.ist\/en\/wp-json\/wp\/v2\/media?parent=115616"}],"wp:term":[{"taxonomy":"category","embeddable":true,"href":"https:\/\/www.enerjigazetesi.ist\/en\/wp-json\/wp\/v2\/categories?post=115616"},{"taxonomy":"post_tag","embeddable":true,"href":"https:\/\/www.enerjigazetesi.ist\/en\/wp-json\/wp\/v2\/tags?post=115616"}],"curies":[{"name":"wp","href":"https:\/\/api.w.org\/{rel}","templated":true}]}}