{"id":11556,"date":"2013-06-04T16:50:05","date_gmt":"2013-06-04T13:50:05","guid":{"rendered":"https:\/\/www.enerjigazetesi.ist\/?p=11556"},"modified":"2013-06-04T16:50:05","modified_gmt":"2013-06-04T13:50:05","slug":"calik-enerji-gurcistanda-kuracagi-gaz-santraline-ortak-da-oluyor","status":"publish","type":"post","link":"https:\/\/www.enerjigazetesi.ist\/en\/calik-enerji-gurcistanda-kuracagi-gaz-santraline-ortak-da-oluyor\/","title":{"rendered":"(Turkish) \u00c7al\u0131k Enerji, G\u00fcrcistan`da Kuraca\u011f\u0131 Gaz Santraline Ortak da Oluyor"},"content":{"rendered":"<p class=\"qtranxs-available-languages-message qtranxs-available-languages-message-en\">Sorry, this entry is only available in <a href=\"https:\/\/www.enerjigazetesi.ist\/tr\/wp-json\/wp\/v2\/posts\/11556\" class=\"qtranxs-available-language-link qtranxs-available-language-link-tr\" title=\"Turkish\">Turkish<\/a>. For the sake of viewer convenience, the content is shown below in the alternative language. You may click the link to switch the active language.<\/p><p><strong>\u00c7al\u0131k Enerji, G\u00fcrcistan`da kurulumunu \u00fcstlendi\u011fi do\u011falgaz projesinde yat\u0131r\u0131mc\u0131 olarak da yer alacak.\u00a0<\/strong><\/p>\n<p>Sabah Gazetesi`nin haberine g\u00f6re, Aral\u0131k 2012`te G\u00fcrcistan`da do\u011falgaz santrali kurmak \u00fczere el s\u0131k\u0131\u015fan \u00c7al\u0131k Holding`in Y\u00f6netim Kurulu Ba\u015fkan\u0131 Ahmet \u00c7al\u0131k ve G\u00fcrcistan Ba\u015fbakan\u0131 Bidzina \u0130vani\u015fvili, Tiflis`te ger\u00e7ekle\u015fen ikinci g\u00f6r\u00fc\u015fmenin ard\u0131ndan \u00c7al\u0131k Enerji`nin, projede ayn\u0131 zamanda yat\u0131r\u0131mc\u0131 olmas\u0131 konusunda da mutab\u0131k kald\u0131.<a href=\"https:\/\/www.enerjigazetesi.ist\/wp-content\/uploads\/2013\/04\/ahmet-calik-enerji-sektoru-halka-acilma.jpg\"><img loading=\"lazy\" class=\"alignright size-medium wp-image-9151\" title=\"calik-enerji-gurcistanda-kuracagi-gaz-santraline-ortak\" src=\"https:\/\/www.enerjigazetesi.ist\/wp-content\/uploads\/2013\/04\/ahmet-calik-enerji-sektoru-halka-acilma-300x210.jpg\" alt=\"\" width=\"300\" height=\"210\" srcset=\"https:\/\/www.enerjigazetesi.ist\/wp-content\/uploads\/2013\/04\/ahmet-calik-enerji-sektoru-halka-acilma-300x210.jpg 300w, https:\/\/www.enerjigazetesi.ist\/wp-content\/uploads\/2013\/04\/ahmet-calik-enerji-sektoru-halka-acilma-500x350.jpg 500w, https:\/\/www.enerjigazetesi.ist\/wp-content\/uploads\/2013\/04\/ahmet-calik-enerji-sektoru-halka-acilma-71x50.jpg 71w, https:\/\/www.enerjigazetesi.ist\/wp-content\/uploads\/2013\/04\/ahmet-calik-enerji-sektoru-halka-acilma.jpg 549w\" sizes=\"(max-width: 300px) 100vw, 300px\" \/><\/a><\/p>\n<p>&#8220;Bu bir ba\u015flang\u0131\u00e7.T\u00fcrkiye ve di\u011fer \u00fclkelerdeki i\u015f ortaklar\u0131m\u0131z\u0131 da buraya getirmeye \u00e7al\u0131\u015faca\u011f\u0131z. G\u00fcrcistan`\u0131n potansiyelinin fark\u0131nday\u0131z&#8221; diyen Ahmet \u00c7al\u0131k, yat\u0131r\u0131mlar\u0131n artaca\u011f\u0131 sinyalini verdi.<\/p>\n<p>\u00c7al\u0131k Enerji Genel M\u00fcd\u00fcr\u00fc Osman Saim Din\u00e7, eski bir i\u015fadam\u0131 olan \u0130vani\u015fvili ve \u00c7al\u0131k Enerji`nin i\u015f prensibindeki kimyan\u0131n uyu\u015ftu\u011funa dikkat \u00e7ekerek \u015f\u00f6yle dedi: &#8220;Ge\u00e7en y\u0131l imzalanan 230 milyon dolar de\u011ferindeki 230 megavatl\u0131k do\u011falgaz kombine \u00e7evrim santrali anla\u015fmas\u0131n\u0131n \u00e7al\u0131\u015fmalar\u0131 alt\u0131 ay \u00f6nce ba\u015flad\u0131.<\/p>\n<p>1.5 y\u0131l sonra tamamlanmas\u0131 bekleniyor. Bize, proje sahibi olmam\u0131z\u0131n yan\u0131 s\u0131ra, projenin yat\u0131r\u0131mc\u0131s\u0131 olmam\u0131z da teklif edildi. Tiflis`e 35 km uzakl\u0131ktaki, Gardabani`de kurulacak santrali 25 y\u0131l boyunca da i\u015fletece\u011fiz. Burada \u00fcretilen enerji, \u00fclkenin 6-8 ayl\u0131k ihtiyac\u0131n\u0131 kar\u015f\u0131layacak. 4-6 ayl\u0131k ihtiya\u00e7 fazlas\u0131ysa, a\u00e7\u0131l\u0131\u015f\u0131 resmen \u00f6n\u00fcm\u00fczdeki g\u00fcnlerde yap\u0131lacak T\u00fcrkiye-G\u00fcrcistan aras\u0131ndaki bin megavatl\u0131k enerji hatt\u0131 \u00fczerinden T\u00fcrkiye`de pazarlanacak&#8221; dedi.<\/p>\n<p>Kaynak: <a href=\"http:\/\/enerjigunlugu.net\/calik-enerji-gurcistanda-kuracagi-gaz-santraline-o_3801.html\" target=\"_blank\">Enerji G\u00fcnl\u00fc\u011f\u00fc<\/a><\/p>\n<p><!-- Di\u011fer Fotolar --><\/p>","protected":false},"excerpt":{"rendered":"<p>Sorry, this entry is only available in Turkish. For the sake of viewer convenience, the content is shown below in the alternative language. You may click the link to switch the active language.\u00c7al\u0131k Enerji, G\u00fcrcistan`da kurulumunu \u00fcstlendi\u011fi do\u011falgaz projesinde yat\u0131r\u0131mc\u0131 olarak da yer alacak.\u00a0 Sabah Gazetesi`nin haberine g\u00f6re, Aral\u0131k 2012`te G\u00fcrcistan`da do\u011falgaz santrali kurmak \u00fczere [&hellip;]<\/p>\n","protected":false},"author":1,"featured_media":9151,"comment_status":"open","ping_status":"open","sticky":false,"template":"","format":"standard","meta":[],"categories":[46,53],"tags":[598,5763,4725,63,67,165,18,5764,3405],"views":849,"_links":{"self":[{"href":"https:\/\/www.enerjigazetesi.ist\/en\/wp-json\/wp\/v2\/posts\/11556"}],"collection":[{"href":"https:\/\/www.enerjigazetesi.ist\/en\/wp-json\/wp\/v2\/posts"}],"about":[{"href":"https:\/\/www.enerjigazetesi.ist\/en\/wp-json\/wp\/v2\/types\/post"}],"author":[{"embeddable":true,"href":"https:\/\/www.enerjigazetesi.ist\/en\/wp-json\/wp\/v2\/users\/1"}],"replies":[{"embeddable":true,"href":"https:\/\/www.enerjigazetesi.ist\/en\/wp-json\/wp\/v2\/comments?post=11556"}],"version-history":[{"count":1,"href":"https:\/\/www.enerjigazetesi.ist\/en\/wp-json\/wp\/v2\/posts\/11556\/revisions"}],"predecessor-version":[{"id":11557,"href":"https:\/\/www.enerjigazetesi.ist\/en\/wp-json\/wp\/v2\/posts\/11556\/revisions\/11557"}],"wp:featuredmedia":[{"embeddable":true,"href":"https:\/\/www.enerjigazetesi.ist\/en\/wp-json\/wp\/v2\/media\/9151"}],"wp:attachment":[{"href":"https:\/\/www.enerjigazetesi.ist\/en\/wp-json\/wp\/v2\/media?parent=11556"}],"wp:term":[{"taxonomy":"category","embeddable":true,"href":"https:\/\/www.enerjigazetesi.ist\/en\/wp-json\/wp\/v2\/categories?post=11556"},{"taxonomy":"post_tag","embeddable":true,"href":"https:\/\/www.enerjigazetesi.ist\/en\/wp-json\/wp\/v2\/tags?post=11556"}],"curies":[{"name":"wp","href":"https:\/\/api.w.org\/{rel}","templated":true}]}}