{"id":115443,"date":"2020-06-17T10:24:08","date_gmt":"2020-06-17T07:24:08","guid":{"rendered":"https:\/\/www.enerjigazetesi.ist\/?p=115443"},"modified":"2020-06-17T10:24:30","modified_gmt":"2020-06-17T07:24:30","slug":"hakan-yildirim-sanko-enerji-ailesine-katildi","status":"publish","type":"post","link":"https:\/\/www.enerjigazetesi.ist\/en\/hakan-yildirim-sanko-enerji-ailesine-katildi\/","title":{"rendered":"(Turkish) Hakan Y\u0131ld\u0131r\u0131m &#8216;Sanko Enerji&#8217; Ailesine Kat\u0131ld\u0131"},"content":{"rendered":"<p class=\"qtranxs-available-languages-message qtranxs-available-languages-message-en\">Sorry, this entry is only available in <a href=\"https:\/\/www.enerjigazetesi.ist\/tr\/wp-json\/wp\/v2\/posts\/115443\" class=\"qtranxs-available-language-link qtranxs-available-language-link-tr\" title=\"Turkish\">Turkish<\/a>. For the sake of viewer convenience, the content is shown below in the alternative language. You may click the link to switch the active language.<\/p><p><\/p>\n<h1>Hakan Y\u0131ld\u0131r\u0131m Sanko Enerji&#8217;ye Genel <img loading=\"lazy\" class=\"alignright wp-image-115446\" src=\"https:\/\/www.enerjigazetesi.ist\/wp-content\/uploads\/2020\/06\/hakan-yildirim-sanko-enerji-ailesine-katildi.jpg\" alt=\"\" width=\"320\" height=\"479\" srcset=\"https:\/\/www.enerjigazetesi.ist\/wp-content\/uploads\/2020\/06\/hakan-yildirim-sanko-enerji-ailesine-katildi.jpg 326w, https:\/\/www.enerjigazetesi.ist\/wp-content\/uploads\/2020\/06\/hakan-yildirim-sanko-enerji-ailesine-katildi-200x300.jpg 200w, https:\/\/www.enerjigazetesi.ist\/wp-content\/uploads\/2020\/06\/hakan-yildirim-sanko-enerji-ailesine-katildi-267x400.jpg 267w, https:\/\/www.enerjigazetesi.ist\/wp-content\/uploads\/2020\/06\/hakan-yildirim-sanko-enerji-ailesine-katildi-33x50.jpg 33w\" sizes=\"(max-width: 320px) 100vw, 320px\" \/>M\u00fcd\u00fcr Yard\u0131mc\u0131s\u0131 olarak atand\u0131.<\/h1>\n<p>Halihaz\u0131rda T\u00fcrkiye R\u00fczg\u00e2r Enerjisi Birli\u011fi Ba\u015fkan\u0131 olan Y\u0131ld\u0131r\u0131m, 2019-2020 d\u00f6neminde DE\u0130K (D\u0131\u015f Ekonomik \u0130li\u015fkiler Kurulu) Enerji \u0130\u015f Konseyi Ba\u015fkanl\u0131\u011f\u0131 yapm\u0131\u015ft\u0131r. 1998 y\u0131l\u0131nda ASELSAN\u2019da i\u015f hayat\u0131na ba\u015flayan Y\u0131ld\u0131r\u0131m, ard\u0131ndan Gama G\u00fc\u00e7 Sistemlerinde do\u011falgaz boru hatlar\u0131, kombine \u00e7evrim santralleri, k\u00f6m\u00fcr santralleri projelerinde saha m\u00fchendisi olarak \u00e7al\u0131\u015fm\u0131\u015ft\u0131r.<\/p>\n<p>Hakan Y\u0131ld\u0131r\u0131m, 2005 senesinde Siemens T\u00fcrkiye\u2019de proje y\u00f6neticisi olarak \u00e7al\u0131\u015fmaya ba\u015flam\u0131\u015f, 2018\u2019de Siemens Gamesa T\u00fcrkiye Y\u00f6netim Kurulu Ba\u015fkan\u0131 ve CEO\u2019su iken Siemens\u2019ten ayr\u0131lmas\u0131n\u0131n ard\u0131ndan 2018-2020 y\u0131llar\u0131 aras\u0131nda Kalyon Enerji Yat\u0131r\u0131m A\u015e\u2019de CEO olarak g\u00f6rev yapm\u0131\u015ft\u0131r.<\/p>\n<p>Ortado\u011fu Teknik \u00dcniversitesi Elektrik Elektronik M\u00fchendisli\u011fi B\u00f6l\u00fcm\u00fcnden mezun olduktan sonra y\u00fcksek lisans\u0131n\u0131 i\u015fletme alan\u0131nda Bo\u011fazi\u00e7i \u00dcniversitesinde tamamlayan Y\u0131ld\u0131r\u0131m, evli ve iki \u00e7ocuk babas\u0131d\u0131r.<\/p>\n<p><strong>Ziya Erdem<\/strong>\u2019in CEO olarak atanmas\u0131n\u0131n ard\u0131ndan yap\u0131lan bu atama, <strong>Sanko Enerji<\/strong>&#8216;nin sekt\u00f6rde kararl\u0131 ad\u0131mlarla b\u00fcy\u00fcd\u00fc\u011f\u00fcn\u00fc g\u00f6steriyor.<\/p>","protected":false},"excerpt":{"rendered":"<p>Sorry, this entry is only available in Turkish. For the sake of viewer convenience, the content is shown below in the alternative language. You may click the link to switch the active language. Hakan Y\u0131ld\u0131r\u0131m Sanko Enerji&#8217;ye Genel M\u00fcd\u00fcr Yard\u0131mc\u0131s\u0131 olarak atand\u0131. Halihaz\u0131rda T\u00fcrkiye R\u00fczg\u00e2r Enerjisi Birli\u011fi Ba\u015fkan\u0131 olan Y\u0131ld\u0131r\u0131m, 2019-2020 d\u00f6neminde DE\u0130K (D\u0131\u015f Ekonomik [&hellip;]<\/p>\n","protected":false},"author":1,"featured_media":115448,"comment_status":"open","ping_status":"open","sticky":false,"template":"","format":"standard","meta":[],"categories":[51,53,47,48,50],"tags":[25180,52259,61656,7043,26043,26044,73926,16077,36184,5714,35002,53282,25055,54979],"views":200,"_links":{"self":[{"href":"https:\/\/www.enerjigazetesi.ist\/en\/wp-json\/wp\/v2\/posts\/115443"}],"collection":[{"href":"https:\/\/www.enerjigazetesi.ist\/en\/wp-json\/wp\/v2\/posts"}],"about":[{"href":"https:\/\/www.enerjigazetesi.ist\/en\/wp-json\/wp\/v2\/types\/post"}],"author":[{"embeddable":true,"href":"https:\/\/www.enerjigazetesi.ist\/en\/wp-json\/wp\/v2\/users\/1"}],"replies":[{"embeddable":true,"href":"https:\/\/www.enerjigazetesi.ist\/en\/wp-json\/wp\/v2\/comments?post=115443"}],"version-history":[{"count":0,"href":"https:\/\/www.enerjigazetesi.ist\/en\/wp-json\/wp\/v2\/posts\/115443\/revisions"}],"wp:featuredmedia":[{"embeddable":true,"href":"https:\/\/www.enerjigazetesi.ist\/en\/wp-json\/wp\/v2\/media\/115448"}],"wp:attachment":[{"href":"https:\/\/www.enerjigazetesi.ist\/en\/wp-json\/wp\/v2\/media?parent=115443"}],"wp:term":[{"taxonomy":"category","embeddable":true,"href":"https:\/\/www.enerjigazetesi.ist\/en\/wp-json\/wp\/v2\/categories?post=115443"},{"taxonomy":"post_tag","embeddable":true,"href":"https:\/\/www.enerjigazetesi.ist\/en\/wp-json\/wp\/v2\/tags?post=115443"}],"curies":[{"name":"wp","href":"https:\/\/api.w.org\/{rel}","templated":true}]}}