{"id":115354,"date":"2020-06-15T21:26:13","date_gmt":"2020-06-15T18:26:13","guid":{"rendered":"https:\/\/www.enerjigazetesi.ist\/?p=115354"},"modified":"2020-06-15T21:26:13","modified_gmt":"2020-06-15T18:26:13","slug":"imamoglu-istanbul-icin-yuzde-100-yenilenebilir-enerji-hedefi-belirleyecegiz","status":"publish","type":"post","link":"https:\/\/www.enerjigazetesi.ist\/en\/imamoglu-istanbul-icin-yuzde-100-yenilenebilir-enerji-hedefi-belirleyecegiz\/","title":{"rendered":"(Turkish) \u0130mamo\u011flu: &#8220;\u0130stanbul \u0130\u00e7in %100 Yenilenebilir Enerji Hedefi Belirleyece\u011fiz&#8221;"},"content":{"rendered":"<p class=\"qtranxs-available-languages-message qtranxs-available-languages-message-en\">Sorry, this entry is only available in <a href=\"https:\/\/www.enerjigazetesi.ist\/tr\/wp-json\/wp\/v2\/posts\/115354\" class=\"qtranxs-available-language-link qtranxs-available-language-link-tr\" title=\"Turkish\">Turkish<\/a>. For the sake of viewer convenience, the content is shown below in the alternative language. You may click the link to switch the active language.<\/p><p><\/p>\n<h1 class=\"md-end-block md-p md-focus\"><span class=\"md-plain\">\u0130stanbul B\u00fcy\u00fck\u015fehir Belediyesi Ba\u015fkan\u0131 Ekrem \u0130mamo\u011flu taraf\u0131ndan Avrupa Yenilenebilir Enerji Birli\u011fi T\u00fcrkiye B\u00f6l\u00fcm\u00fc EUROSOLAR taraf\u0131ndan bu y\u0131l 10\u2019uncusu d\u00fczenlenen ve \u00e7evrimi\u00e7i olarak ger\u00e7ekle\u015ftirilen IRENEC Uluslararas\u0131 %100 Yenilenebilir Enerji konferans\u0131na kat\u0131l\u0131m <img loading=\"lazy\" class=\"alignright wp-image-115356\" src=\"https:\/\/www.enerjigazetesi.ist\/wp-content\/uploads\/2020\/06\/imamoglu-istanbul-icin-yuzde-100-yenilenebilir-enerji-hedefi-belirleyecegiz.jpg\" alt=\"\" width=\"320\" height=\"185\" srcset=\"https:\/\/www.enerjigazetesi.ist\/wp-content\/uploads\/2020\/06\/imamoglu-istanbul-icin-yuzde-100-yenilenebilir-enerji-hedefi-belirleyecegiz.jpg 588w, https:\/\/www.enerjigazetesi.ist\/wp-content\/uploads\/2020\/06\/imamoglu-istanbul-icin-yuzde-100-yenilenebilir-enerji-hedefi-belirleyecegiz-300x173.jpg 300w, https:\/\/www.enerjigazetesi.ist\/wp-content\/uploads\/2020\/06\/imamoglu-istanbul-icin-yuzde-100-yenilenebilir-enerji-hedefi-belirleyecegiz-500x289.jpg 500w, https:\/\/www.enerjigazetesi.ist\/wp-content\/uploads\/2020\/06\/imamoglu-istanbul-icin-yuzde-100-yenilenebilir-enerji-hedefi-belirleyecegiz-80x46.jpg 80w\" sizes=\"(max-width: 320px) 100vw, 320px\" \/>sa\u011flanarak a\u00e7\u0131l\u0131\u015f konu\u015fmas\u0131 yap\u0131ld\u0131.<\/span><\/h1>\n<p class=\"md-end-block md-p\"><span class=\"md-plain\">\u0130mamo\u011flu yapt\u0131\u011f\u0131 konu\u015fmas\u0131nda <strong>\u0130stanbul B\u00fcy\u00fck\u015fehir Belediyesi<\/strong>\u2019nin halihaz\u0131rda elektrik t\u00fcketiminin <strong>binde \u00fc\u00e7 oran\u0131<\/strong>nda <strong>yenilenebilir enerji kaynaklar\u0131<\/strong>ndan sa\u011flad\u0131\u011f\u0131n\u0131, bu oran\u0131<strong> g\u00f6rev s\u00fcresinin sonu<\/strong> olan <strong>2024\u2019te<\/strong> <strong>% 18<\/strong> seviyesine \u00e7\u0131karmay\u0131 hedeflediklerini dile getirdi.<\/span><\/p>\n<p class=\"md-end-block md-p\"><span class=\"md-plain\">Ayr\u0131ca \u0130mamo\u011flu ayr\u0131ca k\u0131sa bir s\u00fcre i\u00e7inde \u0130stanbul ad\u0131na<strong> %100 yenilenebilir enerji<\/strong> hedefi i\u00e7in hangi y\u0131l\u0131n belirlendi\u011fini <strong>bir deklarasyon ile duyurmak<\/strong> istediklerini de belirtti.<\/span><\/p>\n<p class=\"md-end-block md-p\"><span class=\"md-plain\">\u0130stanbul B\u00fcy\u00fck\u015fehir Belediyesi Ba\u015fkan\u0131 \u0130mamo\u011flu \u015fehir ad\u0131na imza at\u0131lan <strong>bu deklarasyon sayesinde<\/strong> daha sonra g\u00f6reve gelen y\u00f6netimlerin <strong>ayn\u0131 hedefe do\u011fru y\u00fcr\u00fcmesini<\/strong> sa\u011flamak istediklerini de s\u00f6yledi.<\/span><\/p>\n<p><\/p>","protected":false},"excerpt":{"rendered":"<p>Sorry, this entry is only available in Turkish. For the sake of viewer convenience, the content is shown below in the alternative language. You may click the link to switch the active language. \u0130stanbul B\u00fcy\u00fck\u015fehir Belediyesi Ba\u015fkan\u0131 Ekrem \u0130mamo\u011flu taraf\u0131ndan Avrupa Yenilenebilir Enerji Birli\u011fi T\u00fcrkiye B\u00f6l\u00fcm\u00fc EUROSOLAR taraf\u0131ndan bu y\u0131l 10\u2019uncusu d\u00fczenlenen ve \u00e7evrimi\u00e7i olarak [&hellip;]<\/p>\n","protected":false},"author":1,"featured_media":115356,"comment_status":"open","ping_status":"open","sticky":false,"template":"","format":"standard","meta":[],"categories":[51,53,49],"tags":[73809,51945,52674,52259,14462,53157,20827,73068,4498,54979],"views":119,"_links":{"self":[{"href":"https:\/\/www.enerjigazetesi.ist\/en\/wp-json\/wp\/v2\/posts\/115354"}],"collection":[{"href":"https:\/\/www.enerjigazetesi.ist\/en\/wp-json\/wp\/v2\/posts"}],"about":[{"href":"https:\/\/www.enerjigazetesi.ist\/en\/wp-json\/wp\/v2\/types\/post"}],"author":[{"embeddable":true,"href":"https:\/\/www.enerjigazetesi.ist\/en\/wp-json\/wp\/v2\/users\/1"}],"replies":[{"embeddable":true,"href":"https:\/\/www.enerjigazetesi.ist\/en\/wp-json\/wp\/v2\/comments?post=115354"}],"version-history":[{"count":0,"href":"https:\/\/www.enerjigazetesi.ist\/en\/wp-json\/wp\/v2\/posts\/115354\/revisions"}],"wp:featuredmedia":[{"embeddable":true,"href":"https:\/\/www.enerjigazetesi.ist\/en\/wp-json\/wp\/v2\/media\/115356"}],"wp:attachment":[{"href":"https:\/\/www.enerjigazetesi.ist\/en\/wp-json\/wp\/v2\/media?parent=115354"}],"wp:term":[{"taxonomy":"category","embeddable":true,"href":"https:\/\/www.enerjigazetesi.ist\/en\/wp-json\/wp\/v2\/categories?post=115354"},{"taxonomy":"post_tag","embeddable":true,"href":"https:\/\/www.enerjigazetesi.ist\/en\/wp-json\/wp\/v2\/tags?post=115354"}],"curies":[{"name":"wp","href":"https:\/\/api.w.org\/{rel}","templated":true}]}}