{"id":115341,"date":"2020-06-15T20:33:25","date_gmt":"2020-06-15T17:33:25","guid":{"rendered":"https:\/\/www.enerjigazetesi.ist\/?p=115341"},"modified":"2020-06-15T20:36:36","modified_gmt":"2020-06-15T17:36:36","slug":"solar-pulse-europe-24-25-haziranda-sanal-ortamda-gerceklestiriliyor","status":"publish","type":"post","link":"https:\/\/www.enerjigazetesi.ist\/en\/solar-pulse-europe-24-25-haziranda-sanal-ortamda-gerceklestiriliyor\/","title":{"rendered":"(Turkish) &#8217;Solar Pulse Europe&#8217; 24-25 Haziran\u2019da Sanal Ortamda Ger\u00e7ekle\u015ftiriliyor!"},"content":{"rendered":"<p class=\"qtranxs-available-languages-message qtranxs-available-languages-message-en\">Sorry, this entry is only available in <a href=\"https:\/\/www.enerjigazetesi.ist\/tr\/wp-json\/wp\/v2\/posts\/115341\" class=\"qtranxs-available-language-link qtranxs-available-language-link-tr\" title=\"Turkish\">Turkish<\/a>. For the sake of viewer convenience, the content is shown below in the alternative language. You may click the link to switch the active language.<\/p><p><\/p>\n<h1><strong>SolarPlaza taraf\u0131ndan d\u00fczenlenen \u201cSolar Pulse Europe\u201d, 24-25 Haziran 2020\u2019de yenilenebilir enerji sekt\u00f6r\u00fcn\u00fcn d\u00fc\u015f\u00fcnce liderlerini tek bir mesaj etraf\u0131nda sanal sahnede bir araya getirecek: \u201cBu krizden \u00e7\u0131kmak i\u00e7in yolumuzu \u201cG\u00fcne\u015f\u201d ayd\u0131nlatacak.\u201d<\/strong><\/h1>\n<p><strong><img loading=\"lazy\" class=\"aligncenter wp-image-115346\" src=\"https:\/\/www.enerjigazetesi.ist\/wp-content\/uploads\/2020\/06\/solar-pulse-europe-24-25-haziranda-sanal-ortamda-gerceklestiriliyor.jpg\" alt=\"\" width=\"650\" height=\"367\" srcset=\"https:\/\/www.enerjigazetesi.ist\/wp-content\/uploads\/2020\/06\/solar-pulse-europe-24-25-haziranda-sanal-ortamda-gerceklestiriliyor.jpg 864w, https:\/\/www.enerjigazetesi.ist\/wp-content\/uploads\/2020\/06\/solar-pulse-europe-24-25-haziranda-sanal-ortamda-gerceklestiriliyor-300x169.jpg 300w, https:\/\/www.enerjigazetesi.ist\/wp-content\/uploads\/2020\/06\/solar-pulse-europe-24-25-haziranda-sanal-ortamda-gerceklestiriliyor-768x434.jpg 768w, https:\/\/www.enerjigazetesi.ist\/wp-content\/uploads\/2020\/06\/solar-pulse-europe-24-25-haziranda-sanal-ortamda-gerceklestiriliyor-500x282.jpg 500w, https:\/\/www.enerjigazetesi.ist\/wp-content\/uploads\/2020\/06\/solar-pulse-europe-24-25-haziranda-sanal-ortamda-gerceklestiriliyor-80x45.jpg 80w\" sizes=\"(max-width: 650px) 100vw, 650px\" \/><\/strong><\/p>\n<p><strong>25<\/strong> d\u00fc\u015f\u00fcnce lideri ve <strong>500\u2019den<\/strong> fazla kat\u0131l\u0131mc\u0131, <strong>24-25 Haziran 2020<\/strong> tarihlerinde <strong>2 g\u00fcnl\u00fck<\/strong> <em>sanal a\u011f<\/em> ve <em>\u00fcst d\u00fczey i\u00e7erik<\/em> ile\u00a0<strong>Solar Pulse Europe<\/strong>\u00a0etkinli\u011finde bir araya gelecek.<\/p>\n<p><strong>Etkinlikle \u0130lgili Detayl\u0131 Bilgi \u0130\u00e7in\u00a0<a href=\"https:\/\/www.solarplaza.com\/channels\/markets\/12186\/solar-pulse-europe-solar-beating-heart-energy-transition\/\" target=\"_blank\" rel=\"nofollow noopener\">T\u0131klay\u0131n&gt;&gt;<\/a><\/strong><\/p>\n<p><strong>Etkinlik Kay\u0131t ekran\u0131na\u00a0<a href=\"https:\/\/www.solarplaza.live\/solar-pulse-europe-home\" target=\"_blank\" rel=\"nofollow noopener\">Buradan<\/a>\u00a0ula\u015fabilirsiniz.<\/strong><\/p>\n<p>&#8211; <strong>Web sitesi:<\/strong>\u00a0\u00a0<a href=\"https:\/\/app-frankfurt.salesforceiq.com\/r?target=5edf8f4ac9e77c00760af210&amp;t=ABb3-Af9dUkRNpi9BknJ9vE8druA0JtsUFEQs0S-eHnKpRazJymQGTWqcQhhKiMM9o2mcB1kzB3q7oGQCaR836GLLyaHSQI1jdQiiAIQ6l1_WkAPIkFSH3L3fjVTYRue0TQYoRwZ-ygK&amp;url=https%3A%2F%2Fbit.ly%2F2MKBt0A\" target=\"_blank\" rel=\"nofollow noopener\">https:\/\/bit.ly\/2MKBt0A<\/a><\/p>\n<p>&#8211; <strong>Email\/Newsletter:<\/strong>\u00a0<a href=\"https:\/\/app-frankfurt.salesforceiq.com\/r?target=5edf8f4ac9e77c00760af211&amp;t=ABb3-Af9dUkRNpi9BknJ9vE8druA0JtsUFEQs0S-eHnKpRazJymQGTWqcQhhKiMM9o2mcB1kzB3q7oGQCaR836GLLyaHSQI1jdQiiAIQ6l1_WkAPIkFSH3L3fjVTYRue0TQYoRwZ-ygK&amp;url=https%3A%2F%2Fbit.ly%2F3fj5LnJ\" target=\"_blank\" rel=\"nofollow noopener\">https:\/\/bit.ly\/3fj5LnJ<\/a><\/p>\n<p>&#8211; <strong>Linkedin:<\/strong>\u00a0<a href=\"https:\/\/bit.ly\/3dPiga1\" target=\"_blank\" rel=\"nofollow noopener\">https:\/\/bit.ly\/3dPiga1<\/a><\/p>","protected":false},"excerpt":{"rendered":"<p>Sorry, this entry is only available in Turkish. For the sake of viewer convenience, the content is shown below in the alternative language. You may click the link to switch the active language. SolarPlaza taraf\u0131ndan d\u00fczenlenen \u201cSolar Pulse Europe\u201d, 24-25 Haziran 2020\u2019de yenilenebilir enerji sekt\u00f6r\u00fcn\u00fcn d\u00fc\u015f\u00fcnce liderlerini tek bir mesaj etraf\u0131nda sanal sahnede bir araya [&hellip;]<\/p>\n","protected":false},"author":1,"featured_media":115346,"comment_status":"open","ping_status":"open","sticky":false,"template":"","format":"standard","meta":[],"categories":[51,53,49],"tags":[5070,52259,53157,73807,73806,73805,14394,54979],"views":93,"_links":{"self":[{"href":"https:\/\/www.enerjigazetesi.ist\/en\/wp-json\/wp\/v2\/posts\/115341"}],"collection":[{"href":"https:\/\/www.enerjigazetesi.ist\/en\/wp-json\/wp\/v2\/posts"}],"about":[{"href":"https:\/\/www.enerjigazetesi.ist\/en\/wp-json\/wp\/v2\/types\/post"}],"author":[{"embeddable":true,"href":"https:\/\/www.enerjigazetesi.ist\/en\/wp-json\/wp\/v2\/users\/1"}],"replies":[{"embeddable":true,"href":"https:\/\/www.enerjigazetesi.ist\/en\/wp-json\/wp\/v2\/comments?post=115341"}],"version-history":[{"count":0,"href":"https:\/\/www.enerjigazetesi.ist\/en\/wp-json\/wp\/v2\/posts\/115341\/revisions"}],"wp:featuredmedia":[{"embeddable":true,"href":"https:\/\/www.enerjigazetesi.ist\/en\/wp-json\/wp\/v2\/media\/115346"}],"wp:attachment":[{"href":"https:\/\/www.enerjigazetesi.ist\/en\/wp-json\/wp\/v2\/media?parent=115341"}],"wp:term":[{"taxonomy":"category","embeddable":true,"href":"https:\/\/www.enerjigazetesi.ist\/en\/wp-json\/wp\/v2\/categories?post=115341"},{"taxonomy":"post_tag","embeddable":true,"href":"https:\/\/www.enerjigazetesi.ist\/en\/wp-json\/wp\/v2\/tags?post=115341"}],"curies":[{"name":"wp","href":"https:\/\/api.w.org\/{rel}","templated":true}]}}