{"id":115304,"date":"2020-06-15T11:49:56","date_gmt":"2020-06-15T08:49:56","guid":{"rendered":"https:\/\/www.enerjigazetesi.ist\/?p=115304"},"modified":"2020-06-15T12:38:09","modified_gmt":"2020-06-15T09:38:09","slug":"aydem-yenilenebilir-enerjiden-saygi-temali-ilk-surdurulebilirlik-raporu","status":"publish","type":"post","link":"https:\/\/www.enerjigazetesi.ist\/en\/aydem-yenilenebilir-enerjiden-saygi-temali-ilk-surdurulebilirlik-raporu\/","title":{"rendered":"(Turkish) Aydem Yenilenebilir Enerji\u2019den &#8216;Sayg\u0131&#8217; Temal\u0131 \u0130lk S\u00fcrd\u00fcr\u00fclebilirlik Raporu"},"content":{"rendered":"<p class=\"qtranxs-available-languages-message qtranxs-available-languages-message-en\">Sorry, this entry is only available in <a href=\"https:\/\/www.enerjigazetesi.ist\/tr\/wp-json\/wp\/v2\/posts\/115304\" class=\"qtranxs-available-language-link qtranxs-available-language-link-tr\" title=\"Turkish\">Turkish<\/a>. For the sake of viewer convenience, the content is shown below in the alternative language. You may click the link to switch the active language.<\/p><p><\/p>\n<h1><strong>T\u00fcrkiye\u2019nin \u00f6nc\u00fc entegre enerji \u015firketi Aydem Enerji\u2019nin yenilenebilir enerji alan\u0131nda faaliyet g\u00f6steren \u015firketi Aydem Yenilenebilir Enerji ilk s\u00fcrd\u00fcr\u00fclebilirlik raporunu yay\u0131nlad\u0131.\u00a0<\/strong><strong>\u0130\u015f hayat\u0131na, \u00e7evreye ve topluma \u2018sayg\u0131\u2019 yakla\u015f\u0131m\u0131n\u0131n benimsendi\u011fi raporda, kurumun \u201cHayat i\u00e7in Enerji\u201d vizyonu kapsam\u0131nda imza att\u0131\u011f\u0131 \u00e7al\u0131\u015fmalar yer al\u0131yor.<img loading=\"lazy\" class=\"alignright wp-image-115306\" src=\"https:\/\/www.enerjigazetesi.ist\/wp-content\/uploads\/2020\/06\/aydem-yenilenebilir-enerjiden-saygi-temali-ilk-surdurulebilirlik-raporu-1.jpg\" alt=\"\" width=\"320\" height=\"427\" srcset=\"https:\/\/www.enerjigazetesi.ist\/wp-content\/uploads\/2020\/06\/aydem-yenilenebilir-enerjiden-saygi-temali-ilk-surdurulebilirlik-raporu-1.jpg 366w, https:\/\/www.enerjigazetesi.ist\/wp-content\/uploads\/2020\/06\/aydem-yenilenebilir-enerjiden-saygi-temali-ilk-surdurulebilirlik-raporu-1-225x300.jpg 225w, https:\/\/www.enerjigazetesi.ist\/wp-content\/uploads\/2020\/06\/aydem-yenilenebilir-enerjiden-saygi-temali-ilk-surdurulebilirlik-raporu-1-300x400.jpg 300w, https:\/\/www.enerjigazetesi.ist\/wp-content\/uploads\/2020\/06\/aydem-yenilenebilir-enerjiden-saygi-temali-ilk-surdurulebilirlik-raporu-1-38x50.jpg 38w\" sizes=\"(max-width: 320px) 100vw, 320px\" \/> <\/strong><\/h1>\n<p><strong>Yenilenebilir enerji \u00fcretimi<\/strong>nde T\u00fcrkiye\u2019nin <strong>3&#8217;\u00fcnc\u00fc<\/strong> b\u00fcy\u00fck portf\u00f6y\u00fcne sahip <strong>Aydem Yenilenebilir Enerji<\/strong>,<strong> \u2018s\u00fcrd\u00fcr\u00fclebilir\u2019, \u2018yenilik\u00e7i\u2019<\/strong> ve <strong>\u2018insan odakl\u0131\u2019<\/strong> yakla\u015f\u0131m\u0131yla toplumun gelece\u011fi i\u00e7in yapt\u0131\u011f\u0131 \u00e7al\u0131\u015fmalar\u0131na yer verdi\u011fi ilk <strong>s\u00fcrd\u00fcr\u00fclebilirlik raporu<\/strong>nu yay\u0131nlad\u0131.<\/p>\n<p>\u0130nsan hayat\u0131, \u00e7evre ve topluma <strong>\u201csayg\u0131\u201d<\/strong> temas\u0131n\u0131n i\u015flendi\u011fi raporda, \u015firketin <strong>25 y\u0131ll\u0131k g\u00fc\u00e7l\u00fc ge\u00e7mi\u015finden<\/strong> ald\u0131\u011f\u0131 sorumlulukla daha <strong>s\u00fcrd\u00fcr\u00fclebilir<\/strong> bir d\u00fcnya i\u00e7in y\u00fcr\u00fctt\u00fc\u011f\u00fc faaliyetler, yapt\u0131\u011f\u0131 \u00e7al\u0131\u015fmalara yer verildi.<\/p>\n<p>S\u00fcrd\u00fcr\u00fclebilirlik stratejisini <strong>Birle\u015fmi\u015f Milletler S\u00fcrd\u00fcr\u00fclebilir Kalk\u0131nma Ama\u00e7lar\u0131<\/strong>\u2019n\u0131 <strong>(SKA)<\/strong> benimseyerek d\u00fcnyan\u0131n ortak g\u00fcndemi ile uyumlu hale getiren <strong>Aydem Yenilenebilir Enerji<\/strong>, yay\u0131nlad\u0131\u011f\u0131 ilk raporunda <strong>T\u00fcrkiye\u2019nin s\u00fcrd\u00fcr\u00fclebilir b\u00fcy\u00fcmesi<\/strong>ne katk\u0131 sa\u011flamaya, <strong>yenilenebilir enerji \u00fcretimi<\/strong>yle <strong>\u00e7evreye, topluma<\/strong> ve <strong>gelecek nesillere<\/strong> daha g\u00fczel bir gelecek haz\u0131rlamaya odakland\u0131\u011f\u0131n\u0131 vurguluyor.<\/p>\n<h2><strong>\u201cDaha parlak bir gelecek i\u00e7in \u00e7al\u0131\u015f\u0131yoruz\u201d<\/strong><\/h2>\n<p>\u0130lk s\u00fcrd\u00fcr\u00fclebilirlik raporunu yay\u0131nlamaktan mutluluk duyduklar\u0131n\u0131 belirten <strong>Aydem Enerji CEO\u2019su \u0130dris K\u00fcpeli <\/strong>\u015funlar\u0131 s\u00f6yledi; \u201cBug\u00fcn\u00fcn ihtiya\u00e7lar\u0131 i\u00e7in daha <strong>verimli ve tasarruflu \u00e7\u00f6z\u00fcmler<\/strong> sunarken, bir taraftan da kaynaklar\u0131n, <strong>sekt\u00f6r\u00fcm\u00fcz\u00fcn, payda\u015flar\u0131n, \u00e7evrenin ve gelecek nesillerin ihtiya\u00e7lar\u0131n\u0131n s\u00fcrd\u00fcr\u00fclebilirli\u011fi<\/strong>ni g\u00f6zeten yakla\u015f\u0131mlar geli\u015ftiriyoruz. Bilindi\u011fi gibi ge\u00e7ti\u011fimiz aylarda d\u00fcnyan\u0131n en kapsaml\u0131 <em>s\u00fcrd\u00fcr\u00fclebilirlik platformu<\/em> <strong>BM K\u00fcresel \u0130lkeler S\u00f6zle\u015fmesi<\/strong>\u2019nin imzalay\u0131c\u0131lar\u0131 aras\u0131na kat\u0131lm\u0131\u015ft\u0131k. Bug\u00fcn, bu y\u00f6ndeki gayretlerimizi bir ad\u0131m daha ileri ta\u015f\u0131maktan ve ilk s\u00fcrd\u00fcr\u00fclebilirlik raporumuzu payla\u015fmaktan gurur duyuyoruz. <strong>\u2018Hayat i\u00e7in enerji\u2019<\/strong> vizyonumuz do\u011frultusunda, insanlar\u0131m\u0131z\u0131n hayatlar\u0131na fayda sa\u011flayacak ger\u00e7ek beklentilere dokunan, \u00e7evresine duyarl\u0131, hayat\u0131n her an\u0131na enerji katan \u00e7al\u0131\u015fmalara imza atmay\u0131 temel \u00f6ncelik ve g\u00f6revlerimiz aras\u0131nda g\u00f6r\u00fcyoruz. <strong>\u00c7al\u0131\u015fanlar\u0131m\u0131zdan, m\u00fc\u015fterilerimizden<\/strong> ve <strong>payda\u015flar\u0131m\u0131zdan<\/strong> ald\u0131\u011f\u0131m\u0131z <strong>g\u00fc\u00e7le k\u00fcresel hedefleri<\/strong>miz do\u011frultusunda <strong>s\u00fcrd\u00fcr\u00fclebilir bir gelecek<\/strong> i\u00e7in \u00e7al\u0131\u015fmaya devam edece\u011fiz\u201d.<\/p>\n<p>Raporun Devam\u0131na <a href=\"http:\/\/aydemyenilenebilir.com.tr\/surdurulebilirlik\" target=\"_blank\" rel=\"nofollow noopener\">Ula\u015fmak \u0130\u00e7in TIKLAYIN &gt;&gt;&gt;<\/a><\/p>","protected":false},"excerpt":{"rendered":"<p>Sorry, this entry is only available in Turkish. For the sake of viewer convenience, the content is shown below in the alternative language. You may click the link to switch the active language. T\u00fcrkiye\u2019nin \u00f6nc\u00fc entegre enerji \u015firketi Aydem Enerji\u2019nin yenilenebilir enerji alan\u0131nda faaliyet g\u00f6steren \u015firketi Aydem Yenilenebilir Enerji ilk s\u00fcrd\u00fcr\u00fclebilirlik raporunu yay\u0131nlad\u0131.\u00a0\u0130\u015f hayat\u0131na, \u00e7evreye [&hellip;]<\/p>\n","protected":false},"author":1,"featured_media":115307,"comment_status":"open","ping_status":"open","sticky":false,"template":"","format":"standard","meta":[],"categories":[51,53,50],"tags":[73763,67509,67505,13942,66853,66851,5070,52259,73764,39053,35002,53282,73762,57125,37032,872,54979,73761,3504],"views":127,"_links":{"self":[{"href":"https:\/\/www.enerjigazetesi.ist\/en\/wp-json\/wp\/v2\/posts\/115304"}],"collection":[{"href":"https:\/\/www.enerjigazetesi.ist\/en\/wp-json\/wp\/v2\/posts"}],"about":[{"href":"https:\/\/www.enerjigazetesi.ist\/en\/wp-json\/wp\/v2\/types\/post"}],"author":[{"embeddable":true,"href":"https:\/\/www.enerjigazetesi.ist\/en\/wp-json\/wp\/v2\/users\/1"}],"replies":[{"embeddable":true,"href":"https:\/\/www.enerjigazetesi.ist\/en\/wp-json\/wp\/v2\/comments?post=115304"}],"version-history":[{"count":0,"href":"https:\/\/www.enerjigazetesi.ist\/en\/wp-json\/wp\/v2\/posts\/115304\/revisions"}],"wp:featuredmedia":[{"embeddable":true,"href":"https:\/\/www.enerjigazetesi.ist\/en\/wp-json\/wp\/v2\/media\/115307"}],"wp:attachment":[{"href":"https:\/\/www.enerjigazetesi.ist\/en\/wp-json\/wp\/v2\/media?parent=115304"}],"wp:term":[{"taxonomy":"category","embeddable":true,"href":"https:\/\/www.enerjigazetesi.ist\/en\/wp-json\/wp\/v2\/categories?post=115304"},{"taxonomy":"post_tag","embeddable":true,"href":"https:\/\/www.enerjigazetesi.ist\/en\/wp-json\/wp\/v2\/tags?post=115304"}],"curies":[{"name":"wp","href":"https:\/\/api.w.org\/{rel}","templated":true}]}}