{"id":1153,"date":"2012-07-31T08:57:53","date_gmt":"2012-07-31T05:57:53","guid":{"rendered":"https:\/\/www.enerjigazetesi.ist\/?p=1153"},"modified":"2012-07-31T08:57:53","modified_gmt":"2012-07-31T05:57:53","slug":"tuketici-enerji-tasarrufunu-lamba-kapatarak-yapiyor","status":"publish","type":"post","link":"https:\/\/www.enerjigazetesi.ist\/en\/tuketici-enerji-tasarrufunu-lamba-kapatarak-yapiyor\/","title":{"rendered":"(Turkish) T\u00fcketici Enerji Tasarrufunu Lamba Kapatarak Yap\u0131yor"},"content":{"rendered":"<p class=\"qtranxs-available-languages-message qtranxs-available-languages-message-en\">Sorry, this entry is only available in <a href=\"https:\/\/www.enerjigazetesi.ist\/tr\/wp-json\/wp\/v2\/posts\/1153\" class=\"qtranxs-available-language-link qtranxs-available-language-link-tr\" title=\"Turkish\">Turkish<\/a>. For the sake of viewer convenience, the content is shown below in the alternative language. You may click the link to switch the active language.<\/p><p><\/p>\n<h2>T\u00fcrkiye Beyaz E\u015fya Sanayicileri Derne\u011fi&#8217;nin (T\u00fcrkBESD) t\u00fcketici trend ara\u015ft\u0131rmas\u0131na g\u00f6re, ara\u015ft\u0131rmaya kat\u0131lanlar\u0131n y\u00fczde 55&#8217;i gereksiz lambalar\u0131 kapatarak, y\u00fczde 44&#8217;\u00fc enerji tasarruflu ampuller kullanarak, y\u00fczde 32&#8217;si ise bo\u015fa su ak\u0131tmayarak enerjiden tasarruf ettiklerini belirtiyor.<\/h2>\n<p><img loading=\"lazy\" class=\"alignleft size-medium wp-image-1154\" title=\"evde-enerji-tasarrufu\" src=\"https:\/\/www.enerjigazetesi.ist\/wp-content\/uploads\/2012\/07\/evde-enerji-tasarrufu-300x232.jpg\" alt=\"\" width=\"300\" height=\"232\" srcset=\"https:\/\/www.enerjigazetesi.ist\/wp-content\/uploads\/2012\/07\/evde-enerji-tasarrufu-300x232.jpg 300w, https:\/\/www.enerjigazetesi.ist\/wp-content\/uploads\/2012\/07\/evde-enerji-tasarrufu-64x50.jpg 64w, https:\/\/www.enerjigazetesi.ist\/wp-content\/uploads\/2012\/07\/evde-enerji-tasarrufu.jpg 420w\" sizes=\"(max-width: 300px) 100vw, 300px\" \/>T\u00fcrkBESD a\u00e7\u0131klamas\u0131na g\u00f6re ara\u015ft\u0131rma, T\u00fcrkiye&#8217;deki konutlarda kullan\u0131lan toplam elektrik miktar\u0131n\u0131n y\u00fczde 50&#8217;sinin beyaz e\u015fyalar\u0131n kullan\u0131m\u0131nda ger\u00e7ekle\u015fmesine ra\u011fmen, t\u00fcketicilerin enerji tasarrufunu konutlarda kullan\u0131lan toplam miktar\u0131n yaln\u0131zca y\u00fczde 14&#8217;\u00fcn\u00fc olu\u015fturan ayd\u0131nlatma ara\u00e7lar\u0131 \u00fczerinden yapmaya \u00e7al\u0131\u015ft\u0131\u011f\u0131n\u0131 belirledi.\u00a0<\/p>\n<div>Buna g\u00f6re, ara\u015ft\u0131rmaya kat\u0131lanlar\u0131n y\u00fczde 55&#8217;i gereksiz lambalar\u0131 kapatarak, y\u00fczde 44&#8217;\u00fc enerji tasarruflu ampuller kullanarak, y\u00fczde 32&#8217;si ise bo\u015fa su ak\u0131tmayarak enerjiden tasarruf ettiklerini belirtirken, enerji tasarruflu \u00fcr\u00fcnler kullananlar\u0131n oran\u0131 yaln\u0131zca y\u00fczde 23&#8217;te kald\u0131.<\/div>\n<p>&nbsp;<\/p>\n<div>Ara\u015ft\u0131rmada g\u00f6ze \u00e7arpan bulgulardan biri de t\u00fcketicilerin y\u00fczde 94;&#8217;n\u00fcn hanede enerji tasarrufunu &#8221;\u00e7ok \u00f6nemli&#8221; ve &#8221;\u00f6nemli&#8221; olarak belirtmesi. Buna kar\u015f\u0131n ara\u015ft\u0131rmaya kat\u0131lanlar\u0131n y\u00fczde 2&#8217;ye yak\u0131n bir kesimi hanede enerji tasarrufunun \u00f6nemsiz oldu\u011funa inan\u0131yor.\u00a0<\/div>\n<p>&nbsp;<\/p>\n<div>\u00c7ama\u015f\u0131r ve bula\u015f\u0131k makinesi kullan\u0131m\u0131nda 35 ya\u015f \u00fcst\u00fcnde olan grubun y\u00fczde 72&#8217;si \u0131s\u0131 derecesi ayar\u0131 yapt\u0131\u011f\u0131n\u0131 belirtiyor. Ara\u015ft\u0131rma sonu\u00e7lar\u0131na g\u00f6re kad\u0131nlar, beyaz e\u015fyalar\u0131n su ve enerji tasarrufu sa\u011flamas\u0131 kapsam\u0131nda erkeklere g\u00f6re daha duyarl\u0131 davran\u0131yor.\u00a0<\/div>\n<p>&nbsp;<\/p>\n<div>Ayr\u0131ca 35 ya\u015f \u00fcst\u00fcnde olan her 3 ki\u015fiden biri de beyaz e\u015fya al\u0131mlar\u0131nda al\u0131nmas\u0131 planlanan \u00fcr\u00fcn\u00fcn enerji ve su tasarrufu sa\u011flamas\u0131na dikkat ediyor.<\/div>\n<p>&nbsp;<\/p>\n<div><strong>-T\u00fcrk halk\u0131 kaliteli \u00fcr\u00fcn\u00fc tercih ediyor-\u00a0<\/strong><\/div>\n<p>&nbsp;<\/p>\n<div>Ara\u015ft\u0131rmada \u00fcr\u00fcn kalitesi, beyaz e\u015fya sat\u0131n alma karar\u0131nda en belirleyici etken olarak \u00f6ne \u00e7\u0131k\u0131yor. Beyaz e\u015fya sat\u0131n al\u0131mlar\u0131nda 35 ya\u015f \u00fcst\u00fcndeki ki\u015filerin y\u00fczde 44&#8217;\u00fc sat\u0131n alma karar\u0131n\u0131 bir ba\u015fka ki\u015fiyle birlikte verirken, y\u00fczde 40&#8217;\u0131 alaca\u011f\u0131 \u00fcr\u00fcne kendisi karar veriyor.\u00a0<\/div>\n<p>&nbsp;<\/p>\n<div>Sat\u0131n alma karar\u0131nda en \u00f6nemli rol\u00fc y\u00fczde 63 ile \u00fcr\u00fcn\u00fcn kaliteli olmas\u0131 oynarken, marka bilinirli\u011fi y\u00fczde 51 ile ikinci s\u0131rada yer al\u0131yor.\u00a0<\/div>\n<p>&nbsp;<\/p>\n<div>Enerji\/su tasarrufu, yenilik\u00e7i \u00fcr\u00fcn, servis kalitesi, fiyat ve tasar\u0131m sat\u0131n alma karar\u0131n\u0131 etkileyen di\u011fer fakt\u00f6rler olarak s\u0131ralan\u0131yor. \u00d6te yandan, beyaz e\u015fya sat\u0131n al\u0131nan yerler aras\u0131nda yetkili bayiler y\u00fczde 88,9 ile ilk s\u0131rada yer al\u0131yor.<\/div>\n<p>&nbsp;<\/p>\n<div>Ara\u015ft\u0131rma sonu\u00e7lar\u0131, AB gelir grubu ile \u00fcniversite mezunlar\u0131n\u0131n y\u00fczde 70&#8217;inin A ve B s\u0131n\u0131f\u0131 enerji verimli \u00fcr\u00fcnler aras\u0131ndaki fark\u0131 bildi\u011fini de ortaya koydu.<\/div>\n<p>&nbsp;<\/p>\n<div>T\u00fcketicilerin y\u00fczde 50&#8217;si bula\u015f\u0131klar\u0131n\u0131 makinede y\u0131kad\u0131\u011f\u0131n\u0131 belirtirken, C gelir grubunda yayg\u0131n olarak 5 ki\u015fiden biri bula\u015f\u0131klar\u0131n\u0131 her zaman elde y\u0131kad\u0131\u011f\u0131n\u0131 s\u00f6yl\u00fcyor.\u00a0<\/div>\n<p>&nbsp;<\/p>\n<div>35 ya\u015f ve \u00fcst\u00fcndeki ki\u015filerin y\u00fczde 48&#8217;i enerji verimlili\u011fi kapsam\u0131nda tasarruflu ampuller kulland\u0131\u011f\u0131n\u0131 ifade etmesine ra\u011fmen, AB gelir grubunun y\u00fczde 24&#8217;\u00fc ise enerji verimlili\u011fi do\u011frultusunda hi\u00e7bir \u00f6nlem almad\u0131\u011f\u0131n\u0131 belirtiyor.<\/div>\n<p>&nbsp;<\/p>\n<div><strong>-T\u00fcketici gelece\u011fin beyaz e\u015fyas\u0131 daha h\u0131zl\u0131 olsun istiyor-<\/strong><\/div>\n<p>&nbsp;<\/p>\n<div>Ara\u015ft\u0131rma t\u00fcketicilerin gelece\u011fin beyaz e\u015fyalar\u0131ndan ne bekledi\u011fini de ortaya koydu.<\/div>\n<p>&nbsp;<\/p>\n<div>Kat\u0131l\u0131mc\u0131lara herhangi bir y\u00f6nlendirme yap\u0131lmadan y\u00f6neltilen soruya verilen cevaplara g\u00f6re gelecekte beyaz e\u015fyalarda olmas\u0131 en \u00e7ok istenen \u00f6zellik &#8221;daha h\u0131zl\u0131 y\u0131kama ve kurutma&#8221; i\u015flevi.<\/div>\n<p>&nbsp;<\/p>\n<div>Gelece\u011fin beyaz e\u015fyas\u0131nda aranan di\u011fer \u00f6zellikler ise su \u0131s\u0131s\u0131n\u0131 kendi kendine ayarlama, ev d\u0131\u015f\u0131ndan kumanda ile \u00e7al\u0131\u015fabilme, \u00e7ama\u015f\u0131r\u0131 \u00fct\u00fclenmi\u015f olarak \u00e7\u0131karabilme ve ses tan\u0131ma \u00f6zelli\u011fi \u015feklinde s\u0131ralan\u0131yor.<\/div>\n<p>&nbsp;<\/p>\n<div>\u00d6te yandan 15 ya\u015f \u00fczerinde bin 384 ki\u015fiyi kapsayan ve \u0130stanbul, Ankara, \u0130zmir, Adana, Antalya, Bursa, Denizli, Diyarbak\u0131r, Edirne, Erzurum, Gaziantep, Konya, Kayseri, Manisa, Samsun, Trabzon illerinde ger\u00e7ekle\u015ftirilen ara\u015ft\u0131rmada, t\u00fcketicilerin enerji tasarrufu bilinci, beyaz e\u015fya sat\u0131n alma karar\u0131nda etkili olan unsurlar ve gelecekte beyaz e\u015fyalar\u0131n \u00f6zelliklerine y\u00f6nelik beklentiler sorguland\u0131.<\/div>\n<p>&nbsp;<\/p>\n<div>T\u00fcrkBESD Y\u00f6netim Kurulu Ba\u015fkan\u0131 \u00d6zcan Aydilek, konutlarda enerji tasarrufuna ili\u015fkin do\u011fru bilinen yanl\u0131\u015flar oldu\u011funu belirterek, t\u00fcketicilerin bu konudaki fark\u0131ndal\u0131\u011f\u0131n\u0131n art\u0131r\u0131lmas\u0131 gerekti\u011fini s\u00f6yledi.<\/div>\n<p>&nbsp;<\/p>\n<div>Bu ama\u00e7la, h\u00fck\u00fcmet ile ortak hareket ederek bir \u00e7al\u0131\u015fma ba\u015flatmay\u0131 hedeflediklerini belirten Aydilek, s\u00f6zlerini \u015f\u00f6yle s\u00fcrd\u00fcrd\u00fc:\u00a0<\/div>\n<p>&nbsp;<\/p>\n<div>&#8221;Ara\u015ft\u0131rma sonu\u00e7lar\u0131 g\u00f6sterdi ki halk\u0131m\u0131z bo\u015fa yanan lambalar\u0131 kapatarak ya da enerji tasarruflu ampuller kullanarak tasarruf etmeye \u00e7al\u0131\u015f\u0131yor. Ancak, konutlarda kullan\u0131lan elektri\u011fin da\u011f\u0131l\u0131m\u0131na bak\u0131ld\u0131\u011f\u0131nda bu y\u00f6ntemlerin enerji tasarrufu a\u00e7\u0131s\u0131ndan \u00e7ok da verimli olmad\u0131\u011f\u0131n\u0131 g\u00f6r\u00fcyoruz. T\u00fcrkiye&#8217;de toplam elektrik \u00fcretiminin y\u00fczde 24&#8217;\u00fc konutlarda kullan\u0131l\u0131yor. Bu miktar\u0131n yar\u0131s\u0131 ise yaln\u0131zca beyaz ev e\u015fyalar\u0131n\u0131n kullan\u0131m\u0131nda t\u00fcketiliyor. Bu da T\u00fcrkiye&#8217;nin toplam elektrik t\u00fcketiminin y\u00fczde 12&#8217;sine kar\u015f\u0131l\u0131k geliyor. Buna kar\u015f\u0131n ayd\u0131nlatma ara\u00e7lar\u0131n\u0131n konutlardaki elektrik t\u00fcketimindeki pay\u0131 y\u00fczde 14. Enerji tasarrufu sa\u011flayan \u00fcr\u00fcnlerin kullan\u0131m\u0131yla konutlarda \u00e7ok daha y\u00fcksek miktarda enerji tasarrufu sa\u011flamak m\u00fcmk\u00fcn. T\u00fcketicinin bu konuda bilin\u00e7lendirilmesi hem hane hem de \u00fclke ekonomisine kayda de\u011fer katk\u0131 sa\u011flayacakt\u0131r. Bu konudaki fark\u0131ndal\u0131\u011f\u0131 art\u0131rmak ad\u0131na h\u00fck\u00fcmet ile el ele vererek \u00e7al\u0131\u015faca\u011f\u0131z.&#8221;<\/div>\n<div>\u00a0<\/div>\n<div>Kaynak: <a href=\"http:\/\/www.sentezhaber.com\/ekonomi\/tuketici-enerji-tasarrufunu-lamba-kapatarak-yapiyor-h93588.html\" target=\"_blank\">SentezHaber<\/a><\/div>\n<p><\/p>","protected":false},"excerpt":{"rendered":"<p>Sorry, this entry is only available in Turkish. For the sake of viewer convenience, the content is shown below in the alternative language. You may click the link to switch the active language. T\u00fcrkiye Beyaz E\u015fya Sanayicileri Derne\u011fi&#8217;nin (T\u00fcrkBESD) t\u00fcketici trend ara\u015ft\u0131rmas\u0131na g\u00f6re, ara\u015ft\u0131rmaya kat\u0131lanlar\u0131n y\u00fczde 55&#8217;i gereksiz lambalar\u0131 kapatarak, y\u00fczde 44&#8217;\u00fc enerji tasarruflu ampuller [&hellip;]<\/p>\n","protected":false},"author":1,"featured_media":1154,"comment_status":"open","ping_status":"open","sticky":false,"template":"","format":"standard","meta":[],"categories":[53,52],"tags":[67,103,12,199],"views":600,"_links":{"self":[{"href":"https:\/\/www.enerjigazetesi.ist\/en\/wp-json\/wp\/v2\/posts\/1153"}],"collection":[{"href":"https:\/\/www.enerjigazetesi.ist\/en\/wp-json\/wp\/v2\/posts"}],"about":[{"href":"https:\/\/www.enerjigazetesi.ist\/en\/wp-json\/wp\/v2\/types\/post"}],"author":[{"embeddable":true,"href":"https:\/\/www.enerjigazetesi.ist\/en\/wp-json\/wp\/v2\/users\/1"}],"replies":[{"embeddable":true,"href":"https:\/\/www.enerjigazetesi.ist\/en\/wp-json\/wp\/v2\/comments?post=1153"}],"version-history":[{"count":1,"href":"https:\/\/www.enerjigazetesi.ist\/en\/wp-json\/wp\/v2\/posts\/1153\/revisions"}],"predecessor-version":[{"id":1155,"href":"https:\/\/www.enerjigazetesi.ist\/en\/wp-json\/wp\/v2\/posts\/1153\/revisions\/1155"}],"wp:featuredmedia":[{"embeddable":true,"href":"https:\/\/www.enerjigazetesi.ist\/en\/wp-json\/wp\/v2\/media\/1154"}],"wp:attachment":[{"href":"https:\/\/www.enerjigazetesi.ist\/en\/wp-json\/wp\/v2\/media?parent=1153"}],"wp:term":[{"taxonomy":"category","embeddable":true,"href":"https:\/\/www.enerjigazetesi.ist\/en\/wp-json\/wp\/v2\/categories?post=1153"},{"taxonomy":"post_tag","embeddable":true,"href":"https:\/\/www.enerjigazetesi.ist\/en\/wp-json\/wp\/v2\/tags?post=1153"}],"curies":[{"name":"wp","href":"https:\/\/api.w.org\/{rel}","templated":true}]}}