{"id":11528,"date":"2013-06-03T17:45:04","date_gmt":"2013-06-03T14:45:04","guid":{"rendered":"https:\/\/www.enerjigazetesi.ist\/?p=11528"},"modified":"2013-06-03T17:45:04","modified_gmt":"2013-06-03T14:45:04","slug":"kirsehire-biyogaz-tesisi-kurulacak","status":"publish","type":"post","link":"https:\/\/www.enerjigazetesi.ist\/en\/kirsehire-biyogaz-tesisi-kurulacak\/","title":{"rendered":"(Turkish) K\u0131r\u015fehir&#8217;e Biyogaz Tesisi Kurulacak"},"content":{"rendered":"<p class=\"qtranxs-available-languages-message qtranxs-available-languages-message-en\">Sorry, this entry is only available in <a href=\"https:\/\/www.enerjigazetesi.ist\/tr\/wp-json\/wp\/v2\/posts\/11528\" class=\"qtranxs-available-language-link qtranxs-available-language-link-tr\" title=\"Turkish\">Turkish<\/a>. For the sake of viewer convenience, the content is shown below in the alternative language. You may click the link to switch the active language.<\/p><p><strong>\u0130l \u00d6zel \u0130daresi taraf\u0131ndan kurulmas\u0131 planlanan tesis i\u00e7in AH\u0130KA ile K\u0131r\u015fehir Valili\u011fi aras\u0131nda s\u00f6zle\u015fme imzaland\u0131.<\/strong><\/p>\n<p>K\u0131r\u015fehir Valili\u011fi ile Ahiler Kalk\u0131nma Ajans\u0131 (AH\u0130KA), \u0130l \u00d6zel \u0130daresi taraf\u0131ndan kente kurulmas\u0131 planlanan biyogaz tesisi i\u00e7in destek s\u00f6zle\u015fmesi imzalad\u0131.<\/p>\n<p>AH\u0130KA Y\u00f6netim Kurulu Toplant\u0131s\u0131, K\u0131r\u015fehir Valili\u011fi Salonunda yap\u0131ld\u0131. Toplant\u0131ya, AH\u0130KA Y\u00f6netim Kurulu Ba\u015fk<a href=\"https:\/\/www.enerjigazetesi.ist\/wp-content\/uploads\/2013\/06\/kirsehir-biyogaz-tesisi.jpg\"><img loading=\"lazy\" class=\"alignright size-medium wp-image-11529\" title=\"kirsehir-biyogaz-tesisi\" src=\"https:\/\/www.enerjigazetesi.ist\/wp-content\/uploads\/2013\/06\/kirsehir-biyogaz-tesisi-300x181.jpg\" alt=\"\" width=\"300\" height=\"181\" srcset=\"https:\/\/www.enerjigazetesi.ist\/wp-content\/uploads\/2013\/06\/kirsehir-biyogaz-tesisi-300x181.jpg 300w, https:\/\/www.enerjigazetesi.ist\/wp-content\/uploads\/2013\/06\/kirsehir-biyogaz-tesisi-80x48.jpg 80w, https:\/\/www.enerjigazetesi.ist\/wp-content\/uploads\/2013\/06\/kirsehir-biyogaz-tesisi.jpg 480w\" sizes=\"(max-width: 300px) 100vw, 300px\" \/><\/a>an\u0131 ve K\u0131r\u0131kkale Valisi Ali Kolat, K\u0131r\u015fehir Valisi \u00d6zdemir \u00c7akacak, Aksaray Valisi Selami Alt\u0131nok, Nev\u015fehir Valisi Mehmet Ceylan ve Ni\u011fde Valisi Alim Barut ile ajans y\u00f6netiminde yer alan belediye ba\u015fkanlar\u0131 kat\u0131ld\u0131.<\/p>\n<p>Bas\u0131na kapal\u0131 ger\u00e7ekle\u015ftirilen toplant\u0131 sonras\u0131nda, K\u0131r\u015fehir Biyogaz Tesisi i\u00e7in 4 milyon 250 bin liral\u0131k destek s\u00f6zle\u015fmesi imzaland\u0131. S\u00f6zle\u015fmeyi, Kolat ve \u00c7akacak imzalad\u0131.<\/p>\n<p>Vali \u00c7akacak, yapt\u0131\u011f\u0131 a\u00e7\u0131klamada, hayvan g\u00fcbrelerinden biyogaz ve elektrik enerjisi elde edilmesini sa\u011flayacak projeye, AH\u0130KA&#8217;n\u0131n 4 milyon 250 bin lira hibe deste\u011fi sa\u011flayaca\u011f\u0131n\u0131 s\u00f6yledi.<\/p>\n<p>\u00c7akacak, &#8220;Hayata ge\u00e7irilecek projeyle kurulacak tesiste, elde edilen \u015ferbet g\u00fcbreler tarlalara verilecek, en son kalan k\u0131sm\u0131 ise \u00e7i\u00e7ek topra\u011f\u0131 olarak de\u011ferlendirilecek. B\u00f6ylece, hem \u00e7evre sorunu yaratan bir problem ortadan kalkacak hem de ekonomimize ciddi katk\u0131 sa\u011flanacak&#8221; dedi.<\/p>\n<p>Projeye kentin di\u011fer akt\u00f6rlerinin de katk\u0131 sunaca\u011f\u0131n\u0131 ifade eden \u00c7akacak, K\u0131r\u015fehir Belediyesi, Ticaret ve Sanayi Odas\u0131, Esnaf ve Sanatlarlar Odalar\u0131 Birli\u011fi ve Ziraat Odas\u0131n\u0131n proje orta\u011f\u0131 oldu\u011funu kaydetti.<\/p>\n<p>Kaynak: <a href=\"http:\/\/www.energyworld.com.tr\/root.vol?title=kirsehir-39e-biyogaz-tesisi-kurulacak&amp;exec=page&amp;nid=542958\" target=\"_blank\">Energy World<\/a><\/p>","protected":false},"excerpt":{"rendered":"<p>Sorry, this entry is only available in Turkish. For the sake of viewer convenience, the content is shown below in the alternative language. You may click the link to switch the active language.\u0130l \u00d6zel \u0130daresi taraf\u0131ndan kurulmas\u0131 planlanan tesis i\u00e7in AH\u0130KA ile K\u0131r\u015fehir Valili\u011fi aras\u0131nda s\u00f6zle\u015fme imzaland\u0131. K\u0131r\u015fehir Valili\u011fi ile Ahiler Kalk\u0131nma Ajans\u0131 (AH\u0130KA), \u0130l [&hellip;]<\/p>\n","protected":false},"author":1,"featured_media":11529,"comment_status":"open","ping_status":"open","sticky":false,"template":"","format":"standard","meta":[],"categories":[51,53],"tags":[5733,640,641,68,61,63,67,2192],"views":629,"_links":{"self":[{"href":"https:\/\/www.enerjigazetesi.ist\/en\/wp-json\/wp\/v2\/posts\/11528"}],"collection":[{"href":"https:\/\/www.enerjigazetesi.ist\/en\/wp-json\/wp\/v2\/posts"}],"about":[{"href":"https:\/\/www.enerjigazetesi.ist\/en\/wp-json\/wp\/v2\/types\/post"}],"author":[{"embeddable":true,"href":"https:\/\/www.enerjigazetesi.ist\/en\/wp-json\/wp\/v2\/users\/1"}],"replies":[{"embeddable":true,"href":"https:\/\/www.enerjigazetesi.ist\/en\/wp-json\/wp\/v2\/comments?post=11528"}],"version-history":[{"count":1,"href":"https:\/\/www.enerjigazetesi.ist\/en\/wp-json\/wp\/v2\/posts\/11528\/revisions"}],"predecessor-version":[{"id":11530,"href":"https:\/\/www.enerjigazetesi.ist\/en\/wp-json\/wp\/v2\/posts\/11528\/revisions\/11530"}],"wp:featuredmedia":[{"embeddable":true,"href":"https:\/\/www.enerjigazetesi.ist\/en\/wp-json\/wp\/v2\/media\/11529"}],"wp:attachment":[{"href":"https:\/\/www.enerjigazetesi.ist\/en\/wp-json\/wp\/v2\/media?parent=11528"}],"wp:term":[{"taxonomy":"category","embeddable":true,"href":"https:\/\/www.enerjigazetesi.ist\/en\/wp-json\/wp\/v2\/categories?post=11528"},{"taxonomy":"post_tag","embeddable":true,"href":"https:\/\/www.enerjigazetesi.ist\/en\/wp-json\/wp\/v2\/tags?post=11528"}],"curies":[{"name":"wp","href":"https:\/\/api.w.org\/{rel}","templated":true}]}}