{"id":115186,"date":"2020-06-12T17:07:56","date_gmt":"2020-06-12T14:07:56","guid":{"rendered":"https:\/\/www.enerjigazetesi.ist\/?p=115186"},"modified":"2020-06-12T17:32:12","modified_gmt":"2020-06-12T14:32:12","slug":"ikitelli-osbden-biz-bize-yeteriz-turkiyem-kampanyasina-buyuk-destek","status":"publish","type":"post","link":"https:\/\/www.enerjigazetesi.ist\/en\/ikitelli-osbden-biz-bize-yeteriz-turkiyem-kampanyasina-buyuk-destek\/","title":{"rendered":"(Turkish) \u0130kitelli OSB\u2019den &#8216;Biz Bize Yeteriz T\u00fcrkiyem&#8217; Kampanyas\u0131na Destek!"},"content":{"rendered":"<p class=\"qtranxs-available-languages-message qtranxs-available-languages-message-en\">Sorry, this entry is only available in <a href=\"https:\/\/www.enerjigazetesi.ist\/tr\/wp-json\/wp\/v2\/posts\/115186\" class=\"qtranxs-available-language-link qtranxs-available-language-link-tr\" title=\"Turkish\">Turkish<\/a>. For the sake of viewer convenience, the content is shown below in the alternative language. You may click the link to switch the active language.<\/p><p><\/p>\n<h1>T\u00fcrkiye ihracat\u0131na en b\u00fcy\u00fck katma de\u011feri sa\u011flayan en eski ve en b\u00fcy\u00fck organize sanayi b\u00f6lgesi \u0130kitelli Organize Sanayi B\u00f6lgesi (\u0130OSB) \u00fclke \u00e7ap\u0131nda yeni tip koronavir\u00fcs (Covid-19) salg\u0131n\u0131na kar\u015f\u0131 verilen yo\u011fun m\u00fccadele kapsam\u0131nda Cumhurba\u015fkan\u0131m\u0131z Say\u0131n Recep Tayyip Erdo\u011fan taraf\u0131ndan ba\u015flat\u0131lan &#8220;Biz Bize Yeteriz T\u00fcrkiyem&#8221; milli dayan\u0131\u015fma kampanyas\u0131na 5 milyon lira ile destek oldu. Sanayinin ba\u015fkenti olarak adland\u0131r\u0131lan \u0130kitelli OSB bu deste\u011fiyle b\u00fcy\u00fck bir dayan\u0131\u015fma \u00f6rne\u011fi sergiledi.<\/h1>\n<p>Pandemi nedeniyle \u00fclke olarak ge\u00e7irdi\u011fimiz zor g\u00fcnlerde, b\u00fcy\u00fck bir <strong>\u00f6zveri ile emek harcayan<\/strong> ba\u015fta sa\u011fl\u0131k \u00e7al\u0131\u015fanlar\u0131m\u0131z olmak \u00fczere \u00fclkemizin <strong>t\u00fcm \u00fcreten<\/strong> ve <strong>m\u00fccadele veren bile\u015fenlerine<\/strong> te\u015fekk\u00fcr eden <strong>\u0130kitelli OSB<\/strong> Y\u00f6netim Kurulu Ba\u015fkan\u0131 <strong>Mahmut M. AYDIN<\/strong>, &#8220;\u0130\u00e7inden ge\u00e7ti\u011fimiz bu zorlu s\u00fcreci <img loading=\"lazy\" class=\"alignright wp-image-115189\" src=\"https:\/\/www.enerjigazetesi.ist\/wp-content\/uploads\/2020\/06\/ikitelli-osbden-biz-bize-yeteriz-turkiyem-kampanyasina-buyuk-destek.jpg\" alt=\"\" width=\"320\" height=\"213\" srcset=\"https:\/\/www.enerjigazetesi.ist\/wp-content\/uploads\/2020\/06\/ikitelli-osbden-biz-bize-yeteriz-turkiyem-kampanyasina-buyuk-destek.jpg 732w, https:\/\/www.enerjigazetesi.ist\/wp-content\/uploads\/2020\/06\/ikitelli-osbden-biz-bize-yeteriz-turkiyem-kampanyasina-buyuk-destek-300x200.jpg 300w, https:\/\/www.enerjigazetesi.ist\/wp-content\/uploads\/2020\/06\/ikitelli-osbden-biz-bize-yeteriz-turkiyem-kampanyasina-buyuk-destek-500x333.jpg 500w, https:\/\/www.enerjigazetesi.ist\/wp-content\/uploads\/2020\/06\/ikitelli-osbden-biz-bize-yeteriz-turkiyem-kampanyasina-buyuk-destek-75x50.jpg 75w, https:\/\/www.enerjigazetesi.ist\/wp-content\/uploads\/2020\/06\/ikitelli-osbden-biz-bize-yeteriz-turkiyem-kampanyasina-buyuk-destek-450x300.jpg 450w\" sizes=\"(max-width: 320px) 100vw, 320px\" \/>dayan\u0131\u015fma i\u00e7inde geride b\u0131rakaca\u011f\u0131m\u0131za inan\u0131yoruz. <strong>Koronavir\u00fcs salg\u0131n\u0131<\/strong> nedeniyle d\u00fcnya ve \u00fclkemiz zorlu bir s\u00fcre\u00e7ten ge\u00e7iyor. Toplumun <strong>her bir ferdini zorlayan bu s\u00fcre\u00e7ten<\/strong> el ele vererek, dayan\u0131\u015fmay\u0131 ve payla\u015fmay\u0131 g\u00fc\u00e7lendirerek \u00e7\u0131kaca\u011f\u0131m\u0131za inan\u0131yoruz. Bu nedenle Cumhurba\u015fkan\u0131m\u0131z <strong>Say\u0131n Recep Tayyip Erdo\u011fan<\/strong> \u00f6nc\u00fcl\u00fc\u011f\u00fcnde ba\u015flat\u0131lan <strong>&#8220;Biz Bize Yeteriz T\u00fcrkiyem&#8221; Kampanyas\u0131<\/strong>&#8216;na <strong>\u0130kitelli Organize Sanayi B\u00f6lgesi<\/strong> olarak <strong>5.000.000 TL<\/strong> destek veriyoruz.<\/p>\n<p><strong>\u0130kitelli OSB<\/strong> b\u00fcy\u00fck bir aile. Bu ailenin <strong>her bir \u00fcyesi<\/strong> ve <strong>sanayicisiyle<\/strong> bu kampanyaya <strong>destek vermenin gururunu<\/strong> ya\u015f\u0131yoruz. <strong>Devletimizin ve milletimizin<\/strong> yan\u0131nda olmaya devam edece\u011fiz.&#8221; \u0130fadelerine yer verdi.<\/p>\n<p>B\u00fcnyesindeki <strong>38<\/strong> sanayi sitesi, yakla\u015f\u0131k <strong>24.500<\/strong> i\u015fletme, <strong>300<\/strong> bin istihdam, <strong>%95<\/strong> doluluk oran\u0131 ve y\u0131ll\u0131k yakla\u015f\u0131k <strong>5 milyar dolarl\u0131k<\/strong> katma de\u011feriyle<strong> \u0130kitelli Organize Sanayi B\u00f6lgesi (\u0130OSB)<\/strong> T\u00fcrkiye ihracat\u0131n\u0131n <strong>%30\u2019unu<\/strong> kar\u015f\u0131l\u0131yor.<\/p>","protected":false},"excerpt":{"rendered":"<p>Sorry, this entry is only available in Turkish. For the sake of viewer convenience, the content is shown below in the alternative language. You may click the link to switch the active language. T\u00fcrkiye ihracat\u0131na en b\u00fcy\u00fck katma de\u011feri sa\u011flayan en eski ve en b\u00fcy\u00fck organize sanayi b\u00f6lgesi \u0130kitelli Organize Sanayi B\u00f6lgesi (\u0130OSB) \u00fclke \u00e7ap\u0131nda [&hellip;]<\/p>\n","protected":false},"author":1,"featured_media":115189,"comment_status":"open","ping_status":"open","sticky":false,"template":"","format":"standard","meta":[],"categories":[51,53],"tags":[69569,70712,52259,73581,73582,69696,73583,70593,58316,70127],"views":118,"_links":{"self":[{"href":"https:\/\/www.enerjigazetesi.ist\/en\/wp-json\/wp\/v2\/posts\/115186"}],"collection":[{"href":"https:\/\/www.enerjigazetesi.ist\/en\/wp-json\/wp\/v2\/posts"}],"about":[{"href":"https:\/\/www.enerjigazetesi.ist\/en\/wp-json\/wp\/v2\/types\/post"}],"author":[{"embeddable":true,"href":"https:\/\/www.enerjigazetesi.ist\/en\/wp-json\/wp\/v2\/users\/1"}],"replies":[{"embeddable":true,"href":"https:\/\/www.enerjigazetesi.ist\/en\/wp-json\/wp\/v2\/comments?post=115186"}],"version-history":[{"count":0,"href":"https:\/\/www.enerjigazetesi.ist\/en\/wp-json\/wp\/v2\/posts\/115186\/revisions"}],"wp:featuredmedia":[{"embeddable":true,"href":"https:\/\/www.enerjigazetesi.ist\/en\/wp-json\/wp\/v2\/media\/115189"}],"wp:attachment":[{"href":"https:\/\/www.enerjigazetesi.ist\/en\/wp-json\/wp\/v2\/media?parent=115186"}],"wp:term":[{"taxonomy":"category","embeddable":true,"href":"https:\/\/www.enerjigazetesi.ist\/en\/wp-json\/wp\/v2\/categories?post=115186"},{"taxonomy":"post_tag","embeddable":true,"href":"https:\/\/www.enerjigazetesi.ist\/en\/wp-json\/wp\/v2\/tags?post=115186"}],"curies":[{"name":"wp","href":"https:\/\/api.w.org\/{rel}","templated":true}]}}