{"id":115161,"date":"2020-06-12T14:30:57","date_gmt":"2020-06-12T11:30:57","guid":{"rendered":"https:\/\/www.enerjigazetesi.ist\/?p=115161"},"modified":"2020-06-12T14:56:56","modified_gmt":"2020-06-12T11:56:56","slug":"naturel-enerji-esenboga-elektrik-uretim-as-yi-halka-aciyor","status":"publish","type":"post","link":"https:\/\/www.enerjigazetesi.ist\/en\/naturel-enerji-esenboga-elektrik-uretim-as-yi-halka-aciyor\/","title":{"rendered":"(Turkish) &#8217;Naturel Enerji&#8217; Esenbo\u011fa Elektrik \u00dcretim A\u015e.\u2019yi Halka A\u00e7\u0131yor"},"content":{"rendered":"<p class=\"qtranxs-available-languages-message qtranxs-available-languages-message-en\">Sorry, this entry is only available in <a href=\"https:\/\/www.enerjigazetesi.ist\/tr\/wp-json\/wp\/v2\/posts\/115161\" class=\"qtranxs-available-language-link qtranxs-available-language-link-tr\" title=\"Turkish\">Turkish<\/a>. For the sake of viewer convenience, the content is shown below in the alternative language. You may click the link to switch the active language.<\/p><p><\/p>\n<h1>Naturel Enerji taraf\u0131ndan yap\u0131lan bas\u0131n a\u00e7\u0131klamas\u0131nda, Naturel Yenilenebilir Enerji Ticaret A\u015e\u2019nin % 100 ba\u011fl\u0131 ortakl\u0131\u011f\u0131 olan Esenbo\u011fa Elektrik \u00dcretim A\u015e.\u2019nin halka a\u00e7\u0131lmas\u0131 ve bu kapsamda \u015eirket Esas S\u00f6zle\u015fmesi\u2019nin Sermaye Piyasas\u0131 Kanunu ve ilgili mevzuat h\u00fck\u00fcmlerine uygun hale getirilmesi amac\u0131yla Sermaye Piyasas\u0131 Kurulu\u2019na gerekli evraklar\u0131n bug\u00fcn itibar\u0131yla teslim edilerek \u00f6n izin ba\u015fvurusunda bulunuldu\u011fu bildirildi.<\/h1>\n<p><strong>Naturel Yenilenebilir Enerji Ticaret A\u015e<\/strong>\u2019nin <strong>% 100<\/strong> ba\u011fl\u0131 ortakl\u0131\u011f\u0131 olan <strong>Esenbo\u011fa Elektrik \u00dcretim A\u015e<\/strong>\u2019nin <strong>40 milyon<\/strong> adet nominal paya kar\u015f\u0131l\u0131k <strong>40 milyon TL<\/strong> \u00f6denmi\u015f sermayesi bulundu\u011fu belirtilen a\u00e7\u0131klamada, <strong>20 A\u011fustos 2015<\/strong> tarihinde kurulmu\u015f olan <strong>Esenbo\u011fa Elektrik \u00dcretim A\u015e<\/strong>\u2019nin ba\u015fta g\u00fcne\u015f enerjisi olmak \u00fczere, <strong>yenilenebilir enerji kaynaklar\u0131ndan<\/strong> elektrik elde etmek i\u00e7in, <strong>santral <img loading=\"lazy\" class=\"alignright wp-image-115163\" src=\"https:\/\/www.enerjigazetesi.ist\/wp-content\/uploads\/2020\/06\/naturel-enerji-esenboga-elektrik-uretim-as-yi-halka-aciyor.jpg\" alt=\"\" width=\"320\" height=\"185\" srcset=\"https:\/\/www.enerjigazetesi.ist\/wp-content\/uploads\/2020\/06\/naturel-enerji-esenboga-elektrik-uretim-as-yi-halka-aciyor.jpg 683w, https:\/\/www.enerjigazetesi.ist\/wp-content\/uploads\/2020\/06\/naturel-enerji-esenboga-elektrik-uretim-as-yi-halka-aciyor-300x173.jpg 300w, https:\/\/www.enerjigazetesi.ist\/wp-content\/uploads\/2020\/06\/naturel-enerji-esenboga-elektrik-uretim-as-yi-halka-aciyor-500x288.jpg 500w, https:\/\/www.enerjigazetesi.ist\/wp-content\/uploads\/2020\/06\/naturel-enerji-esenboga-elektrik-uretim-as-yi-halka-aciyor-80x46.jpg 80w\" sizes=\"(max-width: 320px) 100vw, 320px\" \/>kurulmas\u0131, i\u015fletmeye al\u0131nmas\u0131, elektrik enerjisi \u00fcretimi<\/strong> ve <strong>\u00fcretilen elektrik enerjisinin sat\u0131\u015f\u0131<\/strong> konusunda faaliyet g\u00f6sterdi\u011fi aktar\u0131ld\u0131.<\/p>\n<p>A\u00e7\u0131klamada, \u201c\u015eirket, <strong>2018 y\u0131l\u0131nda<\/strong>, Ankara il s\u0131n\u0131rlar\u0131nda <strong>11,43 MWp<\/strong> g\u00fcc\u00fcnde<strong> g\u00fcne\u015f elektrik santrali<\/strong> sat\u0131n alm\u0131\u015ft\u0131r. \u015eirketin sermayesi tamam\u0131 \u00f6denmi\u015f <strong>40 milyon TL<\/strong>\u2019dir. \u015eirket <strong>2019 y\u0131l\u0131n\u0131n<\/strong> son \u00e7eyre\u011finde <strong>Yozgat, Afyon, Nev\u015fehir, Bilecik<\/strong> illerinde toplam<strong> 22,35 MWp<\/strong> g\u00fcc\u00fcnde <strong>g\u00fcne\u015f elektrik santrali al\u0131m\u0131<\/strong> yaparak mevcut kapasitesini<strong> 33.78 MWp<\/strong> g\u00fcc\u00fcne \u00e7\u0131karm\u0131\u015f ve <strong>sekt\u00f6rde b\u00fcy\u00fcmeye<\/strong> devam etmi\u015ftir.\u201d ifadelerine yer verildi.<\/p>\n<p><strong>Elektrik sat\u0131\u015flar\u0131<\/strong>n\u0131n tamam\u0131n\u0131n <strong>5346<\/strong> ve <strong>6094 say\u0131l\u0131<\/strong> kanunlarla belirlenmi\u015f <strong>Yenilenebilir Enerji Destekleme Mekanizmas\u0131 (YEKDEM)<\/strong> kapsam\u0131nda, Devlet al\u0131m garantisi ile <strong>13,3 USDcent\/kWh<\/strong> fiyat ile ger\u00e7ekle\u015fti\u011fi ve bu al\u0131m garantisinin santrallerin ge\u00e7ici kabul tarihinden itibaren <strong>10 y\u0131l s\u00fcre<\/strong> ile devam edece\u011fi bildirilen a\u00e7\u0131klamada \u015funlar kaydedildi: \u201c<strong>2020 y\u0131l\u0131n\u0131n<\/strong> ilk \u00e7eyre\u011finde \u015eirket, <strong>G\u00fcne\u015f Enerji Santralleri m\u00fcteahhitlik faaliyetleri<\/strong> kapsam\u0131nda <strong>Kahramanmara\u015f\u2019ta<\/strong> T\u00fcrkiye\u2019nin en b\u00fcy\u00fck <strong>\u00e7at\u0131 g\u00fcne\u015f santralinin anahtar teslim yap\u0131m\u0131<\/strong> i\u00e7in <strong>Balsuyu \u015eirketler Grubu<\/strong> ile toplam KDV dahil <strong>5 milyon 902 bin 20,16 dolarl\u0131k<\/strong> <strong>m\u00fcteahhitlik s\u00f6zle\u015fmesi<\/strong> imzalam\u0131\u015ft\u0131r. Hemen ard\u0131ndan, nisan ay\u0131n\u0131n ba\u015f\u0131nda <strong>\u00e7at\u0131 g\u00fcne\u015f santrali yap\u0131m\u0131<\/strong> kapsam\u0131nda <strong>Kahramanmara\u015f<\/strong>\u2019ta K\u0131rteks Metal Tekstil San. ve Tic. Ltd. \u015eti ile KDV dahil <strong>1 milyon 5 bin 657,36 dolarl\u0131k<\/strong> ayn\u0131 kapsamda haziran ay\u0131nda Saf Mensucat San. ve Tic. A.\u015e. ile KDV dahil <strong>2 milyon 301 bin 472 dolarl\u0131k<\/strong> m\u00fcteahhitlik s\u00f6zle\u015fmesi imzalayarak <strong>G\u00fcne\u015f Enerjisi M\u00fcteahhitlik i\u015fleri<\/strong>nde de b\u00fcy\u00fcmeye devam etmi\u015f ve etmektedir\u201d.<\/p>\n<p>A\u00e7\u0131klama \u015f\u00f6yle devam etti:\u201d\u015eirket alan\u0131nda yetkin kadrosu ile <strong>kurulu santrallerinin i\u015fletmesini yaparak<\/strong> ve m\u00fcteahhitlik hizmetleri vererek,<strong> yeni enerji projeleri i\u00e7in faaliyetlerini<\/strong> s\u00fcrd\u00fcrmektedir.Son y\u0131llarda tan\u0131k oldu\u011fumuz b\u00fcy\u00fck enerji d\u00f6n\u00fc\u015f\u00fcm\u00fcn\u00fcn en \u00f6nemli par\u00e7as\u0131 olan <strong>G\u00fcne\u015f Enerjisi, elektrik \u00fcretim maliyetleri a\u00e7\u0131s\u0131nda<\/strong> art\u0131k en ekonomik \u00e7\u00f6z\u00fcm olma konusundaki liderli\u011fini peki\u015ftirmi\u015ftir. D\u00fcnya \u00fczerindeki kurulu <strong>elektrik g\u00fcc\u00fcndeki pay\u0131n\u0131 her y\u0131l istikrarl\u0131 bir \u015fekilde<\/strong> art\u0131ran sonsuz enerji kayna\u011f\u0131m\u0131z g\u00fcne\u015f, \u00f6zellikle<strong> \u0131\u015f\u0131n\u0131m oranlar\u0131<\/strong>n\u0131n olduk\u00e7a y\u00fcksek oldu\u011fu \u00fclkemizde, <strong>enerji sekt\u00f6r\u00fcn\u00fcn temel dinamiklerini b\u00fcy\u00fck bir h\u0131zda<\/strong> de\u011fi\u015ftirmektedir. Bunun en g\u00fcncel \u00f6rne\u011fini kendi ihtiya\u00e7 duydu\u011fu elektri\u011fi \u00fcretmek \u00fczere <strong>\u00e7at\u0131 g\u00fcne\u015f santrallerine<\/strong> b\u00fcy\u00fck ilgi g\u00f6steren<strong> end\u00fcstriyel ve ticari i\u015fletmelerimiz<\/strong> g\u00f6stermektedir.\u00c7ok yak\u0131n gelecekte, d\u00fcnyam\u0131z\u0131n temel enerji kayna\u011f\u0131 olan G\u00fcne\u015f sayesinde, <strong>enerjide d\u0131\u015fa ba\u011f\u0131ml\u0131l\u0131\u011f\u0131m\u0131z<\/strong> \u00e7ok azalacak ve bir s\u00fcre sonra da tamamen kendi kaynaklar\u0131m\u0131zla <strong>kendi enerjimizi \u00fcretir hale gelece\u011fiz<\/strong> ve elbette <strong>gelecek nesillere<\/strong> daha<strong> temiz bir d\u00fcnya miras\u0131<\/strong> b\u0131rakaca\u011f\u0131z. Bu bizim <strong>hem gurur kayna\u011f\u0131m\u0131z<\/strong> hem de <strong>sorumlulu\u011fumuzdur<\/strong>. Daha <strong>temiz<\/strong>, daha <strong>g\u00fczel<\/strong>, daha <strong>ya\u015fanabilir bir d\u00fcnya<\/strong> i\u00e7in var g\u00fcc\u00fcm\u00fczle \u00e7al\u0131\u015f\u0131yoruz.\u201d<\/p>","protected":false},"excerpt":{"rendered":"<p>Sorry, this entry is only available in Turkish. For the sake of viewer convenience, the content is shown below in the alternative language. You may click the link to switch the active language. Naturel Enerji taraf\u0131ndan yap\u0131lan bas\u0131n a\u00e7\u0131klamas\u0131nda, Naturel Yenilenebilir Enerji Ticaret A\u015e\u2019nin % 100 ba\u011fl\u0131 ortakl\u0131\u011f\u0131 olan Esenbo\u011fa Elektrik \u00dcretim A\u015e.\u2019nin halka a\u00e7\u0131lmas\u0131 [&hellip;]<\/p>\n","protected":false},"author":1,"featured_media":115163,"comment_status":"open","ping_status":"open","sticky":false,"template":"","format":"standard","meta":[],"categories":[51,53,49],"tags":[5070,25714,52259,73563,73565,53157,73564,60974,54433,73567,10912,73566,54979,73568],"views":341,"_links":{"self":[{"href":"https:\/\/www.enerjigazetesi.ist\/en\/wp-json\/wp\/v2\/posts\/115161"}],"collection":[{"href":"https:\/\/www.enerjigazetesi.ist\/en\/wp-json\/wp\/v2\/posts"}],"about":[{"href":"https:\/\/www.enerjigazetesi.ist\/en\/wp-json\/wp\/v2\/types\/post"}],"author":[{"embeddable":true,"href":"https:\/\/www.enerjigazetesi.ist\/en\/wp-json\/wp\/v2\/users\/1"}],"replies":[{"embeddable":true,"href":"https:\/\/www.enerjigazetesi.ist\/en\/wp-json\/wp\/v2\/comments?post=115161"}],"version-history":[{"count":0,"href":"https:\/\/www.enerjigazetesi.ist\/en\/wp-json\/wp\/v2\/posts\/115161\/revisions"}],"wp:featuredmedia":[{"embeddable":true,"href":"https:\/\/www.enerjigazetesi.ist\/en\/wp-json\/wp\/v2\/media\/115163"}],"wp:attachment":[{"href":"https:\/\/www.enerjigazetesi.ist\/en\/wp-json\/wp\/v2\/media?parent=115161"}],"wp:term":[{"taxonomy":"category","embeddable":true,"href":"https:\/\/www.enerjigazetesi.ist\/en\/wp-json\/wp\/v2\/categories?post=115161"},{"taxonomy":"post_tag","embeddable":true,"href":"https:\/\/www.enerjigazetesi.ist\/en\/wp-json\/wp\/v2\/tags?post=115161"}],"curies":[{"name":"wp","href":"https:\/\/api.w.org\/{rel}","templated":true}]}}