{"id":115113,"date":"2020-06-11T19:45:38","date_gmt":"2020-06-11T16:45:38","guid":{"rendered":"https:\/\/www.enerjigazetesi.ist\/?p=115113"},"modified":"2020-06-11T19:48:35","modified_gmt":"2020-06-11T16:48:35","slug":"turkiyenin-ciddi-bir-teknolojik-hamle-paketine-ihtiyaci-var","status":"publish","type":"post","link":"https:\/\/www.enerjigazetesi.ist\/en\/turkiyenin-ciddi-bir-teknolojik-hamle-paketine-ihtiyaci-var\/","title":{"rendered":"(Turkish) &#8221;T\u00fcrkiye\u2019nin Ciddi Bir Teknolojik Hamle Paketine \u0130htiyac\u0131 Var&#8221;"},"content":{"rendered":"<p class=\"qtranxs-available-languages-message qtranxs-available-languages-message-en\">Sorry, this entry is only available in <a href=\"https:\/\/www.enerjigazetesi.ist\/tr\/wp-json\/wp\/v2\/posts\/115113\" class=\"qtranxs-available-language-link qtranxs-available-language-link-tr\" title=\"Turkish\">Turkish<\/a>. For the sake of viewer convenience, the content is shown below in the alternative language. You may click the link to switch the active language.<\/p><p><\/p>\n<h1><strong>Bili\u015fim Sanayicileri Derne\u011fi (T\u00dcB\u0130SAD) taraf\u0131ndan haz\u0131rlanan \u201cT\u00fcrkiye\u2019nin Dijitalle\u015fme Endeksi Raporu\u201dna g\u00f6re T\u00fcrkiye\u2019nin dijitalle\u015fme notu 2019\u2019da 5 \u00fczerinden 2.94 iken 2020\u2019de 3.06\u2019ya y\u00fckseldi. T\u00fcrkiye, endeksin t\u00fcm bile\u015fenleri itibariyle ge\u00e7en seneye k\u0131yasla bir iyile\u015fme g\u00f6stermi\u015f olsa da uluslararas\u0131 k\u0131yaslamada dijitalle\u015fmede \u201cortalama\u201d kategorisinde yer ald\u0131. Raporun de\u011ferlendirildi\u011fi toplant\u0131da T\u00fcrkiye\u2019nin \u00f6n\u00fcne a\u00e7\u0131lan yeni f\u0131rsatlardan yararlanabilmesi i\u00e7in dijital d\u00f6n\u00fc\u015f\u00fcm konusunda h\u0131zla mesafe almas\u0131 gerekti\u011fine dikkat \u00e7ekildi.<\/strong><\/h1>\n<p><strong>Bili\u015fim Sanayicileri Derne\u011fi (T\u00dcB\u0130SAD)<\/strong> T\u00fcrkiye ekonomisi ve toplumunun dijitalle\u015fme durumunu inceleyen \u201c<strong>T\u00fcrkiye\u2019nin Dijitalle\u015fme Endeksi Raporu<\/strong>\u201dnu bili\u015fim sekt\u00f6r\u00fcn\u00fcn temsilcileri ve Sanayi ve Teknoloji Bakan Yard\u0131mc\u0131s\u0131 <strong>Mehmet Fatih Kac\u0131r<\/strong>\u2019\u0131n da kat\u0131ld\u0131\u011f\u0131 bir toplant\u0131da <img loading=\"lazy\" class=\"alignright wp-image-115115\" src=\"https:\/\/www.enerjigazetesi.ist\/wp-content\/uploads\/2020\/06\/turkiye-nin-ciddi-bir-teknolojik-hamle-paketine-ihtiyaci-var.jpg\" alt=\"\" width=\"340\" height=\"213\" srcset=\"https:\/\/www.enerjigazetesi.ist\/wp-content\/uploads\/2020\/06\/turkiye-nin-ciddi-bir-teknolojik-hamle-paketine-ihtiyaci-var.jpg 1200w, https:\/\/www.enerjigazetesi.ist\/wp-content\/uploads\/2020\/06\/turkiye-nin-ciddi-bir-teknolojik-hamle-paketine-ihtiyaci-var-300x188.jpg 300w, https:\/\/www.enerjigazetesi.ist\/wp-content\/uploads\/2020\/06\/turkiye-nin-ciddi-bir-teknolojik-hamle-paketine-ihtiyaci-var-768x480.jpg 768w, https:\/\/www.enerjigazetesi.ist\/wp-content\/uploads\/2020\/06\/turkiye-nin-ciddi-bir-teknolojik-hamle-paketine-ihtiyaci-var-1024x640.jpg 1024w, https:\/\/www.enerjigazetesi.ist\/wp-content\/uploads\/2020\/06\/turkiye-nin-ciddi-bir-teknolojik-hamle-paketine-ihtiyaci-var-500x313.jpg 500w, https:\/\/www.enerjigazetesi.ist\/wp-content\/uploads\/2020\/06\/turkiye-nin-ciddi-bir-teknolojik-hamle-paketine-ihtiyaci-var-80x50.jpg 80w\" sizes=\"(max-width: 340px) 100vw, 340px\" \/>kamuoyuyla payla\u015ft\u0131.<\/p>\n<p>\u00d6zel sekt\u00f6r ve kamu temsilcilerinin g\u00f6r\u00fc\u015fleri, <strong>i\u015f d\u00fcnyas\u0131 mensuplar\u0131<\/strong> taraf\u0131ndan doldurulan anketler ve 139 \u00fclkeden al\u0131nan <strong>verilerin analiz edilmesiyle<\/strong> olu\u015fturulan rapor, <strong>d\u00f6n\u00fc\u015f\u00fcm, ekosistem, yeterlilik,<\/strong> kullan\u0131m olmak \u00fczere d\u00f6rt ana bile\u015fen ve <strong>10 farkl\u0131 boyutta<\/strong> T\u00fcrkiye\u2019nin <strong>Dijital D\u00f6n\u00fc\u015f\u00fcm Endeksi<\/strong>\u2019ni ortaya koyuyor.<\/p>\n<p>Her sene tekrarlanacak olan bu endeks \u00e7al\u0131\u015fmas\u0131, T\u00fcrkiye ekonomisinin ve toplumun <strong>dijital d\u00f6n\u00fc\u015f\u00fcm<\/strong>\u00fcn hangi noktas\u0131nda oldu\u011funu, <strong>T\u00fcrkiye\u2019nin dijital d\u00f6n\u00fc\u015f\u00fcm performans\u0131<\/strong>n\u0131, performans\u0131 olumsuz etkileyen fakt\u00f6rleri ve performans\u0131 y\u00fckseltmek i\u00e7in yap\u0131lmas\u0131 gerekenleri ortaya koyuyor.<\/p>\n<p>Raporda, <strong>T\u00fcrkiye\u2019nin Dijital D\u00f6n\u00fc\u015f\u00fcm Endeksi<\/strong> 2019\u2019da <strong>2.94<\/strong>, 2020\u2019de ise <strong>3.06<\/strong> olarak hesapland\u0131. <strong>1<\/strong> ile <strong>5<\/strong> aras\u0131nda bir puanlaman\u0131n yap\u0131ld\u0131\u011f\u0131 de\u011ferlendirmede T\u00fcrkiye\u2019nin notu<strong> \u201cortalama\u201d<\/strong> olarak tan\u0131mlan\u0131yor.<\/p>\n<p>Karaca \u201c<strong>Ekonomik ve toplumsal<\/strong> hayat\u0131n normale d\u00f6nmesinde <strong>en b\u00fcy\u00fck etken teknoloji<\/strong> olacak. Salg\u0131n sonras\u0131 ekonomik d\u00fczen <strong>teknolojinin kullan\u0131m\u0131<\/strong>na eskisinden \u00e7ok daha ba\u011fl\u0131 olacak. Salg\u0131n\u0131n ekonomimizde yaratm\u0131\u015f oldu\u011fu tahribat\u0131n telafisinde <strong>para ve maliye politikalar\u0131<\/strong> kadar <strong>teknoloji politikalar\u0131<\/strong> da \u00f6nemli olacak. Bug\u00fcnlerde T\u00fcrkiye\u2019nin ciddi bir<strong> teknolojik hamle paketi<\/strong> a\u00e7\u0131klamas\u0131 ile;<\/p>\n<p>&#8211; <strong>\u0130lk etki<\/strong> olarak, <strong>finansal piyasalara \u00e7ok olumlu bir mesaj<\/strong> verilmi\u015f olacak. Bu yolla <strong>yat\u0131r\u0131mc\u0131 g\u00fcveninin<\/strong> olu\u015fmas\u0131nda \u00f6nemli bir hamle yap\u0131lm\u0131\u015f olacak.<\/p>\n<p>&#8211; <strong>\u0130kinci<\/strong> olarak, b\u00f6yle bir paket, salg\u0131nda <strong>zor duruma d\u00fc\u015fm\u00fc\u015f<\/strong> olan KOB\u0130\u2019lerimizin ve esnaf\u0131m\u0131z\u0131n yaralar\u0131n\u0131 sarmakta \u00f6nemli olacak.<\/p>\n<p>&#8211; <strong>\u00dc\u00e7\u00fcnc\u00fc<\/strong> olarak, teknoloji hamlesi, \u00fclkemizi <strong>salg\u0131n sonras\u0131nda h\u0131zla aya\u011fa kald\u0131racak<\/strong>; hem ekonomik hem toplumsal <strong>hayat\u0131n normale d\u00f6nmesini<\/strong> h\u0131zland\u0131racak.<\/p>\n<p>&#8211; <strong>D\u00f6rd\u00fcnc\u00fc<\/strong> olarak, <strong>dijital donan\u0131m ve yaz\u0131l\u0131m altyap\u0131s\u0131n\u0131n g\u00fc\u00e7lendirilmesi<\/strong> hem ekonomik hem de sa\u011fl\u0131k sistemini g\u00fc\u00e7lendirerek, <strong>salg\u0131n\u0131n yeniden ba\u015flamas\u0131<\/strong> gibi istenmeyen durumlar kar\u015f\u0131s\u0131nda b\u00fcnyemizi kuvvetlendirecek.<\/p>\n<p><a href=\"http:\/\/www.tubisad.org.tr\/tr\/guncel\/detay\/TUBISAD-Turkiyenin-dijitallesme-notunu-acikladi\/58\/2723\/0\" target=\"_blank\" rel=\"nofollow noopener\">Kaynak: T\u00dcB\u0130SAD<\/a><\/p>","protected":false},"excerpt":{"rendered":"<p>Sorry, this entry is only available in Turkish. For the sake of viewer convenience, the content is shown below in the alternative language. You may click the link to switch the active language. Bili\u015fim Sanayicileri Derne\u011fi (T\u00dcB\u0130SAD) taraf\u0131ndan haz\u0131rlanan \u201cT\u00fcrkiye\u2019nin Dijitalle\u015fme Endeksi Raporu\u201dna g\u00f6re T\u00fcrkiye\u2019nin dijitalle\u015fme notu 2019\u2019da 5 \u00fczerinden 2.94 iken 2020\u2019de 3.06\u2019ya y\u00fckseldi. [&hellip;]<\/p>\n","protected":false},"author":1,"featured_media":115115,"comment_status":"open","ping_status":"open","sticky":false,"template":"","format":"standard","meta":[],"categories":[51,53,157],"tags":[73525,56547,73528,67796,52259,65918,73527,73526],"views":92,"_links":{"self":[{"href":"https:\/\/www.enerjigazetesi.ist\/en\/wp-json\/wp\/v2\/posts\/115113"}],"collection":[{"href":"https:\/\/www.enerjigazetesi.ist\/en\/wp-json\/wp\/v2\/posts"}],"about":[{"href":"https:\/\/www.enerjigazetesi.ist\/en\/wp-json\/wp\/v2\/types\/post"}],"author":[{"embeddable":true,"href":"https:\/\/www.enerjigazetesi.ist\/en\/wp-json\/wp\/v2\/users\/1"}],"replies":[{"embeddable":true,"href":"https:\/\/www.enerjigazetesi.ist\/en\/wp-json\/wp\/v2\/comments?post=115113"}],"version-history":[{"count":0,"href":"https:\/\/www.enerjigazetesi.ist\/en\/wp-json\/wp\/v2\/posts\/115113\/revisions"}],"wp:featuredmedia":[{"embeddable":true,"href":"https:\/\/www.enerjigazetesi.ist\/en\/wp-json\/wp\/v2\/media\/115115"}],"wp:attachment":[{"href":"https:\/\/www.enerjigazetesi.ist\/en\/wp-json\/wp\/v2\/media?parent=115113"}],"wp:term":[{"taxonomy":"category","embeddable":true,"href":"https:\/\/www.enerjigazetesi.ist\/en\/wp-json\/wp\/v2\/categories?post=115113"},{"taxonomy":"post_tag","embeddable":true,"href":"https:\/\/www.enerjigazetesi.ist\/en\/wp-json\/wp\/v2\/tags?post=115113"}],"curies":[{"name":"wp","href":"https:\/\/api.w.org\/{rel}","templated":true}]}}