{"id":115093,"date":"2020-06-10T17:03:35","date_gmt":"2020-06-10T14:03:35","guid":{"rendered":"https:\/\/www.enerjigazetesi.ist\/?p=115093"},"modified":"2020-06-10T17:03:35","modified_gmt":"2020-06-10T14:03:35","slug":"libyada-petrol-arama-calismalarina-yonelik-7-ruhsat-alani-belirlendi","status":"publish","type":"post","link":"https:\/\/www.enerjigazetesi.ist\/en\/libyada-petrol-arama-calismalarina-yonelik-7-ruhsat-alani-belirlendi\/","title":{"rendered":"(Turkish) Libya&#8217;da Petrol Arama \u00c7al\u0131\u015fmalar\u0131na Y\u00f6nelik 7 Ruhsat Alan\u0131 Belirlendi"},"content":{"rendered":"<p class=\"qtranxs-available-languages-message qtranxs-available-languages-message-en\">Sorry, this entry is only available in <a href=\"https:\/\/www.enerjigazetesi.ist\/tr\/wp-json\/wp\/v2\/posts\/115093\" class=\"qtranxs-available-language-link qtranxs-available-language-link-tr\" title=\"Turkish\">Turkish<\/a>. For the sake of viewer convenience, the content is shown below in the alternative language. You may click the link to switch the active language.<\/p><p><\/p>\n<h1>Kat\u0131ld\u0131\u011f\u0131 bir televizyon program\u0131nda a\u00e7\u0131klamalarda bulunan Enerji ve Tabii Kaynaklar Bakan\u0131 Fatih D\u00f6nmez, T\u00fcrkiye&#8217;nin Do\u011fu Akdeniz&#8217;de 6 sondaj\u0131 tamamlad\u0131\u011f\u0131n\u0131 ve &#8220;Yavuz&#8221; sondaj gemisinin Sel\u00e7uklu-1 lokasyonunda 7&#8217;inci sondaja devam etti\u011fini s\u00f6yledi.<\/h1>\n<p><strong>Do\u011fu Akdeniz<\/strong>&#8216;de <strong>TP<\/strong>&#8216;nin <strong>Kuzey K\u0131br\u0131s T\u00fcrk Cumhuriyeti<\/strong>&#8216;nden ald\u0131\u011f\u0131 ruhsat alanlar\u0131ndaki \u00e7al\u0131\u015fmalar\u0131n yan\u0131 s\u0131ra T\u00fcrkiye Cumhuriyeti&#8217;nin TP&#8217;ye verdi\u011fi ruhsat alanlar\u0131nda da sondaj yap\u0131ld\u0131\u011f\u0131n\u0131 vurgulayan D\u00f6nmez, &#8220;Libya ile yap\u0131lan mutabakat kapsam\u0131nda ise 7 ruhsat alan\u0131 belirledik. TP ge\u00e7ti\u011fimiz haftalarda <strong>Maden ve Petrol \u0130\u015fleri Genel M\u00fcd\u00fcrl\u00fc\u011f\u00fc<\/strong>&#8216;ne m\u00fcracaat etmek suretiyle burada <strong>petrol arama ve \u00fcretim faaliyeti<\/strong> i\u00e7in izin istedi. Yasal bir prosed\u00fcr var, yakla\u015f\u0131k<strong> 3 ay kadar<\/strong> ask\u0131 ve ilan s\u00fcreci devam edecek. Sonras\u0131nda ba\u015fka ba\u015fvuran olmazsa, TP bu alanda da petrol aramalar\u0131na ba\u015flam\u0131\u015f olacak ve <strong>3-4 ay i\u00e7erisinde<\/strong> \u00f6nce sismik aramalar\u0131 yapaca\u011f\u0131z, buradan al\u0131nan <img loading=\"lazy\" class=\"alignright wp-image-115095\" src=\"https:\/\/www.enerjigazetesi.ist\/wp-content\/uploads\/2020\/06\/libyada-petrol-arama-calismalarina-yonelik-7-ruhsat-alani-belirlendi.jpg\" alt=\"\" width=\"340\" height=\"197\" srcset=\"https:\/\/www.enerjigazetesi.ist\/wp-content\/uploads\/2020\/06\/libyada-petrol-arama-calismalarina-yonelik-7-ruhsat-alani-belirlendi.jpg 753w, https:\/\/www.enerjigazetesi.ist\/wp-content\/uploads\/2020\/06\/libyada-petrol-arama-calismalarina-yonelik-7-ruhsat-alani-belirlendi-300x174.jpg 300w, https:\/\/www.enerjigazetesi.ist\/wp-content\/uploads\/2020\/06\/libyada-petrol-arama-calismalarina-yonelik-7-ruhsat-alani-belirlendi-500x290.jpg 500w, https:\/\/www.enerjigazetesi.ist\/wp-content\/uploads\/2020\/06\/libyada-petrol-arama-calismalarina-yonelik-7-ruhsat-alani-belirlendi-80x46.jpg 80w\" sizes=\"(max-width: 340px) 100vw, 340px\" \/>veriler de\u011ferlendirildikten sonra da lokasyon belirleyece\u011fiz. Bu mutabakatla <strong>Do\u011fu Akdeniz<\/strong>&#8216;in <strong>bat\u0131 k\u0131sm\u0131nda<\/strong> s\u0131n\u0131r\u0131 da netle\u015ftirmi\u015f olduk.&#8221;\u015feklinde konu\u015ftu.<\/p>\n<p>D\u00f6nmez, Libya&#8217;n\u0131n <strong>istikrar ve g\u00fcvenli\u011fe<\/strong> kavu\u015fmas\u0131n\u0131n \u00f6ncelikli oldu\u011funu belirterek, &#8220;Her iki \u00fclkenin lideri de <strong>do\u011fal gaz ve petrol aramalar\u0131<\/strong>nda i\u015f birli\u011finin daha da geli\u015ftirilmesi noktas\u0131nda g\u00f6r\u00fc\u015flerini beyan etmi\u015flerdi. Altyap\u0131 ve \u00fcstyap\u0131da bir\u00e7ok i\u015fler de olacak. Bizim m\u00fcteahhitlerimiz o b\u00f6lgeye al\u0131\u015f\u0131k. \u015eu anda da iki tane b\u00fcy\u00fck <strong>elektrik \u00fcretim santralinin<\/strong> in\u015fas\u0131 bizim iki b\u00fcy\u00fck \u00f6zel firmam\u0131za ait. Onlar da bu s\u00fcre\u00e7 <strong>tamamlan\u0131r tamamlanmaz<\/strong> devreye al\u0131nma a\u015famas\u0131na geldi.&#8221; a\u00e7\u0131klamas\u0131nda bulundu.<\/p>\n<p>TP&#8217;nin yak\u0131n co\u011frafyada <strong>petrol arama ve \u00fcretimi<\/strong> yapan g\u00fc\u00e7l\u00fc bir oyuncu haline geldi\u011fini ifade eden D\u00f6nmez, <strong>salg\u0131n s\u00fcreci<\/strong>nden \u00f6nce <strong>Cezayir<\/strong> ile de planlanan bir \u00e7al\u0131\u015fma oldu\u011funu ve g\u00f6r\u00fc\u015fmelerin devam etti\u011fini s\u00f6yledi.<\/p>\n<p>D\u00f6nmez, TP&#8217;nin derin denizlerdeki <strong>sondaj kabiliyeti kullanmak<\/strong> \u00fczere \u00fclkelerden talepler de geldi\u011fini vurgulad\u0131.<\/p>\n<p>Di\u011fer yandan T\u00fcrkiye&#8217;nin Afrika&#8217;da da <strong>maden ba\u015fta olmak<\/strong> \u00fczere \u00e7e\u015fitli yat\u0131r\u0131mlar\u0131 oldu\u011funu aktaran D\u00f6nmez, maden \u00e7al\u0131\u015fmalar\u0131n\u0131n <strong>ke\u015fif ve ara\u015ft\u0131rma a\u015famas\u0131nda<\/strong> oldu\u011funu dile getirdi.<\/p>\n<h2><strong>&#8220;Petrol Depolar\u0131 % 90 Doldu&#8221;<\/strong><\/h2>\n<p>TP&#8217;ye ait <strong>&#8220;Fatih&#8221; sondaj gemisi<\/strong>nin Karadeniz&#8217;deki sondaj\u0131na temmuz ay\u0131n\u0131n ortas\u0131nda ba\u015flayaca\u011f\u0131n\u0131 an\u0131msatan D\u00f6nmez, T\u00fcrkiye&#8217;nin karada da petrol aramalar\u0131n\u0131 s\u00fcrd\u00fcrd\u00fc\u011f\u00fcn\u00fc, <strong>Diyarbak\u0131r<\/strong> ve <strong>Siirt<\/strong>&#8216;te <strong>hidrolik \u00e7atlatma y\u00f6ntemi<\/strong>nin denendi\u011fini ve ilk \u00e7al\u0131\u015fmalar\u0131n olumlu sonu\u00e7land\u0131\u011f\u0131n\u0131 bildirdi.<br \/>\nBakan D\u00f6nmez, <strong>yeni tip koronavir\u00fcs (Kovid-19) d\u00f6nemi<\/strong>nde <strong>petrol fiyatlar\u0131ndaki d\u00fc\u015f\u00fc\u015f<\/strong> sonras\u0131nda T\u00fcrkiye&#8217;nin depolar\u0131n\u0131 <strong>% 90<\/strong> seviyesinde doldurdu\u011funu belirtti.<\/p>\n<p><strong>Petrol fiyatlar\u0131<\/strong>n\u0131n bu y\u0131l i\u00e7erisinde \u00e7ok fazla y\u00fckselmeyece\u011fini \u00f6ng\u00f6rd\u00fcklerini ifade eden D\u00f6nmez, <strong>Kovid-19 krizi<\/strong>nin \u00fcretici ve t\u00fcketici \u00fclkelerin birbirine kar\u015f\u0131l\u0131kl\u0131 olarak \u00e7ok ciddi bir \u015fekilde ba\u011f\u0131ml\u0131 oldu\u011funu g\u00f6sterdi\u011fini kaydetti.<\/p>\n<h2><strong>&#8220;Mini YEKA \u0130haleleri Ekimde Yap\u0131lacak&#8221;<\/strong><\/h2>\n<p>Enerji ve Tabii Kaynaklar Bakan\u0131 Fatih D\u00f6nmez, T\u00fcrkiye\u2019nin\u00a0 yenilenebilir enerjideki ad\u0131mlar\u0131n\u0131n devam etti\u011fini belirterek,\u00a0<strong>mini g\u00fcne\u015f Yenilenebilir Enerji Kaynak Alanlar\u0131 (YEKA) projesi<\/strong> i\u00e7in\u00a0 ihaleler a\u00e7\u0131laca\u011f\u0131n\u0131 s\u00f6yledi.<\/p>\n<p>D\u00f6nmez, <strong>yenilenebilir enerji<\/strong> taraf\u0131nda ise <strong>mini Yenilenebilir Enerji Kaynak Alanlar\u0131 (YEKA) ihaleleri<\/strong>ne ili\u015fkin ilanlar\u0131n bug\u00fcnlerde haz\u0131rland\u0131\u011f\u0131n\u0131 belirterek, &#8220;Niyetimiz ekim ay\u0131 i\u00e7erisinde bu yar\u0131\u015fmalar\u0131 yapmak. <strong>Mini YEKA<\/strong>&#8216;lar <strong>10<\/strong> ila <strong>50<\/strong> megavat aras\u0131nda de\u011fi\u015fen kapasitelerde olacak ve toplam 1000 megavat i\u00e7in yap\u0131lacak. <strong>K\u00fc\u00e7\u00fck ve orta \u00f6l\u00e7ekli yat\u0131r\u0131mc\u0131lar<\/strong> kendi \u015fehirlerinde g\u00fcne\u015f potansiyelini de\u011ferlendirmi\u015f olacak.&#8221; dedi.<\/p>\n<h2><strong>&#8220;Yer Alt\u0131 Maden \u0130\u015fletmelerine 350 Milyon Lira Destek \u00d6denecek&#8221;<\/strong><\/h2>\n<p>D\u00f6nmez, y\u0131lda yakla\u015f\u0131k<strong> 10 bin yer alt\u0131 madencisi<\/strong> i\u00e7in belirtilen \u015fartlar\u0131 yerine getiren i\u015fletmelere toplamda <strong>350 milyon lira destek \u00f6demesi<\/strong> yap\u0131laca\u011f\u0131n\u0131 bildirdi.<\/p>\n<p>D\u00f6nmez, &#8220;\u0130stihdam\u0131 ve \u00fcretimi art\u0131rmak i\u00e7in yer alt\u0131 maden i\u015f\u00e7ilerine yap\u0131lan <strong>destek \u00f6demeleri<\/strong>ne bug\u00fcn itibar\u0131yla ba\u015flad\u0131k. Y\u0131lda yakla\u015f\u0131k <strong>10 bin yer alt\u0131 madencimiz<\/strong> i\u00e7in belirtilen \u015fartlar\u0131 yerine getiren i\u015fletmelere toplamda <strong>350 milyon liral\u0131k destek<\/strong> \u00f6demesi yapaca\u011f\u0131z.\u201ddedi.<\/p>","protected":false},"excerpt":{"rendered":"<p>Sorry, this entry is only available in Turkish. For the sake of viewer convenience, the content is shown below in the alternative language. You may click the link to switch the active language. Kat\u0131ld\u0131\u011f\u0131 bir televizyon program\u0131nda a\u00e7\u0131klamalarda bulunan Enerji ve Tabii Kaynaklar Bakan\u0131 Fatih D\u00f6nmez, T\u00fcrkiye&#8217;nin Do\u011fu Akdeniz&#8217;de 6 sondaj\u0131 tamamlad\u0131\u011f\u0131n\u0131 ve &#8220;Yavuz&#8221; sondaj [&hellip;]<\/p>\n","protected":false},"author":1,"featured_media":115095,"comment_status":"open","ping_status":"open","sticky":false,"template":"","format":"standard","meta":[],"categories":[53],"tags":[73507,3885,1930,52259,1389,27530,72975,10323,9207,48949,62596,6870,73508,53153,6074,6154,52643],"views":143,"_links":{"self":[{"href":"https:\/\/www.enerjigazetesi.ist\/en\/wp-json\/wp\/v2\/posts\/115093"}],"collection":[{"href":"https:\/\/www.enerjigazetesi.ist\/en\/wp-json\/wp\/v2\/posts"}],"about":[{"href":"https:\/\/www.enerjigazetesi.ist\/en\/wp-json\/wp\/v2\/types\/post"}],"author":[{"embeddable":true,"href":"https:\/\/www.enerjigazetesi.ist\/en\/wp-json\/wp\/v2\/users\/1"}],"replies":[{"embeddable":true,"href":"https:\/\/www.enerjigazetesi.ist\/en\/wp-json\/wp\/v2\/comments?post=115093"}],"version-history":[{"count":0,"href":"https:\/\/www.enerjigazetesi.ist\/en\/wp-json\/wp\/v2\/posts\/115093\/revisions"}],"wp:featuredmedia":[{"embeddable":true,"href":"https:\/\/www.enerjigazetesi.ist\/en\/wp-json\/wp\/v2\/media\/115095"}],"wp:attachment":[{"href":"https:\/\/www.enerjigazetesi.ist\/en\/wp-json\/wp\/v2\/media?parent=115093"}],"wp:term":[{"taxonomy":"category","embeddable":true,"href":"https:\/\/www.enerjigazetesi.ist\/en\/wp-json\/wp\/v2\/categories?post=115093"},{"taxonomy":"post_tag","embeddable":true,"href":"https:\/\/www.enerjigazetesi.ist\/en\/wp-json\/wp\/v2\/tags?post=115093"}],"curies":[{"name":"wp","href":"https:\/\/api.w.org\/{rel}","templated":true}]}}