{"id":115084,"date":"2020-06-10T16:36:54","date_gmt":"2020-06-10T13:36:54","guid":{"rendered":"https:\/\/www.enerjigazetesi.ist\/?p=115084"},"modified":"2020-06-10T16:40:21","modified_gmt":"2020-06-10T13:40:21","slug":"sanko-enerjinin-ceosu-ziya-erdem-oldu","status":"publish","type":"post","link":"https:\/\/www.enerjigazetesi.ist\/en\/sanko-enerjinin-ceosu-ziya-erdem-oldu\/","title":{"rendered":"(Turkish) &#8217;Sanko Enerji&#8217;nin CEO\u2019su Ziya Erdem Oldu"},"content":{"rendered":"<p class=\"qtranxs-available-languages-message qtranxs-available-languages-message-en\">Sorry, this entry is only available in <a href=\"https:\/\/www.enerjigazetesi.ist\/tr\/wp-json\/wp\/v2\/posts\/115084\" class=\"qtranxs-available-language-link qtranxs-available-language-link-tr\" title=\"Turkish\">Turkish<\/a>. For the sake of viewer convenience, the content is shown below in the alternative language. You may click the link to switch the active language.<\/p><p><\/p>\n<h1>Sanko Enerji, daha \u00f6nce EnerjiSA Enerji A.\u015e.\u2019nin CEO\u2019luk g\u00f6revini y\u00fcr\u00fcten Ziya Erdem\u2019i Sanko Enerji CEO\u2019su olarak atad\u0131. Ziya Erdem, ayn\u0131 zamanda Sanko Enerji <em><img loading=\"lazy\" class=\"alignright wp-image-115086\" src=\"https:\/\/www.enerjigazetesi.ist\/wp-content\/uploads\/2020\/06\/sanko-enerjinin-ceosu-ziya-erdem-oldu.jpg\" alt=\"\" width=\"320\" height=\"480\" srcset=\"https:\/\/www.enerjigazetesi.ist\/wp-content\/uploads\/2020\/06\/sanko-enerjinin-ceosu-ziya-erdem-oldu.jpg 325w, https:\/\/www.enerjigazetesi.ist\/wp-content\/uploads\/2020\/06\/sanko-enerjinin-ceosu-ziya-erdem-oldu-200x300.jpg 200w, https:\/\/www.enerjigazetesi.ist\/wp-content\/uploads\/2020\/06\/sanko-enerjinin-ceosu-ziya-erdem-oldu-266x400.jpg 266w, https:\/\/www.enerjigazetesi.ist\/wp-content\/uploads\/2020\/06\/sanko-enerjinin-ceosu-ziya-erdem-oldu-33x50.jpg 33w\" sizes=\"(max-width: 320px) 100vw, 320px\" \/><\/em>Y\u00f6netim Kurulu&#8217;nda \u00fcye olarak yer alacak.<\/h1>\n<p><em>Bilgi ve tecr\u00fcbesi<\/em> ile <strong>Sanko Enerji<\/strong>\u2019nin \u00f6n\u00fcm\u00fczdeki d\u00f6nem faaliyetlerini y\u00f6netecek olan <strong>Ziya Erdem<\/strong>, <strong>2010-2017 y\u0131llar\u0131<\/strong> aras\u0131nda <strong>Ericsson T\u00fcrkiye<\/strong> <strong>Ba\u015fkan\u0131<\/strong> ve <strong>Ericsson Ortado\u011fu<\/strong> ve <strong>Kuzey Afrika B\u00f6lgesi Ba\u015fkan Yard\u0131mc\u0131s\u0131<\/strong> olarak g\u00f6rev ald\u0131.<\/p>\n<p><strong>Bilgi ve ileti\u015fim teknolojileri<\/strong> ile <strong>dijital d\u00f6n\u00fc\u015f\u00fcm<\/strong> konular\u0131nda dan\u0131\u015fmanl\u0131k hizmeti de vermi\u015f olan Erdem, \u00e7al\u0131\u015fma hayat\u0131na <strong>1988<\/strong> y\u0131l\u0131nda <strong>Pabalk \u015eirketler Grubu<\/strong>\u2019nda Y\u00f6netim Kurulu \u00dcyesi ve <strong>Ba\u015fkan Yard\u0131mc\u0131s\u0131<\/strong> olarak ba\u015flad\u0131. Erdem, daha sonras\u0131nda s\u0131ras\u0131yla <strong>Mansan Mantar G\u0131da Sanayi<\/strong>, <strong>TicaretNet, T\u00fcrk Nokta Net, Sabanc\u0131 Telekom\u00fcnikasyon ve \u0130nterkom Telekom\u00fcnikasyon<\/strong> gibi \u015firketlerde \u00fcst d\u00fczey y\u00f6neticilik yapt\u0131.<\/p>\n<p>Ziya Erdem <strong>1984 y\u0131l\u0131nda<\/strong> U.S. International University San Diego <strong>\u0130\u015fletme B\u00f6l\u00fcm\u00fc<\/strong>\u2019nden mezun olduktan sonra, 1986 y\u0131l\u0131nda U.S. National University San Diego\u2019da ayn\u0131 b\u00f6l\u00fcm \u00fczerine y\u00fcksek lisans yapt\u0131. Son olarak 2012 y\u0131l\u0131nda Columbia \u00dcniversitesi\u2019nde <strong>\u00dcst D\u00fczey Y\u00f6netim Program\u0131&#8217;<\/strong>n\u0131 tamamlayan <strong>1963<\/strong> do\u011fumlu<strong> Erdem<\/strong>, <em>evli ve bir \u00e7ocuk<\/em> babas\u0131d\u0131r.<\/p>","protected":false},"excerpt":{"rendered":"<p>Sorry, this entry is only available in Turkish. For the sake of viewer convenience, the content is shown below in the alternative language. You may click the link to switch the active language. Sanko Enerji, daha \u00f6nce EnerjiSA Enerji A.\u015e.\u2019nin CEO\u2019luk g\u00f6revini y\u00fcr\u00fcten Ziya Erdem\u2019i Sanko Enerji CEO\u2019su olarak atad\u0131. Ziya Erdem, ayn\u0131 zamanda Sanko [&hellip;]<\/p>\n","protected":false},"author":1,"featured_media":115087,"comment_status":"open","ping_status":"open","sticky":false,"template":"","format":"standard","meta":[],"categories":[51,53],"tags":[4781,18580,56547,52674,52259,34816,73364,25055,73501,5401,37950],"views":130,"_links":{"self":[{"href":"https:\/\/www.enerjigazetesi.ist\/en\/wp-json\/wp\/v2\/posts\/115084"}],"collection":[{"href":"https:\/\/www.enerjigazetesi.ist\/en\/wp-json\/wp\/v2\/posts"}],"about":[{"href":"https:\/\/www.enerjigazetesi.ist\/en\/wp-json\/wp\/v2\/types\/post"}],"author":[{"embeddable":true,"href":"https:\/\/www.enerjigazetesi.ist\/en\/wp-json\/wp\/v2\/users\/1"}],"replies":[{"embeddable":true,"href":"https:\/\/www.enerjigazetesi.ist\/en\/wp-json\/wp\/v2\/comments?post=115084"}],"version-history":[{"count":0,"href":"https:\/\/www.enerjigazetesi.ist\/en\/wp-json\/wp\/v2\/posts\/115084\/revisions"}],"wp:featuredmedia":[{"embeddable":true,"href":"https:\/\/www.enerjigazetesi.ist\/en\/wp-json\/wp\/v2\/media\/115087"}],"wp:attachment":[{"href":"https:\/\/www.enerjigazetesi.ist\/en\/wp-json\/wp\/v2\/media?parent=115084"}],"wp:term":[{"taxonomy":"category","embeddable":true,"href":"https:\/\/www.enerjigazetesi.ist\/en\/wp-json\/wp\/v2\/categories?post=115084"},{"taxonomy":"post_tag","embeddable":true,"href":"https:\/\/www.enerjigazetesi.ist\/en\/wp-json\/wp\/v2\/tags?post=115084"}],"curies":[{"name":"wp","href":"https:\/\/api.w.org\/{rel}","templated":true}]}}