{"id":115044,"date":"2020-06-09T19:18:05","date_gmt":"2020-06-09T16:18:05","guid":{"rendered":"https:\/\/www.enerjigazetesi.ist\/?p=115044"},"modified":"2020-06-09T19:18:45","modified_gmt":"2020-06-09T16:18:45","slug":"mini-yenilenebilir-enerji-kaynak-alanlari-ihaleleri-ekim-ayinda-yapilacak","status":"publish","type":"post","link":"https:\/\/www.enerjigazetesi.ist\/en\/mini-yenilenebilir-enerji-kaynak-alanlari-ihaleleri-ekim-ayinda-yapilacak\/","title":{"rendered":"(Turkish) &#8217;Mini Yenilenebilir Enerji Kaynak Alanlar\u0131 \u0130haleleri&#8217; Ekim Ay\u0131nda Yap\u0131lacak"},"content":{"rendered":"<p class=\"qtranxs-available-languages-message qtranxs-available-languages-message-en\">Sorry, this entry is only available in <a href=\"https:\/\/www.enerjigazetesi.ist\/tr\/wp-json\/wp\/v2\/posts\/115044\" class=\"qtranxs-available-language-link qtranxs-available-language-link-tr\" title=\"Turkish\">Turkish<\/a>. For the sake of viewer convenience, the content is shown below in the alternative language. You may click the link to switch the active language.<\/p><p><\/p>\n<h1>Enerji ve Tabii Kaynaklar Bakan\u0131 Fatih D\u00f6nmez taraf\u0131ndan bir televizyon program\u0131nda YEKA ihalelerine y\u00f6nelik \u00f6nemli a\u00e7\u0131klamalar yap\u0131ld\u0131.<\/h1>\n<p style=\"text-align: center;\"><img loading=\"lazy\" class=\"aligncenter wp-image-115047\" src=\"https:\/\/www.enerjigazetesi.ist\/wp-content\/uploads\/2020\/06\/mini-yenilenebilir-enerji-kaynak-alanlari-ihaleleri-ekim-ayinda-yapilacak.jpg\" alt=\"\" width=\"650\" height=\"258\" srcset=\"https:\/\/www.enerjigazetesi.ist\/wp-content\/uploads\/2020\/06\/mini-yenilenebilir-enerji-kaynak-alanlari-ihaleleri-ekim-ayinda-yapilacak.jpg 906w, https:\/\/www.enerjigazetesi.ist\/wp-content\/uploads\/2020\/06\/mini-yenilenebilir-enerji-kaynak-alanlari-ihaleleri-ekim-ayinda-yapilacak-300x119.jpg 300w, https:\/\/www.enerjigazetesi.ist\/wp-content\/uploads\/2020\/06\/mini-yenilenebilir-enerji-kaynak-alanlari-ihaleleri-ekim-ayinda-yapilacak-768x305.jpg 768w, https:\/\/www.enerjigazetesi.ist\/wp-content\/uploads\/2020\/06\/mini-yenilenebilir-enerji-kaynak-alanlari-ihaleleri-ekim-ayinda-yapilacak-500x199.jpg 500w, https:\/\/www.enerjigazetesi.ist\/wp-content\/uploads\/2020\/06\/mini-yenilenebilir-enerji-kaynak-alanlari-ihaleleri-ekim-ayinda-yapilacak-80x32.jpg 80w\" sizes=\"(max-width: 650px) 100vw, 650px\" \/><\/p>\n<p><strong>Enerji ve Tabii Kaynaklar Bakan\u0131 Fatih D\u00f6nmez<\/strong>, yenilenebilir enerji taraf\u0131nda ise <strong>Mini\u00a0Yenilenebilir Enerji Kaynak Alanlar\u0131\u00a0(YEKA) ihaleleri<\/strong>ne y\u00f6nelik ilgili\u00a0<strong>ilanlar\u0131n bug\u00fcnlerde<\/strong> haz\u0131rland\u0131\u011f\u0131n\u0131 belirterek\u00a0<span style=\"text-decoration: underline;\">\u015funlar\u0131 s\u00f6yledi:<\/span><\/p>\n<p><em>\u201cNiyetimiz <strong>ekim ay\u0131 i\u00e7erisinde<\/strong> bu <strong>yar\u0131\u015fmalar\u0131<\/strong> yapmak.\u00a0<strong>Mini YEKA<\/strong>\u2018lar <strong>10 &#8211; 50 mw<\/strong> aras\u0131nda de\u011fi\u015fen kapasitelerde olacak. ve toplam da <strong>1000 mw<\/strong> i\u00e7in yap\u0131lacak.<strong> K\u00fc\u00e7\u00fck ve orta \u00f6l\u00e7ekli yat\u0131r\u0131mc\u0131lar<\/strong> kendi \u015fehirlerinde\u00a0<strong>g\u00fcne\u015f\u00a0<\/strong>potansiyelini de\u011ferlendirmi\u015f olacak.\u201d<\/em><\/p>","protected":false},"excerpt":{"rendered":"<p>Sorry, this entry is only available in Turkish. For the sake of viewer convenience, the content is shown below in the alternative language. You may click the link to switch the active language. Enerji ve Tabii Kaynaklar Bakan\u0131 Fatih D\u00f6nmez taraf\u0131ndan bir televizyon program\u0131nda YEKA ihalelerine y\u00f6nelik \u00f6nemli a\u00e7\u0131klamalar yap\u0131ld\u0131. Enerji ve Tabii Kaynaklar Bakan\u0131 [&hellip;]<\/p>\n","protected":false},"author":1,"featured_media":115048,"comment_status":"open","ping_status":"open","sticky":false,"template":"","format":"standard","meta":[],"categories":[51,53,49],"tags":[52259,1389,1635,27530,35038,53157,48949,73479,62596,54979,61023],"views":108,"_links":{"self":[{"href":"https:\/\/www.enerjigazetesi.ist\/en\/wp-json\/wp\/v2\/posts\/115044"}],"collection":[{"href":"https:\/\/www.enerjigazetesi.ist\/en\/wp-json\/wp\/v2\/posts"}],"about":[{"href":"https:\/\/www.enerjigazetesi.ist\/en\/wp-json\/wp\/v2\/types\/post"}],"author":[{"embeddable":true,"href":"https:\/\/www.enerjigazetesi.ist\/en\/wp-json\/wp\/v2\/users\/1"}],"replies":[{"embeddable":true,"href":"https:\/\/www.enerjigazetesi.ist\/en\/wp-json\/wp\/v2\/comments?post=115044"}],"version-history":[{"count":0,"href":"https:\/\/www.enerjigazetesi.ist\/en\/wp-json\/wp\/v2\/posts\/115044\/revisions"}],"wp:featuredmedia":[{"embeddable":true,"href":"https:\/\/www.enerjigazetesi.ist\/en\/wp-json\/wp\/v2\/media\/115048"}],"wp:attachment":[{"href":"https:\/\/www.enerjigazetesi.ist\/en\/wp-json\/wp\/v2\/media?parent=115044"}],"wp:term":[{"taxonomy":"category","embeddable":true,"href":"https:\/\/www.enerjigazetesi.ist\/en\/wp-json\/wp\/v2\/categories?post=115044"},{"taxonomy":"post_tag","embeddable":true,"href":"https:\/\/www.enerjigazetesi.ist\/en\/wp-json\/wp\/v2\/tags?post=115044"}],"curies":[{"name":"wp","href":"https:\/\/api.w.org\/{rel}","templated":true}]}}