{"id":114975,"date":"2020-06-08T19:11:41","date_gmt":"2020-06-08T16:11:41","guid":{"rendered":"https:\/\/www.enerjigazetesi.ist\/?p=114975"},"modified":"2020-06-08T19:14:47","modified_gmt":"2020-06-08T16:14:47","slug":"otizmli-bireyler-ve-ailelerine-kulak-verin-bizhepevdeyiz","status":"publish","type":"post","link":"https:\/\/www.enerjigazetesi.ist\/en\/otizmli-bireyler-ve-ailelerine-kulak-verin-bizhepevdeyiz\/","title":{"rendered":"(Turkish) Otizmli Birey ve Ailelerine Kulak Verin:#BizHepEvdeyiz"},"content":{"rendered":"<p class=\"qtranxs-available-languages-message qtranxs-available-languages-message-en\">Sorry, this entry is only available in <a href=\"https:\/\/www.enerjigazetesi.ist\/tr\/wp-json\/wp\/v2\/posts\/114975\" class=\"qtranxs-available-language-link qtranxs-available-language-link-tr\" title=\"Turkish\">Turkish<\/a>. For the sake of viewer convenience, the content is shown below in the alternative language. You may click the link to switch the active language.<\/p><p><\/p>\n<h1><strong>\u201cT\u00fcrkiye Otizm A\u011f\u0131 G\u00fc\u00e7lendirme Projesi\u201d kapsam\u0131nda ger\u00e7ekle\u015ftirilen #BizHepEvdeyiz kampanyas\u0131 ile herkes, otizmli bireylerin ve ailelerinin sesi olmaya davet ediliyor! <\/strong><\/h1>\n<p><strong>Avrupa Birli\u011fi<\/strong> ve <strong>T\u00fcrkiye Cumhuriyeti Ortakl\u0131klar<\/strong> ve <strong>A\u011flar Hibe Program\u0131<\/strong> taraf\u0131ndan desteklenen <strong>Tohum Otizm Vakf\u0131<\/strong>\u2019n\u0131n, otizmli alan\u0131nda \u00e7al\u0131\u015fan <strong>9 sivil toplum kurulu\u015fu<\/strong>nun ortakl\u0131\u011f\u0131 ile y\u00fcr\u00fctt\u00fc\u011f\u00fc <strong>T\u00fcrkiye Otizm A\u011f\u0131 G\u00fc\u00e7lendirme Projesi (Strengthening of Autism <img loading=\"lazy\" class=\"alignright wp-image-114977\" src=\"https:\/\/www.enerjigazetesi.ist\/wp-content\/uploads\/2020\/06\/otizmli-bireyler-ve-ailelerine-kulak-verin-bizhepevdeyiz-2.jpg\" alt=\"\" width=\"340\" height=\"191\" srcset=\"https:\/\/www.enerjigazetesi.ist\/wp-content\/uploads\/2020\/06\/otizmli-bireyler-ve-ailelerine-kulak-verin-bizhepevdeyiz-2.jpg 869w, https:\/\/www.enerjigazetesi.ist\/wp-content\/uploads\/2020\/06\/otizmli-bireyler-ve-ailelerine-kulak-verin-bizhepevdeyiz-2-300x168.jpg 300w, https:\/\/www.enerjigazetesi.ist\/wp-content\/uploads\/2020\/06\/otizmli-bireyler-ve-ailelerine-kulak-verin-bizhepevdeyiz-2-768x431.jpg 768w, https:\/\/www.enerjigazetesi.ist\/wp-content\/uploads\/2020\/06\/otizmli-bireyler-ve-ailelerine-kulak-verin-bizhepevdeyiz-2-500x281.jpg 500w, https:\/\/www.enerjigazetesi.ist\/wp-content\/uploads\/2020\/06\/otizmli-bireyler-ve-ailelerine-kulak-verin-bizhepevdeyiz-2-80x45.jpg 80w\" sizes=\"(max-width: 340px) 100vw, 340px\" \/>Network in Turkey Project)<\/strong> kapsam\u0131nda ger\u00e7ekle\u015ftirilen kampanya ile <strong>otizmli \u00e7ocu\u011fu<\/strong> olan aileler, k\u00fcresel salg\u0131n sebebiyle ya\u015fanan karantina g\u00fcnlerinin bitti\u011fi, al\u0131\u015f\u0131lan normal hayata yava\u015f yava\u015f geri d\u00f6n\u00fcld\u00fc\u011f\u00fc \u015fu g\u00fcnlerde hep bir a\u011f\u0131zdan <strong>#BizHepEvdeyiz<\/strong> diyor. T\u00fcrkiye\u2019de otizm alan\u0131nda \u00e7al\u0131\u015fan <strong>sivil toplum kurulu\u015flar\u0131<\/strong> herkese otizmli bireylerin, ailelerinin sesine kulak vererek <strong>#BizHepEvdeyiz<\/strong> etiketi ile <strong>sosyal medya hesaplar\u0131ndan<\/strong> payla\u015f\u0131m yapmalar\u0131 i\u00e7in \u00e7a\u011fr\u0131da bulunuyor.<\/p>\n<p><strong>\u201cT\u00fcrkiye Otizm A\u011f\u0131 G\u00fc\u00e7lendirme Projesi\u201d<\/strong> kapsam\u0131nda ger\u00e7ekle\u015ftirilen <strong>#BizHepEvdeyiz<\/strong> kampanyas\u0131 ile k\u00fcresel salg\u0131n sebebiyle herkesin uzunca bir s\u00fcredir <strong>sosyal hayattan uzakla\u015farak izole edilmi\u015f<\/strong> bir ya\u015fam deneyimledi\u011finin ancak izole edilmi\u015f bu hayat\u0131n, <strong>otizmli bireyler ve ailelerin<\/strong> \u201cger\u00e7e\u011fi\u201d oldu\u011funun alt\u0131 \u00e7iziliyor. Otizm alan\u0131nda faaliyet g\u00f6steren sivil toplum kurulu\u015flar\u0131; normal hayatta da <strong>otizmli bireylerin<\/strong> ve <strong>ailelerinin evden \u00e7\u0131kamad\u0131klar\u0131na<\/strong> vurgu yaparak; <strong>otizmli \u00e7ocuklar\u0131n farkl\u0131 davran\u0131\u015flar\u0131<\/strong>, otizmli \u00e7ocu\u011fu olan ailelerin \u00e7ocuklar\u0131n\u0131n ihtiya\u00e7lar\u0131n\u0131 kar\u015f\u0131layamama <strong>endi\u015fesi otizmli \u00e7ocuklar<\/strong> ve <strong>ailelerinin soka\u011fa \u00e7\u0131kamama<\/strong> sebebi olmas\u0131n diyor ve herkesi <strong>#BizHepEvdeyiz kampanyas\u0131<\/strong> ile <strong>fark\u0131ndal\u0131k yaratmaya<\/strong> ve <strong>otizmli birey<\/strong> ve <strong>ailelerin<\/strong> \u00f6zg\u00fcrle\u015fmesine destek olmaya davet ediyor.<\/p>\n<h2><strong>Program Hakk\u0131nda Bilgilendirme:<\/strong><\/h2>\n<p><em>Avrupa Birli\u011fi ve T\u00fcrkiye Cumhuriyeti taraf\u0131ndan Kamu ve STK\u2019lar Aras\u0131nda \u0130\u015fbirli\u011finin G\u00fc\u00e7lendirilmesi i\u00e7in Ortakl\u0131klar ve A\u011flar Hibe Program\u0131 kapsam\u0131nda finanse edilmektedir. Program, sivil toplum kurulu\u015flar\u0131n\u0131n kurduklar\u0131 ortakl\u0131klar\u0131 ve a\u011flar\u0131 destekleyerek, kamu kurumlar\u0131 ve sivil toplum kurulu\u015flar\u0131 aras\u0131ndaki i\u015f birli\u011fini g\u00fc\u00e7lendirmeyi ve sivil toplum kurulu\u015flar\u0131n\u0131n kapasitelerini geli\u015ftirmeyi hedeflemektedir ve T.C. D\u0131\u015fi\u015fleri Bakanl\u0131\u011f\u0131 Avrupa Birli\u011fi Ba\u015fkanl\u0131\u011f\u0131 taraf\u0131ndan y\u00fcr\u00fct\u00fclmektedir; S\u00f6zle\u015fme Makam\u0131 ise Merkezi Finans ve \u0130hale Birimidir.<\/em><\/p>\n<h2><strong>Proje Koordinat\u00f6r\u00fc:<\/strong><\/h2>\n<p>&#8211; Tohum Otizm Vakf\u0131<\/p>\n<h2><strong>Proje Ortaklar\u0131: <\/strong><\/h2>\n<p>&#8211; Otizm Dernekleri Federasyonu<\/p>\n<p>&#8211; Anadolu Otizm Federasyonu<\/p>\n<p>&#8211; Sel\u00e7uklu Otizmli Bireyler E\u011fitim Vakf\u0131<\/p>\n<p>&#8211; Konya Otistik \u00c7ocuklar ve Aileleri Yard\u0131mla\u015fma Derne\u011fi<\/p>\n<p>&#8211; \u00d6zel Gereksinimli Bireyleri Destekleme Derne\u011fi<\/p>\n<p>&#8211; Rize Otizmle M\u00fccadele ve E\u011fitim Derne\u011fi<\/p>\n<p>&#8211; Otizm ve Engelli Dernekleri Federasyonu<\/p>\n<p>&#8211; Otizm Federasyonu ve Anadolu Otizm E\u011fitim ve M\u00fccadele Geydirici Vakf\u0131<\/p>\n<p><strong>Proje Tarihleri:\u00a0<\/strong>15 Ekim 2018- 14 Ekim 2020<\/p>\n<p><em>Bu yay\u0131n Avrupa Birli\u011finin maddi deste\u011fi ile haz\u0131rlanm\u0131\u015ft\u0131r. \u0130\u00e7erik tamam\u0131yla Tohum Otizm Vakf\u0131 sorumlulu\u011fu alt\u0131ndad\u0131r ve Avrupa Birli\u011finin g\u00f6r\u00fc\u015flerini yans\u0131tmak zorunda de\u011fildir.<\/em><\/p>","protected":false},"excerpt":{"rendered":"<p>Sorry, this entry is only available in Turkish. For the sake of viewer convenience, the content is shown below in the alternative language. You may click the link to switch the active language. \u201cT\u00fcrkiye Otizm A\u011f\u0131 G\u00fc\u00e7lendirme Projesi\u201d kapsam\u0131nda ger\u00e7ekle\u015ftirilen #BizHepEvdeyiz kampanyas\u0131 ile herkes, otizmli bireylerin ve ailelerinin sesi olmaya davet ediliyor! Avrupa Birli\u011fi ve [&hellip;]<\/p>\n","protected":false},"author":1,"featured_media":114978,"comment_status":"open","ping_status":"open","sticky":false,"template":"","format":"standard","meta":[],"categories":[51,53],"tags":[73411,52259,51310,73410],"views":82,"_links":{"self":[{"href":"https:\/\/www.enerjigazetesi.ist\/en\/wp-json\/wp\/v2\/posts\/114975"}],"collection":[{"href":"https:\/\/www.enerjigazetesi.ist\/en\/wp-json\/wp\/v2\/posts"}],"about":[{"href":"https:\/\/www.enerjigazetesi.ist\/en\/wp-json\/wp\/v2\/types\/post"}],"author":[{"embeddable":true,"href":"https:\/\/www.enerjigazetesi.ist\/en\/wp-json\/wp\/v2\/users\/1"}],"replies":[{"embeddable":true,"href":"https:\/\/www.enerjigazetesi.ist\/en\/wp-json\/wp\/v2\/comments?post=114975"}],"version-history":[{"count":0,"href":"https:\/\/www.enerjigazetesi.ist\/en\/wp-json\/wp\/v2\/posts\/114975\/revisions"}],"wp:featuredmedia":[{"embeddable":true,"href":"https:\/\/www.enerjigazetesi.ist\/en\/wp-json\/wp\/v2\/media\/114978"}],"wp:attachment":[{"href":"https:\/\/www.enerjigazetesi.ist\/en\/wp-json\/wp\/v2\/media?parent=114975"}],"wp:term":[{"taxonomy":"category","embeddable":true,"href":"https:\/\/www.enerjigazetesi.ist\/en\/wp-json\/wp\/v2\/categories?post=114975"},{"taxonomy":"post_tag","embeddable":true,"href":"https:\/\/www.enerjigazetesi.ist\/en\/wp-json\/wp\/v2\/tags?post=114975"}],"curies":[{"name":"wp","href":"https:\/\/api.w.org\/{rel}","templated":true}]}}