{"id":114619,"date":"2020-06-02T15:39:23","date_gmt":"2020-06-02T12:39:23","guid":{"rendered":"https:\/\/www.enerjigazetesi.ist\/?p=114619"},"modified":"2020-06-02T16:06:50","modified_gmt":"2020-06-02T13:06:50","slug":"alarko-carrierden-salgin-surecinde-klima-kullanimina-yonelik-aciklama","status":"publish","type":"post","link":"https:\/\/www.enerjigazetesi.ist\/en\/alarko-carrierden-salgin-surecinde-klima-kullanimina-yonelik-aciklama\/","title":{"rendered":"(Turkish) Alarko Carrier&#8217;den &#8216;Salg\u0131nda Klima Kullan\u0131m\u0131&#8217;na Y\u00f6nelik A\u00e7\u0131klama"},"content":{"rendered":"<p class=\"qtranxs-available-languages-message qtranxs-available-languages-message-en\">Sorry, this entry is only available in <a href=\"https:\/\/www.enerjigazetesi.ist\/tr\/wp-json\/wp\/v2\/posts\/114619\" class=\"qtranxs-available-language-link qtranxs-available-language-link-tr\" title=\"Turkish\">Turkish<\/a>. For the sake of viewer convenience, the content is shown below in the alternative language. You may click the link to switch the active language.<\/p><p><\/p>\n<h1>Salg\u0131na neden olan koronavir\u00fcs\u00fcn hava yoluyla bula\u015fmas\u0131ndan dolay\u0131, solunan havan\u0131n kalitesinin \u00f6nemi bu d\u00f6nemde \u00e7ok daha iyi anla\u015f\u0131ld\u0131. Bu da i\u00e7 ortam iklimlendirmesi ve klimalar\u0131n kullan\u0131m\u0131na dair \u00e7e\u015fitli sorular\u0131 ak\u0131llara getirdi. \u0130klimlendirme sekt\u00f6r\u00fcn\u00fcn \u00f6nc\u00fc markalar\u0131ndan Alarko Carrier da koronavir\u00fcs salg\u0131n\u0131yla birlikte g\u00fcndeme gelen havaland\u0131rma sistemleri ve klima kullan\u0131m\u0131 konusunda bir dizi a\u00e7\u0131klamalarda bulundu.<\/h1>\n<p><strong>Hem ev tipi klimalar<\/strong> hem de <em>al\u0131\u015fveri\u015f merkezi, otel, hastane<\/em> gibi b\u00fcy\u00fck mek\u00e2nlar\u0131n <strong>iklimlendirme ve havaland\u0131rma sistemleri<\/strong>ne de\u011finilen a\u00e7\u0131klamada <span style=\"text-decoration: underline;\">\u015fu bilgilere yer verildi:<\/span><\/p>\n<p><strong>Evde<\/strong> veya<strong> izole<\/strong> edilmi\u015f <strong>\u00f6zel mahallerde<\/strong>, ortamda <strong>enfekte olmu\u015f<\/strong> birisi yoksa <strong>klima <img loading=\"lazy\" class=\"alignright wp-image-114621\" src=\"https:\/\/www.enerjigazetesi.ist\/wp-content\/uploads\/2020\/06\/alarko-carrier-salgin-surecinde-klima-kullanimina-yonelik-aciklama.jpg\" alt=\"\" width=\"340\" height=\"227\" srcset=\"https:\/\/www.enerjigazetesi.ist\/wp-content\/uploads\/2020\/06\/alarko-carrier-salgin-surecinde-klima-kullanimina-yonelik-aciklama.jpg 732w, https:\/\/www.enerjigazetesi.ist\/wp-content\/uploads\/2020\/06\/alarko-carrier-salgin-surecinde-klima-kullanimina-yonelik-aciklama-300x200.jpg 300w, https:\/\/www.enerjigazetesi.ist\/wp-content\/uploads\/2020\/06\/alarko-carrier-salgin-surecinde-klima-kullanimina-yonelik-aciklama-500x333.jpg 500w, https:\/\/www.enerjigazetesi.ist\/wp-content\/uploads\/2020\/06\/alarko-carrier-salgin-surecinde-klima-kullanimina-yonelik-aciklama-75x50.jpg 75w, https:\/\/www.enerjigazetesi.ist\/wp-content\/uploads\/2020\/06\/alarko-carrier-salgin-surecinde-klima-kullanimina-yonelik-aciklama-450x300.jpg 450w\" sizes=\"(max-width: 340px) 100vw, 340px\" \/>kullan\u0131m\u0131<\/strong>n\u0131n <strong>Covid 19<\/strong>\u2019un yay\u0131lmas\u0131nda etkili oldu\u011funa dair herhangi bir kan\u0131t bulunmad\u0131\u011f\u0131, hem global \u00f6l\u00e7ekte hem de T\u00fcrkiye\u2019de, <strong>iklimlendirme alan\u0131nda faaliyet<\/strong> g\u00f6steren <strong>dernek<\/strong> ve <strong>kurulu\u015flar<\/strong> taraf\u0131ndan yap\u0131lan a\u00e7\u0131klamalarda net bir \u015fekilde dile getiriliyor.<\/p>\n<p>Sa\u011fl\u0131kl\u0131 ve do\u011fru <strong>i\u00e7 ortam hava iklimlendirmesi<\/strong> i\u00e7in t\u00fcketicilerin de <strong>dikkat etmesi<\/strong> gereken baz\u0131 noktalar bulunuyor.<\/p>\n<p>\u0130klimlendirme cihazlar\u0131 temelde <strong>ev tipi<\/strong> ve <strong>merkezi sistemler<\/strong> olmak \u00fczere 2 gruba ayr\u0131l\u0131r. <strong>Konut, i\u015fyeri<\/strong> gibi k\u00fc\u00e7\u00fck alanlarda kullan\u0131lan <strong>i\u00e7 ve d\u0131\u015f \u00fcniteden<\/strong> olu\u015fan <strong>ev tipi split klima sistemleri<\/strong>nde olu\u015fan \u0131s\u0131tma ve so\u011futma ihtiyac\u0131 i\u00e7 \u00fcniteye dolay\u0131s\u0131yla i\u00e7 ortama d\u0131\u015f \u00fcniteden bir so\u011futucu ak\u0131\u015fkan yard\u0131m\u0131yla sa\u011flan\u0131r. \u0130\u00e7 ortam havas\u0131n\u0131 iklimlendiren bu sistemlerde <strong>taze hava beslemesi<\/strong> bulunmaz. Bu nedenle <strong>mek\u00e2n\u0131n hava kalitesi<\/strong>ne dikkat edilmeli, <strong>hava sirk\u00fclasyonu<\/strong> sa\u011flanmal\u0131, pencereler d\u00fczenli olarak a\u00e7\u0131larak <strong>do\u011fal havaland\u0131rma yap\u0131lmal\u0131<\/strong> veya<strong> hava temizleme cihazlar\u0131<\/strong>yla i\u00e7 ortam hava kalitesi uygun hale getirilmeli. <strong>Sosyal mesafeye, ki\u015fisel temizli\u011fe, koruyucu ekipman kullan\u0131m\u0131<\/strong>na dikkat edildi\u011finde ve ortamda <strong>vir\u00fcs ta\u015f\u0131yan ki\u015filerin bulunmad\u0131\u011f\u0131<\/strong> durumlarda split klima kullan\u0131m\u0131n\u0131n<strong> Covid 19 yay\u0131l\u0131m\u0131<\/strong>n\u0131 artt\u0131r\u0131c\u0131 bir etkisi bulunmaz.<\/p>\n<p><strong>Temiz hava sirk\u00fclasyonu<\/strong>nun yan\u0131 s\u0131ra <strong>klimalar\u0131n temizli\u011fi<\/strong>nin ve<strong> bak\u0131mlar\u0131n\u0131n<\/strong> d\u00fczenli olarak ve yetkili servisler taraf\u0131ndan yap\u0131lmas\u0131 sadece <strong>Covid 19<\/strong> s\u00fcrecinde de\u011fil her zaman \u00e7ok \u00f6nemlidir. Bu sayede <strong>cihaz\u0131n \u00e7al\u0131\u015fma performans\u0131<\/strong> ve <strong>kullan\u0131m \u00f6mr\u00fc<\/strong> de uzar.<\/p>\n<p>Ev tipi split klimalar\u0131n <strong>filtre<\/strong> ve<strong> batarya<\/strong> \u00f6zellikleri, sirk\u00fclasyonu yap\u0131lan <strong>havan\u0131n kalitesi<\/strong>nde de etkili olur. Bu nedenle <strong>klima se\u00e7imleri<\/strong>nde farkl\u0131 \u00f6zelli\u011fe <strong>sahip filtreler dikkatle incelenmeli<\/strong> ve cihazlar buna g\u00f6re tercih edilmeli.<\/p>\n<p><strong>Merkezi iklimlendirme<\/strong> kategorisinde olan <strong>tiyatro, sinema, havaliman\u0131, okul, hastane, restoran, al\u0131\u015fveri\u015f merkezi ve b\u00fcy\u00fck ofis<\/strong> gibi toplu alanlarda kullan\u0131lan cihazlar; <strong>havaland\u0131rma kanallar\u0131<\/strong>yla t\u00fcm binan\u0131n iklimlendirmesini ger\u00e7ekle\u015ftirir. Ortamdaki havan\u0131n tamam\u0131n\u0131n d\u0131\u015far\u0131ya, d\u0131\u015far\u0131daki taze havan\u0131n da <strong>\u0131s\u0131t\u0131l\u0131p\/so\u011futularak iklimlendirme<\/strong> yap\u0131lacak ortama iletilmesi cihazlar\u0131n <strong>en sa\u011fl\u0131kl\u0131 \u015fekilde \u00e7al\u0131\u015fmas\u0131 i\u00e7in<\/strong> en \u00f6nemli noktad\u0131r.<\/p>\n<p>Baz\u0131 durumlarda <strong>enerji verimlili\u011fini sa\u011flamak<\/strong> i\u00e7in <strong>%100<\/strong> taze hava kullan\u0131lmayan sistemler kurulabilir. Bu gibi durumlarda kullan\u0131labilecek taze hava oranlar\u0131 iklimlendirme sekt\u00f6r\u00fcn\u00fcn en \u00f6nemli teknik kurulu\u015flar\u0131ndan olan <strong>ASHRAE (Amerikan Is\u0131tma, So\u011futma ve Havaland\u0131rma M\u00fchendisleri Derne\u011fi)<\/strong> taraf\u0131ndan belirlenmi\u015ftir. Ancak salg\u0131nla birlikte <strong>i\u00e7 ortam havas\u0131n\u0131n<\/strong> tamam\u0131 d\u0131\u015f ortama aktar\u0131larak i\u00e7 ortama taze hava sa\u011flanan (%100 taze hava kullan\u0131lan) sistemlerin gereklili\u011fi \u00e7ok daha iyi anla\u015f\u0131lm\u0131\u015ft\u0131r.<\/p>\n<p>H\u00e2lihaz\u0131rda kurulu <strong>mevcut sistemler i\u00e7in<\/strong> de <strong>alternatif \u00e7\u00f6z\u00fcmlerden<\/strong> s\u00f6z edilebilir. Mevcut sistem \u00fczerinde de\u011fi\u015fikli\u011fe gidilerek ya da <strong>hava kalitesini art\u0131ran<\/strong> ek cihazlarla bu \u00e7\u00f6z\u00fcmler sa\u011flanabilir. Ayr\u0131ca mevcut sistemlerde <strong>kirleticilerin (bakterilerin, vir\u00fcslerin ve \u00f6zellikle u\u00e7ucu organik bile\u015fiklerin) varl\u0131\u011f\u0131n\u0131 azaltmak<\/strong> i\u00e7in; <strong>ultraviyole \u0131\u015f\u0131klar, ultraviyole fotokatalitik oksidasyon, iyonizasyon, plazma, aktif karbon ve di\u011fer bile\u015fenler<\/strong> kullan\u0131labilir.<\/p>\n<p>\u0130klimlendirme <span style=\"text-decoration: underline;\">cihazlar\u0131n\u0131n kullan\u0131m amac\u0131;<\/span> sadece<strong> serinletmek ve \u0131s\u0131tmak de\u011fil<\/strong> ayn\u0131 zamanda uygun ortam ko\u015fullar\u0131nda<strong> insan v\u00fccudunun optimum seviyede<\/strong> \u00e7al\u0131\u015fmas\u0131n\u0131 ve olas\u0131 sa\u011fl\u0131k problemlerine kar\u015f\u0131 daha <strong>diren\u00e7li olmas\u0131n\u0131<\/strong> sa\u011flamakt\u0131r. <strong>\u0130klimlendirme cihazlar\u0131<\/strong> ya\u015fayan cihazlard\u0131r. Dolay\u0131s\u0131yla salg\u0131n s\u0131ras\u0131nda <strong>ki\u015fisel temizli\u011fe<\/strong> nas\u0131l \u00f6nem veriliyorsa <strong>cihazlar\u0131n temizli\u011fine ve bak\u0131m\u0131na da<\/strong> ayn\u0131 \u015fekilde \u00f6nem verilmeli, \u00f6zellikle insan trafi\u011finin yo\u011fun oldu\u011fu alanlarda kullan\u0131lan cihazlar\u0131n <strong>filtre temizli\u011finin<\/strong> ve <strong>genel bak\u0131mlar\u0131n\u0131n<\/strong> zaman\u0131nda yetkili servisler taraf\u0131ndan yap\u0131lmas\u0131na dikkat edilmeli.<\/p>","protected":false},"excerpt":{"rendered":"<p>Sorry, this entry is only available in Turkish. For the sake of viewer convenience, the content is shown below in the alternative language. You may click the link to switch the active language. Salg\u0131na neden olan koronavir\u00fcs\u00fcn hava yoluyla bula\u015fmas\u0131ndan dolay\u0131, solunan havan\u0131n kalitesinin \u00f6nemi bu d\u00f6nemde \u00e7ok daha iyi anla\u015f\u0131ld\u0131. Bu da i\u00e7 ortam [&hellip;]<\/p>\n","protected":false},"author":1,"featured_media":114621,"comment_status":"open","ping_status":"open","sticky":false,"template":"","format":"standard","meta":[],"categories":[51,53,52],"tags":[15737,73043,73039,70109,52259,73040,73037,73041,53499,72387,14919,73042,68651,69696,73038,73036,73044],"views":92,"_links":{"self":[{"href":"https:\/\/www.enerjigazetesi.ist\/en\/wp-json\/wp\/v2\/posts\/114619"}],"collection":[{"href":"https:\/\/www.enerjigazetesi.ist\/en\/wp-json\/wp\/v2\/posts"}],"about":[{"href":"https:\/\/www.enerjigazetesi.ist\/en\/wp-json\/wp\/v2\/types\/post"}],"author":[{"embeddable":true,"href":"https:\/\/www.enerjigazetesi.ist\/en\/wp-json\/wp\/v2\/users\/1"}],"replies":[{"embeddable":true,"href":"https:\/\/www.enerjigazetesi.ist\/en\/wp-json\/wp\/v2\/comments?post=114619"}],"version-history":[{"count":0,"href":"https:\/\/www.enerjigazetesi.ist\/en\/wp-json\/wp\/v2\/posts\/114619\/revisions"}],"wp:featuredmedia":[{"embeddable":true,"href":"https:\/\/www.enerjigazetesi.ist\/en\/wp-json\/wp\/v2\/media\/114621"}],"wp:attachment":[{"href":"https:\/\/www.enerjigazetesi.ist\/en\/wp-json\/wp\/v2\/media?parent=114619"}],"wp:term":[{"taxonomy":"category","embeddable":true,"href":"https:\/\/www.enerjigazetesi.ist\/en\/wp-json\/wp\/v2\/categories?post=114619"},{"taxonomy":"post_tag","embeddable":true,"href":"https:\/\/www.enerjigazetesi.ist\/en\/wp-json\/wp\/v2\/tags?post=114619"}],"curies":[{"name":"wp","href":"https:\/\/api.w.org\/{rel}","templated":true}]}}