{"id":11461,"date":"2013-05-31T16:23:32","date_gmt":"2013-05-31T13:23:32","guid":{"rendered":"https:\/\/www.enerjigazetesi.ist\/?p=11461"},"modified":"2013-05-31T16:23:32","modified_gmt":"2013-05-31T13:23:32","slug":"nukleer-insasi-icin-gorusmeler-basladi","status":"publish","type":"post","link":"https:\/\/www.enerjigazetesi.ist\/en\/nukleer-insasi-icin-gorusmeler-basladi\/","title":{"rendered":"(Turkish) N\u00fckleer \u0130n\u015fas\u0131 \u0130\u00e7in G\u00f6r\u00fc\u015fmeler Ba\u015flad\u0131"},"content":{"rendered":"<p class=\"qtranxs-available-languages-message qtranxs-available-languages-message-en\">Sorry, this entry is only available in <a href=\"https:\/\/www.enerjigazetesi.ist\/tr\/wp-json\/wp\/v2\/posts\/11461\" class=\"qtranxs-available-language-link qtranxs-available-language-link-tr\" title=\"Turkish\">Turkish<\/a>. For the sake of viewer convenience, the content is shown below in the alternative language. You may click the link to switch the active language.<\/p><p><strong>Rus Atomstroyexport, Mersin&#8217;deki Akkuyu N\u00fckleer Santral\u0131 i\u00e7in 10 \u015firketle \u00f6n g\u00f6r\u00fc\u015fme yapt\u0131.<\/strong><\/p>\n<p>T\u00fcrkiye&#8217;nin ilk n\u00fckleer santral\u0131 Mersin&#8217;deki Akkuyu&#8217;nun yap\u0131m\u0131nda g\u00f6rev alacak \u015firketlerle g\u00f6r\u00fc\u015fmeler yap\u0131ld\u0131. Projenin ana m\u00fcteahhidi Rus Atomstroyexport, 10 in\u015faat \u015firketiyle \u00f6n g\u00f6r\u00fc\u015fme yapt\u0131.<\/p>\n<p>Mersin&#8217;deki proje sahas\u0131nda toplant\u0131 yapan Atomstroyexport, Tepe \u0130n\u015faat, R\u00f6nesans, Cengiz \u0130n\u015faat, Tekfen \u0130n<a href=\"https:\/\/www.enerjigazetesi.ist\/wp-content\/uploads\/2013\/05\/nukleer-insasi-icin-gorusmeler-basladi.jpg\"><img loading=\"lazy\" class=\"alignright size-medium wp-image-11462\" title=\"nukleer-insasi-icin-gorusmeler-basladi\" src=\"https:\/\/www.enerjigazetesi.ist\/wp-content\/uploads\/2013\/05\/nukleer-insasi-icin-gorusmeler-basladi-300x181.jpg\" alt=\"\" width=\"300\" height=\"181\" srcset=\"https:\/\/www.enerjigazetesi.ist\/wp-content\/uploads\/2013\/05\/nukleer-insasi-icin-gorusmeler-basladi-300x181.jpg 300w, https:\/\/www.enerjigazetesi.ist\/wp-content\/uploads\/2013\/05\/nukleer-insasi-icin-gorusmeler-basladi-80x48.jpg 80w, https:\/\/www.enerjigazetesi.ist\/wp-content\/uploads\/2013\/05\/nukleer-insasi-icin-gorusmeler-basladi.jpg 480w\" sizes=\"(max-width: 300px) 100vw, 300px\" \/><\/a>\u015faat, Gama Holding, Do\u011fu\u015f \u0130n\u015faat, Nurol \u0130n\u015faat, ERG \u0130n\u015faat, \u0130spanyol Tecniacas Reunidas ve YDA&#8217;y\u0131 davet etti\u011fini belirtti. Rus \u015firketi, \u00fcstlenici firmalara n\u00fckleer santral s\u00fcrecinde yap\u0131lacak i\u015fler hakk\u0131nda bilgi verdi.<\/p>\n<p>20 miyar dolara mal olacak santral\u0131n ihalelerinin ise eyl\u00fclde ba\u015flamas\u0131 planlan\u0131yor. \u00c7ED raporu i\u00e7in haziranda \u00c7evre ve \u015eehircilik Bakanl\u0131\u011f\u0131&#8217;na ba\u015fvurulmas\u0131 ve \u00fc\u00e7 ayda al\u0131nmas\u0131 planlan\u0131yor. Santral\u0131n Ruslar&#8217;a ait hisselerinin y\u00fczde 49&#8217;una yerli ve yabanc\u0131 bir\u00e7ok \u015firketin talip.<\/p>\n<p><strong>K\u00f6m\u00fcre te\u015fvik geliyor<\/strong><\/p>\n<p>K\u00f6m\u00fcr \u00e7\u0131kar\u0131lmas\u0131na y\u00f6nelik yat\u0131r\u0131mlar te\u015fvik kapsam\u0131na al\u0131n\u0131yor. Ekonomi Bakan\u0131 Zafer \u00c7a\u011flayan, k\u00f6m\u00fcr istihrac\u0131na (\u00e7\u0131kar\u0131m\u0131na) y\u00f6nelik yat\u0131r\u0131mlar\u0131n, &#8220;te\u015fvik edilmeyecek yat\u0131r\u0131m konular\u0131&#8221; listesinden \u00e7\u0131kar\u0131ld\u0131\u011f\u0131n\u0131 a\u00e7\u0131klad\u0131. Bakan \u00c7a\u011flayan, \u00f6zellikle y\u00fcksek kalorili k\u00f6m\u00fcr \u00fcretiminin te\u015fvik kapsam\u0131na al\u0131nd\u0131\u011f\u0131n\u0131 belirtti.<\/p>\n<p><strong>Petrol Kanunu tamam<\/strong><\/p>\n<p>Petrol aranmas\u0131 ve i\u015fletilmesine ili\u015fkin h\u00fck\u00fcmleri yeniden d\u00fczenleyen T\u00fcrk Petrol Kanunu kabul edildi. Buna g\u00f6re T\u00fcrkiye kara ve deniz olmak \u00fczere iki petrol b\u00f6lgesine ayr\u0131ld\u0131. Arama izni 60 g\u00fcnde verilecek. Petrol ara\u015ft\u0131rmas\u0131 yap\u0131lan b\u00f6lgede hektar ba\u015f\u0131na 50 kuru\u015f \u00f6denecek.<\/p>\n<p>Kaynak: <a href=\"http:\/\/www.energyworld.com.tr\/root.vol?title=nukleer-insasi-icin-gorusmeler-basladi&amp;exec=page&amp;nid=542705\" target=\"_blank\">Energy World<\/a><\/p>","protected":false},"excerpt":{"rendered":"<p>Sorry, this entry is only available in Turkish. For the sake of viewer convenience, the content is shown below in the alternative language. You may click the link to switch the active language.Rus Atomstroyexport, Mersin&#8217;deki Akkuyu N\u00fckleer Santral\u0131 i\u00e7in 10 \u015firketle \u00f6n g\u00f6r\u00fc\u015fme yapt\u0131. T\u00fcrkiye&#8217;nin ilk n\u00fckleer santral\u0131 Mersin&#8217;deki Akkuyu&#8217;nun yap\u0131m\u0131nda g\u00f6rev alacak \u015firketlerle g\u00f6r\u00fc\u015fmeler [&hellip;]<\/p>\n","protected":false},"author":1,"featured_media":11462,"comment_status":"open","ping_status":"open","sticky":false,"template":"","format":"standard","meta":[],"categories":[53,43],"tags":[1466,5690,63,67,1301,71,21,88],"views":659,"_links":{"self":[{"href":"https:\/\/www.enerjigazetesi.ist\/en\/wp-json\/wp\/v2\/posts\/11461"}],"collection":[{"href":"https:\/\/www.enerjigazetesi.ist\/en\/wp-json\/wp\/v2\/posts"}],"about":[{"href":"https:\/\/www.enerjigazetesi.ist\/en\/wp-json\/wp\/v2\/types\/post"}],"author":[{"embeddable":true,"href":"https:\/\/www.enerjigazetesi.ist\/en\/wp-json\/wp\/v2\/users\/1"}],"replies":[{"embeddable":true,"href":"https:\/\/www.enerjigazetesi.ist\/en\/wp-json\/wp\/v2\/comments?post=11461"}],"version-history":[{"count":2,"href":"https:\/\/www.enerjigazetesi.ist\/en\/wp-json\/wp\/v2\/posts\/11461\/revisions"}],"predecessor-version":[{"id":11464,"href":"https:\/\/www.enerjigazetesi.ist\/en\/wp-json\/wp\/v2\/posts\/11461\/revisions\/11464"}],"wp:featuredmedia":[{"embeddable":true,"href":"https:\/\/www.enerjigazetesi.ist\/en\/wp-json\/wp\/v2\/media\/11462"}],"wp:attachment":[{"href":"https:\/\/www.enerjigazetesi.ist\/en\/wp-json\/wp\/v2\/media?parent=11461"}],"wp:term":[{"taxonomy":"category","embeddable":true,"href":"https:\/\/www.enerjigazetesi.ist\/en\/wp-json\/wp\/v2\/categories?post=11461"},{"taxonomy":"post_tag","embeddable":true,"href":"https:\/\/www.enerjigazetesi.ist\/en\/wp-json\/wp\/v2\/tags?post=11461"}],"curies":[{"name":"wp","href":"https:\/\/api.w.org\/{rel}","templated":true}]}}