{"id":114598,"date":"2020-06-02T13:26:53","date_gmt":"2020-06-02T10:26:53","guid":{"rendered":"https:\/\/www.enerjigazetesi.ist\/?p=114598"},"modified":"2020-06-02T13:26:53","modified_gmt":"2020-06-02T10:26:53","slug":"turkiyenin-otomobilinin-fabrikasi-icin-ced-olumlu-raporu-verildi","status":"publish","type":"post","link":"https:\/\/www.enerjigazetesi.ist\/en\/turkiyenin-otomobilinin-fabrikasi-icin-ced-olumlu-raporu-verildi\/","title":{"rendered":"(Turkish) T\u00fcrkiye\u2019nin Otomobili\u2019nin Fabrikas\u0131 \u0130\u00e7in \u2018\u00c7ED Olumlu\u2019 Raporu Verildi"},"content":{"rendered":"<p class=\"qtranxs-available-languages-message qtranxs-available-languages-message-en\">Sorry, this entry is only available in <a href=\"https:\/\/www.enerjigazetesi.ist\/tr\/wp-json\/wp\/v2\/posts\/114598\" class=\"qtranxs-available-language-link qtranxs-available-language-link-tr\" title=\"Turkish\">Turkish<\/a>. For the sake of viewer convenience, the content is shown below in the alternative language. You may click the link to switch the active language.<\/p><p><\/p>\n<h1><strong>T\u00fcrkiye\u2019nin Otomobili Giri\u015fim Grubu (TOGG) taraf\u0131ndan \u00e7al\u0131\u015fmalar\u0131 planland\u0131\u011f\u0131 bi\u00e7imde s\u00fcrd\u00fcr\u00fclen T\u00fcrkiye\u2019nin Otomobili yat\u0131r\u0131m\u0131 Bursa\u2019n\u0131n Gemlik il\u00e7esinde in\u015fa edilecek olan fabrika in\u015faat\u0131n\u0131n ba\u015flayabilmesi i\u00e7in gerekli \u00c7ED raporunu olumlu olarak ald\u0131. <\/strong><\/h1>\n<p><strong>TOGG<\/strong> taraf\u0131ndan Bursa\u2019n\u0131n Gemlik il\u00e7esinde \u00fcretimi yap\u0131lacak olan <strong>T\u00fcrkiye\u2019nin Otomobili<\/strong>\u2019nin fabrika projesi, <strong>\u00c7evre ve \u015eehircilik Bakanl\u0131\u011f\u0131<\/strong>\u2019ndan <strong>\u00c7evresel Etki De\u011ferlendirmesi (\u00c7ED) raporu<\/strong> olumlu \u015fekilde tamamland\u0131.<\/p>\n<p><strong><img loading=\"lazy\" class=\"alignright wp-image-114600\" src=\"https:\/\/www.enerjigazetesi.ist\/wp-content\/uploads\/2020\/06\/turkiye-nin-otomobili-nin-fabrikasi-icin-ced-olumlu-raporu-verildi.jpg\" alt=\"\" width=\"340\" height=\"198\" srcset=\"https:\/\/www.enerjigazetesi.ist\/wp-content\/uploads\/2020\/06\/turkiye-nin-otomobili-nin-fabrikasi-icin-ced-olumlu-raporu-verildi.jpg 840w, https:\/\/www.enerjigazetesi.ist\/wp-content\/uploads\/2020\/06\/turkiye-nin-otomobili-nin-fabrikasi-icin-ced-olumlu-raporu-verildi-300x174.jpg 300w, https:\/\/www.enerjigazetesi.ist\/wp-content\/uploads\/2020\/06\/turkiye-nin-otomobili-nin-fabrikasi-icin-ced-olumlu-raporu-verildi-768x446.jpg 768w, https:\/\/www.enerjigazetesi.ist\/wp-content\/uploads\/2020\/06\/turkiye-nin-otomobili-nin-fabrikasi-icin-ced-olumlu-raporu-verildi-500x290.jpg 500w, https:\/\/www.enerjigazetesi.ist\/wp-content\/uploads\/2020\/06\/turkiye-nin-otomobili-nin-fabrikasi-icin-ced-olumlu-raporu-verildi-80x46.jpg 80w\" sizes=\"(max-width: 340px) 100vw, 340px\" \/>T.C \u00c7evre ve \u015eehircilik Bakanl\u0131\u011f\u0131<\/strong> taraf\u0131ndan haz\u0131rlanan raporda, <strong>Elektrikli Otomobil \u00dcretim Tesisi<\/strong> hakk\u0131nda <strong>\u00c7ED Y\u00f6netmeli\u011fi<\/strong>nin <strong>14&#8217;\u00fcnc\u00fc maddesi<\/strong> gere\u011fince Bakanl\u0131\u011f\u0131m\u0131zca <strong>&#8220;\u00c7evresel Etki De\u011ferlendirmesi Olumlu&#8221;<\/strong> Karar\u0131 verilmi\u015ftir\u201d ifadesine yer verildi.<\/p>\n<p>Y\u0131lda <strong>175 bin adet \u00fcretim kapasitesi<\/strong> ile kurulacak olan <strong>fabrika <\/strong>ve<strong> m\u00fc\u015fterilere<\/strong> marka deneyiminin ya\u015fat\u0131laca\u011f\u0131 kullan\u0131c\u0131 odakl\u0131 kamp\u00fcs, toplam <strong>22 milyar TL yat\u0131r\u0131m<\/strong> ile hayata ge\u00e7irilecek. Do\u011frudan <strong>4 bin<\/strong>, dolayl\u0131 <strong>20 bin ki\u015fiye<\/strong> istihdam sa\u011flayacak olan fabrika tamamlan\u0131p \u00fcretime ge\u00e7ti\u011finde Avrupa\u2019n\u0131n ilk geleneksel olmayan (b\u00fcnyesinde i\u00e7ten yanmal\u0131 ara\u00e7lar \u00fcretmeyen) <strong>elektrikli ara\u00e7 \u00fcreticisi<\/strong> olacak.<\/p>\n<p>Do\u011fu\u015ftan <strong>% 100<\/strong> <strong>elektrikli C Segmenti<\/strong>nde bir <strong>SUV<\/strong>\u2019la ba\u015flayacak olan fabrikadaki \u00fcretim takip eden y\u0131llarda tamam\u0131 do\u011fu\u015ftan <strong>% 100<\/strong> elektrikli <strong>C Sedan, C Hatchback, B SUV ve C MPV<\/strong> modelleri ile devam edecek.<\/p>","protected":false},"excerpt":{"rendered":"<p>Sorry, this entry is only available in Turkish. For the sake of viewer convenience, the content is shown below in the alternative language. You may click the link to switch the active language. T\u00fcrkiye\u2019nin Otomobili Giri\u015fim Grubu (TOGG) taraf\u0131ndan \u00e7al\u0131\u015fmalar\u0131 planland\u0131\u011f\u0131 bi\u00e7imde s\u00fcrd\u00fcr\u00fclen T\u00fcrkiye\u2019nin Otomobili yat\u0131r\u0131m\u0131 Bursa\u2019n\u0131n Gemlik il\u00e7esinde in\u015fa edilecek olan fabrika in\u015faat\u0131n\u0131n ba\u015flayabilmesi [&hellip;]<\/p>\n","protected":false},"author":1,"featured_media":114600,"comment_status":"open","ping_status":"open","sticky":false,"template":"","format":"standard","meta":[],"categories":[51,53],"tags":[73006,73010,958,73009,73011,73008,5465,5579,2199,55844,57440,54965,73007,73005,73003,31016,43436,73004,73012,64971,63771,73002],"views":96,"_links":{"self":[{"href":"https:\/\/www.enerjigazetesi.ist\/en\/wp-json\/wp\/v2\/posts\/114598"}],"collection":[{"href":"https:\/\/www.enerjigazetesi.ist\/en\/wp-json\/wp\/v2\/posts"}],"about":[{"href":"https:\/\/www.enerjigazetesi.ist\/en\/wp-json\/wp\/v2\/types\/post"}],"author":[{"embeddable":true,"href":"https:\/\/www.enerjigazetesi.ist\/en\/wp-json\/wp\/v2\/users\/1"}],"replies":[{"embeddable":true,"href":"https:\/\/www.enerjigazetesi.ist\/en\/wp-json\/wp\/v2\/comments?post=114598"}],"version-history":[{"count":0,"href":"https:\/\/www.enerjigazetesi.ist\/en\/wp-json\/wp\/v2\/posts\/114598\/revisions"}],"wp:featuredmedia":[{"embeddable":true,"href":"https:\/\/www.enerjigazetesi.ist\/en\/wp-json\/wp\/v2\/media\/114600"}],"wp:attachment":[{"href":"https:\/\/www.enerjigazetesi.ist\/en\/wp-json\/wp\/v2\/media?parent=114598"}],"wp:term":[{"taxonomy":"category","embeddable":true,"href":"https:\/\/www.enerjigazetesi.ist\/en\/wp-json\/wp\/v2\/categories?post=114598"},{"taxonomy":"post_tag","embeddable":true,"href":"https:\/\/www.enerjigazetesi.ist\/en\/wp-json\/wp\/v2\/tags?post=114598"}],"curies":[{"name":"wp","href":"https:\/\/api.w.org\/{rel}","templated":true}]}}