{"id":114585,"date":"2020-06-02T12:37:22","date_gmt":"2020-06-02T09:37:22","guid":{"rendered":"https:\/\/www.enerjigazetesi.ist\/?p=114585"},"modified":"2020-06-02T12:37:22","modified_gmt":"2020-06-02T09:37:22","slug":"form-uv-c-uygulamalari-ile-yasam-icin-saglikli-hava-cozumleri","status":"publish","type":"post","link":"https:\/\/www.enerjigazetesi.ist\/en\/form-uv-c-uygulamalari-ile-yasam-icin-saglikli-hava-cozumleri\/","title":{"rendered":"(Turkish) &#8217;FORM UV-C Uygulamalar\u0131&#8217; ile Ya\u015fam \u0130\u00e7in Sa\u011fl\u0131kl\u0131 Hava \u00c7\u00f6z\u00fcmleri"},"content":{"rendered":"<p class=\"qtranxs-available-languages-message qtranxs-available-languages-message-en\">Sorry, this entry is only available in <a href=\"https:\/\/www.enerjigazetesi.ist\/tr\/wp-json\/wp\/v2\/posts\/114585\" class=\"qtranxs-available-language-link qtranxs-available-language-link-tr\" title=\"Turkish\">Turkish<\/a>. For the sake of viewer convenience, the content is shown below in the alternative language. You may click the link to switch the active language.<\/p><p><\/p>\n<h1><strong>Form \u015eirketler Grubu, 55 y\u0131ll\u0131k sekt\u00f6r tecr\u00fcbesiyle kapal\u0131 alanlar\u0131n steril iklimlendirme ihtiyac\u0131na Amerika\u2019n\u0131n UV-C konusunda \u00f6nde gelen markas\u0131 Steril Aire ile yenilik\u00e7i bir \u00e7\u00f6z\u00fcm sunuyor. Kapal\u0131 alanlarda bulunan iklimlendirme sistemlerine entegre edilebilen UV-C \u0131\u015f\u0131k teknolojisi, hava i\u00e7erisindeki vir\u00fcslerin DNA yap\u0131lar\u0131n\u0131 bozarak etkisiz hale getiriyor. Normalle\u015fme s\u00fcrecine girilen bu g\u00fcnlerde, kapal\u0131 alanlar\u0131n ortam havas\u0131n\u0131n sterilizasyonu i\u00e7in b\u00fcy\u00fck \u00f6nem ta\u015f\u0131yan bu teknoloji, ayn\u0131 zamanda i\u015fletme maliyetlerini azaltarak, enerji verimlili\u011fi sa\u011fl\u0131yor.<\/strong><\/h1>\n<p>T\u00fcm d\u00fcnyay\u0131 ve \u00fclkemizi etkisi alt\u0131na alan <strong>koronavir\u00fcs salg\u0131n\u0131<\/strong>, herkesin bir numaral\u0131 g\u00fcndemi haline geldi. <strong>Normalle\u015fme s\u00fcreci<\/strong>ne girdi\u011fimiz bu d\u00f6nemde uzun s\u00fcredir kullan\u0131lmayan kapal\u0131 alanlar tekrar a\u00e7\u0131l\u0131yor. Yaz ay\u0131n\u0131n da gelmesi ve s\u0131caklar\u0131n etkisini g\u00f6stermeye ba\u015flamas\u0131yla, <strong>AVM\u2019ler, hastaneler, fabrikalar, oteller, ma\u011fazalar, ofisler<\/strong> gibi insanlar\u0131n toplu olarak bulundu\u011fu kapal\u0131 <img loading=\"lazy\" class=\"alignright wp-image-114589\" src=\"https:\/\/www.enerjigazetesi.ist\/wp-content\/uploads\/2020\/06\/form-uv-c-uygulamalari-ile-yasam-icin-saglikli-hava-cozumleri.jpg\" alt=\"\" width=\"340\" height=\"234\" srcset=\"https:\/\/www.enerjigazetesi.ist\/wp-content\/uploads\/2020\/06\/form-uv-c-uygulamalari-ile-yasam-icin-saglikli-hava-cozumleri.jpg 710w, https:\/\/www.enerjigazetesi.ist\/wp-content\/uploads\/2020\/06\/form-uv-c-uygulamalari-ile-yasam-icin-saglikli-hava-cozumleri-300x206.jpg 300w, https:\/\/www.enerjigazetesi.ist\/wp-content\/uploads\/2020\/06\/form-uv-c-uygulamalari-ile-yasam-icin-saglikli-hava-cozumleri-500x344.jpg 500w, https:\/\/www.enerjigazetesi.ist\/wp-content\/uploads\/2020\/06\/form-uv-c-uygulamalari-ile-yasam-icin-saglikli-hava-cozumleri-73x50.jpg 73w\" sizes=\"(max-width: 340px) 100vw, 340px\" \/>alanlar\u0131n <strong>iklimlendirmesi en \u00f6nemli konulardan<\/strong> biri haline geldi.<\/p>\n<p>Form <strong>55 y\u0131ll\u0131k<\/strong> tecr\u00fcbesi, insan sa\u011fl\u0131\u011f\u0131 ve do\u011faya de\u011fer veren \u00fcr\u00fcn gam\u0131 ve yenilik\u00e7i hizmetleriyle m\u00fc\u015fterilerini bu s\u00fcre\u00e7te de yaln\u0131z b\u0131rakm\u0131yor. Form, sat\u0131\u015f\u0131n\u0131 ger\u00e7ekle\u015ftirdi\u011fi \u00fcr\u00fcnlerin yan\u0131 s\u0131ra, <strong>sat\u0131\u015f sonras\u0131 bak\u0131m ve teknik servis taleplerinde<\/strong> hizmet s\u00fcrecini aksatmayarak, kapal\u0131 alanlar\u0131n i\u00e7 hava kalitesinin korunmas\u0131 ad\u0131na \u00e7al\u0131\u015fmalar\u0131na son h\u0131z devam ediyor.<\/p>\n<p>Bu \u00e7er\u00e7evede Form, <strong>koronavir\u00fcs ile m\u00fccadele<\/strong> d\u00f6neminde kurumsal firmalar\u0131n <strong>sa\u011fl\u0131kl\u0131 ve g\u00fcvenli iklimlendirme<\/strong> ihtiyac\u0131n\u0131 kar\u015f\u0131lamak ad\u0131na alternatif teknolojik \u00e7\u00f6z\u00fcmler sunuyor ve iklimlendirme sistemlerine entegre edilen<strong> UV-C sistemleri<\/strong>yle, ortama iletilen hava i\u00e7erisindeki vir\u00fcslere kar\u015f\u0131 koruma deste\u011fi sa\u011fl\u0131yor. Sistem, kapal\u0131 \u00e7evrim olarak adland\u0131r\u0131lan yani ortam havas\u0131n\u0131n de\u011fi\u015ftirilmeden tekrar ortama iletildi\u011fi <strong>fancoil, VRF<\/strong> ve <strong>split klima sistemleri<\/strong>nin yan\u0131 s\u0131ra a\u00e7\u0131k \u00e7evrim mant\u0131\u011f\u0131yla \u00e7al\u0131\u015fan yani i\u00e7 havan\u0131n ortam d\u0131\u015f\u0131ndaki bir \u0131s\u0131 de\u011fi\u015ftirgecinden ge\u00e7irilerek de\u011fi\u015ftirildi\u011fi <strong>egzoz veya taze hava kar\u0131\u015f\u0131mlar\u0131n\u0131n<\/strong> kullan\u0131ld\u0131\u011f\u0131 <strong>klima santralleri<\/strong> ve <strong>paket klima sistemleri<\/strong>ne de entegre edilebiliyor. 253,7 nm g\u00fcc\u00fcndeki <strong>UV-C \u0131\u015f\u0131k teknolojisi<\/strong>, vir\u00fcslerin <strong>DNA\/RNA h\u00fccre yap\u0131s\u0131<\/strong>n\u0131n enerji so\u011furma \u00f6zelli\u011fini kullanarak <strong>kimyasal reaksiyona girip<\/strong> yap\u0131lar\u0131n\u0131 kal\u0131c\u0131 olarak bozarak vir\u00fcslerin \u00e7o\u011falma \u00f6zeli\u011fini yok ediyor. Bunun yan\u0131 s\u0131ra sistemde <strong>bakteri, mantar ve k\u00fcf olu\u015fumunu<\/strong> da \u00f6nl\u00fcyor ve bu sayede <strong>%99,9 oran\u0131nda<\/strong> sterilizasyon sa\u011fl\u0131yor. Bu sistem, en \u00f6nemli \u00f6ncelik olan <strong>havay\u0131 temiz tutma g\u00f6revi<\/strong>nin yan\u0131 s\u0131ra, serpantin y\u00fczeylerinin daha temiz kalmas\u0131n\u0131 sa\u011flamas\u0131 ile <strong>i\u015fletme maliyetleri<\/strong>nde <strong>%15<\/strong> civar\u0131nda (bas\u0131n\u00e7 ve verim kay\u0131plar\u0131 \u00f6nlenerek) <strong>enerji tasarrufu<\/strong> sunuyor. Sa\u011flanan bu fayda ile <strong>iklimlendirme \u2013 so\u011futma cihazlar\u0131<\/strong>n\u0131n daha <strong>d\u00fc\u015f\u00fck i\u015fletme maliyetleri<\/strong>yle <strong>y\u00fcksek verimde \u00e7al\u0131\u015fmas\u0131<\/strong> sa\u011flanm\u0131\u015f oluyor.<\/p>\n<p><strong>UV-C uygulama<\/strong> alanlar\u0131, insanlar\u0131n <strong>g\u00f6z retinas\u0131<\/strong>na etki etmeyecek ve <strong>deri tahri\u015flerine<\/strong> sebep olmayacak (UVB band\u0131nda <strong>296.7 nm<\/strong> dalga boyunda meydana gelir) \u015fekilde \u00fcr\u00fcnlere kapal\u0131 olarak entegre ediliyor ve <strong>253.7 nm \u0131\u015f\u0131n g\u00fcc\u00fc<\/strong>yle kesinlikle ozon \u00fcretmiyor. \u0130klimlendirme cihazlar\u0131na entegre edilen <strong>UV-C \u0131\u015f\u0131k sistemleri<\/strong>, do\u011fru \u015fartlarla kurulumu yap\u0131lmas\u0131 halinde ve elektrik kesilmedi\u011fi s\u00fcrece, verimi azalmadan <strong>9000 saate<\/strong> kadar <strong>antiseptik koruma<\/strong> sa\u011fl\u0131yor. Bu sistemler sayesinde s\u00fcrekli sterilizasyon ile <strong>AVM\u2019ler, sinemalar, restoranlar, ofisler, ma\u011fazalar vb.<\/strong> alanlar <strong>daha konforlu ve kaliteli, steril bir havaya sahip<\/strong> olabilecekler.<\/p>","protected":false},"excerpt":{"rendered":"<p>Sorry, this entry is only available in Turkish. For the sake of viewer convenience, the content is shown below in the alternative language. You may click the link to switch the active language. Form \u015eirketler Grubu, 55 y\u0131ll\u0131k sekt\u00f6r tecr\u00fcbesiyle kapal\u0131 alanlar\u0131n steril iklimlendirme ihtiyac\u0131na Amerika\u2019n\u0131n UV-C konusunda \u00f6nde gelen markas\u0131 Steril Aire ile yenilik\u00e7i [&hellip;]<\/p>\n","protected":false},"author":1,"featured_media":114589,"comment_status":"open","ping_status":"open","sticky":false,"template":"","format":"standard","meta":[],"categories":[51,53,52],"tags":[72984,72986,52259,35423,26559,68139,3191,72985,53499,72982,28338,15441,69582,69696,71112,72987,72981,72980,72977,72976,72983,72978,72979,793,41101],"views":146,"_links":{"self":[{"href":"https:\/\/www.enerjigazetesi.ist\/en\/wp-json\/wp\/v2\/posts\/114585"}],"collection":[{"href":"https:\/\/www.enerjigazetesi.ist\/en\/wp-json\/wp\/v2\/posts"}],"about":[{"href":"https:\/\/www.enerjigazetesi.ist\/en\/wp-json\/wp\/v2\/types\/post"}],"author":[{"embeddable":true,"href":"https:\/\/www.enerjigazetesi.ist\/en\/wp-json\/wp\/v2\/users\/1"}],"replies":[{"embeddable":true,"href":"https:\/\/www.enerjigazetesi.ist\/en\/wp-json\/wp\/v2\/comments?post=114585"}],"version-history":[{"count":0,"href":"https:\/\/www.enerjigazetesi.ist\/en\/wp-json\/wp\/v2\/posts\/114585\/revisions"}],"wp:featuredmedia":[{"embeddable":true,"href":"https:\/\/www.enerjigazetesi.ist\/en\/wp-json\/wp\/v2\/media\/114589"}],"wp:attachment":[{"href":"https:\/\/www.enerjigazetesi.ist\/en\/wp-json\/wp\/v2\/media?parent=114585"}],"wp:term":[{"taxonomy":"category","embeddable":true,"href":"https:\/\/www.enerjigazetesi.ist\/en\/wp-json\/wp\/v2\/categories?post=114585"},{"taxonomy":"post_tag","embeddable":true,"href":"https:\/\/www.enerjigazetesi.ist\/en\/wp-json\/wp\/v2\/tags?post=114585"}],"curies":[{"name":"wp","href":"https:\/\/api.w.org\/{rel}","templated":true}]}}