{"id":114557,"date":"2020-06-01T08:45:50","date_gmt":"2020-06-01T05:45:50","guid":{"rendered":"https:\/\/www.enerjigazetesi.ist\/?p=114557"},"modified":"2020-06-01T08:45:50","modified_gmt":"2020-06-01T05:45:50","slug":"yerli-ve-yenilenebilir-enerji-kaynaklarina-dayali-gucumuz-yuzde-65-e-yukselecek","status":"publish","type":"post","link":"https:\/\/www.enerjigazetesi.ist\/en\/yerli-ve-yenilenebilir-enerji-kaynaklarina-dayali-gucumuz-yuzde-65-e-yukselecek\/","title":{"rendered":"(Turkish) Yerli ve Yenilenebilir Enerji Kaynaklar\u0131na Dayal\u0131 G\u00fcc\u00fcm\u00fcz %65&#8217;e Y\u00fckselecek"},"content":{"rendered":"<p class=\"qtranxs-available-languages-message qtranxs-available-languages-message-en\">Sorry, this entry is only available in <a href=\"https:\/\/www.enerjigazetesi.ist\/tr\/wp-json\/wp\/v2\/posts\/114557\" class=\"qtranxs-available-language-link qtranxs-available-language-link-tr\" title=\"Turkish\">Turkish<\/a>. For the sake of viewer convenience, the content is shown below in the alternative language. You may click the link to switch the active language.<\/p><p><\/p>\n<h1><strong>Enerji ve Tabii Kaynaklar Bakanl\u0131\u011f\u0131 taraf\u0131ndan 2019-2023 y\u0131llar\u0131n\u0131 kapsayan Stratejik Plan yay\u0131mland\u0131.<\/strong><\/h1>\n<p><strong>\u201cDaha \u00c7ok Yerli, Daha \u00c7ok Yenilenebilir\u201d<\/strong> stratejisi do\u011frultusunda ba\u015fta <strong>yerli k\u00f6m\u00fcr<\/strong> olmak \u00fczere <strong>r\u00fczg\u00e2r, g\u00fcne\u015f, hidrolik, jeotermal gibi yerli ve yenilenebilir enerji kaynaklar\u0131<\/strong>n\u0131n <img loading=\"lazy\" class=\"alignright wp-image-114559\" src=\"https:\/\/www.enerjigazetesi.ist\/wp-content\/uploads\/2020\/06\/yerli-ve-yenilenebilir-enerji-kaynaklarina-dayali-gucumuz-yuzde-65-e-yukselecek.jpg\" alt=\"\" width=\"320\" height=\"223\" srcset=\"https:\/\/www.enerjigazetesi.ist\/wp-content\/uploads\/2020\/06\/yerli-ve-yenilenebilir-enerji-kaynaklarina-dayali-gucumuz-yuzde-65-e-yukselecek.jpg 701w, https:\/\/www.enerjigazetesi.ist\/wp-content\/uploads\/2020\/06\/yerli-ve-yenilenebilir-enerji-kaynaklarina-dayali-gucumuz-yuzde-65-e-yukselecek-300x209.jpg 300w, https:\/\/www.enerjigazetesi.ist\/wp-content\/uploads\/2020\/06\/yerli-ve-yenilenebilir-enerji-kaynaklarina-dayali-gucumuz-yuzde-65-e-yukselecek-500x348.jpg 500w, https:\/\/www.enerjigazetesi.ist\/wp-content\/uploads\/2020\/06\/yerli-ve-yenilenebilir-enerji-kaynaklarina-dayali-gucumuz-yuzde-65-e-yukselecek-72x50.jpg 72w\" sizes=\"(max-width: 320px) 100vw, 320px\" \/>enerji portf\u00f6y\u00fcndeki <strong>pay\u0131n\u0131n art\u0131r\u0131lmas\u0131na y\u00f6nelik \u00e7abalar\u0131n artarak<\/strong> devam etti\u011fi belirtilen planda, <strong>g\u00fcne\u015f<\/strong> ve <strong>r\u00fczg\u00e2ra<\/strong> y\u00f6nelik mevcut y\u00fcksek potansiyelin <strong>ortaya \u00e7\u0131kar\u0131lmas\u0131<\/strong> ve <strong>desteklenmesi<\/strong> gerekti\u011fi vurguland\u0131.<\/p>\n<p>Planda yer alan \u00f6ncelikli <strong>hedef, yerli ve yenilenebilir enerji kaynaklar\u0131na dayal\u0131<\/strong> elektrik kurulu g\u00fcc\u00fcn\u00fcn toplam kurulu g\u00fcce oran\u0131n\u0131n <strong>%59<\/strong>\u2019dan <strong>%65<\/strong> seviyesine y\u00fckseltilmesini sa\u011flamak. <strong>Elektrik sekt\u00f6r\u00fcnde teknolojik d\u00f6n\u00fc\u015f\u00fcm uygulamalar\u0131<\/strong> yap\u0131l\u0131rken <strong>enerji verimlili\u011finin art\u0131r\u0131lmas\u0131na y\u00f6nelik<\/strong> \u00e7al\u0131\u015fmalar da s\u00fcrd\u00fcr\u00fclecek.<\/p>\n<p><strong>2023<\/strong> y\u0131l\u0131nda g\u00fcne\u015f enerjisinde <strong>10.000 MW<\/strong>, <strong>r\u00fczg\u00e2r<\/strong> enerjisinde<strong> 11.883 MW<\/strong>, <strong>hidroelektrik<\/strong> enerjisinde <strong>32.037 MW<\/strong> ve jeotermal ile <strong>biyok\u00fctlede<\/strong> toplam <strong>2.884 MW<\/strong> olmak \u00fczere toplamda <strong>yenilenebilir enerji kaynaklar\u0131<\/strong>na dayal\u0131 <strong>56.804 MW<\/strong> k\u00fcm\u00fclatif g\u00fc\u00e7 hedefleniyor.<\/p>\n<p><strong>Lisanss\u0131z elektrik \u00fcretim mevzuat\u0131&#8217;<\/strong>n\u0131n 2020 y\u0131l\u0131nda tamamlanarak <strong>elektrik depolama mevzuat\u0131<\/strong>n\u0131n ise <strong>2022&#8217;de<\/strong> tamamlanmas\u0131 hedeflenmektedir.<\/p>\n<p><em><strong>Enerji ve Tabii Kaynaklar Bakanl\u0131\u011f\u0131&#8217;n\u0131n 2019-2023 y\u0131llar\u0131n\u0131 kapsayan Stratejik Plan\u0131 \u0130\u00e7in <a href=\"https:\/\/www.enerji.gov.tr\/File\/?path=ROOT%2f1%2fDocuments%2fStratejik%20Plan%2f2019-2023%20Stratejik%20Plan%c4%b1.pdf\" target=\"_blank\" rel=\"nofollow noopener\">TIKLAYIN&gt;&gt;&gt;<\/a><\/strong><\/em><\/p>","protected":false},"excerpt":{"rendered":"<p>Sorry, this entry is only available in Turkish. For the sake of viewer convenience, the content is shown below in the alternative language. You may click the link to switch the active language. Enerji ve Tabii Kaynaklar Bakanl\u0131\u011f\u0131 taraf\u0131ndan 2019-2023 y\u0131llar\u0131n\u0131 kapsayan Stratejik Plan yay\u0131mland\u0131. \u201cDaha \u00c7ok Yerli, Daha \u00c7ok Yenilenebilir\u201d stratejisi do\u011frultusunda ba\u015fta yerli [&hellip;]<\/p>\n","protected":false},"author":1,"featured_media":114559,"comment_status":"open","ping_status":"open","sticky":false,"template":"","format":"standard","meta":[],"categories":[22893,51,53,49,47,48,24649,50],"tags":[72950,53114,52259,1972,13522,1635,227,53157,8310,58,72949,69,53282,20025,1375,50492,12145],"views":220,"_links":{"self":[{"href":"https:\/\/www.enerjigazetesi.ist\/en\/wp-json\/wp\/v2\/posts\/114557"}],"collection":[{"href":"https:\/\/www.enerjigazetesi.ist\/en\/wp-json\/wp\/v2\/posts"}],"about":[{"href":"https:\/\/www.enerjigazetesi.ist\/en\/wp-json\/wp\/v2\/types\/post"}],"author":[{"embeddable":true,"href":"https:\/\/www.enerjigazetesi.ist\/en\/wp-json\/wp\/v2\/users\/1"}],"replies":[{"embeddable":true,"href":"https:\/\/www.enerjigazetesi.ist\/en\/wp-json\/wp\/v2\/comments?post=114557"}],"version-history":[{"count":0,"href":"https:\/\/www.enerjigazetesi.ist\/en\/wp-json\/wp\/v2\/posts\/114557\/revisions"}],"wp:featuredmedia":[{"embeddable":true,"href":"https:\/\/www.enerjigazetesi.ist\/en\/wp-json\/wp\/v2\/media\/114559"}],"wp:attachment":[{"href":"https:\/\/www.enerjigazetesi.ist\/en\/wp-json\/wp\/v2\/media?parent=114557"}],"wp:term":[{"taxonomy":"category","embeddable":true,"href":"https:\/\/www.enerjigazetesi.ist\/en\/wp-json\/wp\/v2\/categories?post=114557"},{"taxonomy":"post_tag","embeddable":true,"href":"https:\/\/www.enerjigazetesi.ist\/en\/wp-json\/wp\/v2\/tags?post=114557"}],"curies":[{"name":"wp","href":"https:\/\/api.w.org\/{rel}","templated":true}]}}