{"id":114551,"date":"2020-05-31T23:18:47","date_gmt":"2020-05-31T20:18:47","guid":{"rendered":"https:\/\/www.enerjigazetesi.ist\/?p=114551"},"modified":"2020-05-31T23:20:02","modified_gmt":"2020-05-31T20:20:02","slug":"5-haziran-2020de-surdurulebilirlik-etki-ve-amac-ozel-yayini-gerceklesecek","status":"publish","type":"post","link":"https:\/\/www.enerjigazetesi.ist\/en\/5-haziran-2020de-surdurulebilirlik-etki-ve-amac-ozel-yayini-gerceklesecek\/","title":{"rendered":"(Turkish) S\u00fcrd\u00fcr\u00fclebilirlik, Etki ve Ama\u00e7 \u00d6zel Yay\u0131n\u0131 5 Haziran&#8217;da!"},"content":{"rendered":"<p class=\"qtranxs-available-languages-message qtranxs-available-languages-message-en\">Sorry, this entry is only available in <a href=\"https:\/\/www.enerjigazetesi.ist\/tr\/wp-json\/wp\/v2\/posts\/114551\" class=\"qtranxs-available-language-link qtranxs-available-language-link-tr\" title=\"Turkish\">Turkish<\/a>. For the sake of viewer convenience, the content is shown below in the alternative language. You may click the link to switch the active language.<\/p><p><\/p>\n<table width=\"100%\">\n<tbody>\n<tr>\n<td>\n<h1>Covid-19 sadece bir uyar\u0131&#8230;<\/h1>\n<p><strong>\u0130klim krizi<\/strong> geri d\u00f6n\u00fclmez noktaya yakla\u015f\u0131rken, t\u00fcketiciler <strong>her ge\u00e7en g\u00fcn daha \u00e7evre odakl\u0131<\/strong> kararlar verirken, <strong>yetenekli i\u015fg\u00fcc\u00fc ama\u00e7 merkezli \u015firketleri<\/strong> tercih ederken <strong>i\u015f d\u00fcnyas\u0131n\u0131n gelece\u011fi<\/strong> nas\u0131l \u015fekillenecek?<\/p>\n<p><strong>5 Haziran D\u00fcnya \u00c7evre G\u00fcn\u00fc<\/strong>\u2019nde farkl\u0131 perspektifleri bir araya getirdi\u011fimiz<br \/>\n<strong>etkinli\u011fimizde bulu\u015fmak<\/strong> dileklerimizle\u2026<\/p>\n<p style=\"text-align: center;\"><img loading=\"lazy\" class=\"aligncenter wp-image-114553\" src=\"https:\/\/www.enerjigazetesi.ist\/wp-content\/uploads\/2020\/05\/5-haziran-2020de-surdurulebilirlik-etki-ve-amac-ozel-yayini-gerceklesecek.jpg\" alt=\"\" width=\"650\" height=\"407\" srcset=\"https:\/\/www.enerjigazetesi.ist\/wp-content\/uploads\/2020\/05\/5-haziran-2020de-surdurulebilirlik-etki-ve-amac-ozel-yayini-gerceklesecek.jpg 875w, https:\/\/www.enerjigazetesi.ist\/wp-content\/uploads\/2020\/05\/5-haziran-2020de-surdurulebilirlik-etki-ve-amac-ozel-yayini-gerceklesecek-300x188.jpg 300w, https:\/\/www.enerjigazetesi.ist\/wp-content\/uploads\/2020\/05\/5-haziran-2020de-surdurulebilirlik-etki-ve-amac-ozel-yayini-gerceklesecek-768x481.jpg 768w, https:\/\/www.enerjigazetesi.ist\/wp-content\/uploads\/2020\/05\/5-haziran-2020de-surdurulebilirlik-etki-ve-amac-ozel-yayini-gerceklesecek-500x313.jpg 500w, https:\/\/www.enerjigazetesi.ist\/wp-content\/uploads\/2020\/05\/5-haziran-2020de-surdurulebilirlik-etki-ve-amac-ozel-yayini-gerceklesecek-80x50.jpg 80w\" sizes=\"(max-width: 650px) 100vw, 650px\" \/><\/p>\n<p><a href=\"https:\/\/hbrevents.trk.diqtrk.com\/click\/?sid=00ab0c0oooii2aikori2oki&amp;linkid=1&amp;link=ab2adb76b65f4ecf90643b3ae3fd5cc6\" target=\"_blank\" rel=\"nofollow noopener\">Kay\u0131t \u0130\u00e7in TIKLAYIN &gt;&gt;&gt;<\/a><\/p>\n<h2>Program<\/h2>\n<table width=\"100%\">\n<tbody>\n<tr>\n<td><strong>5 Haziran 2020 Cuma, 15:00<\/strong><\/td>\n<\/tr>\n<\/tbody>\n<\/table>\n<\/td>\n<\/tr>\n<\/tbody>\n<\/table>\n<table width=\"100%\">\n<tbody>\n<tr>\n<td>\n<table width=\"800\">\n<tbody>\n<tr>\n<td width=\"200\">\n<table width=\"100%\">\n<tbody>\n<tr>\n<td>\n<table width=\"100%\">\n<tbody>\n<tr>\n<td>15:00 &#8211; 15:05<\/td>\n<\/tr>\n<\/tbody>\n<\/table>\n<\/td>\n<\/tr>\n<\/tbody>\n<\/table>\n<\/td>\n<td width=\"600\">\n<table width=\"100%\">\n<tbody>\n<tr>\n<td>\n<table width=\"100%\">\n<tbody>\n<tr>\n<td><strong>A\u00e7\u0131l\u0131\u015f<\/strong><\/p>\n<p>Serdar Turan, HBR T\u00fcrkiye &#8211; Genel Yay\u0131n Y\u00f6netmeni<\/td>\n<\/tr>\n<\/tbody>\n<\/table>\n<\/td>\n<\/tr>\n<\/tbody>\n<\/table>\n<\/td>\n<\/tr>\n<\/tbody>\n<\/table>\n<\/td>\n<\/tr>\n<\/tbody>\n<\/table>\n<p>&nbsp;<\/p>\n<table width=\"100%\">\n<tbody>\n<tr>\n<td>\n<table width=\"800\">\n<tbody>\n<tr>\n<td width=\"200\">\n<table width=\"100%\">\n<tbody>\n<tr>\n<td>\n<table width=\"100%\">\n<tbody>\n<tr>\n<td>15:05 &#8211; 15:30<\/td>\n<\/tr>\n<\/tbody>\n<\/table>\n<\/td>\n<\/tr>\n<\/tbody>\n<\/table>\n<\/td>\n<td width=\"600\">\n<table width=\"100%\">\n<tbody>\n<tr>\n<td>\n<table width=\"100%\">\n<tbody>\n<tr>\n<td><strong>Her \u015eey Vizyon Meselesi<\/strong><\/p>\n<p>Ak\u0131n \u00d6ng\u00f6r<\/td>\n<\/tr>\n<\/tbody>\n<\/table>\n<\/td>\n<\/tr>\n<\/tbody>\n<\/table>\n<\/td>\n<\/tr>\n<\/tbody>\n<\/table>\n<\/td>\n<\/tr>\n<tr>\n<td>\n<table width=\"800\">\n<tbody>\n<tr>\n<td width=\"200\">\n<table width=\"100%\">\n<tbody>\n<tr>\n<td>\n<table width=\"100%\">\n<tbody>\n<tr>\n<td>15:30 &#8211; 15:50<\/td>\n<\/tr>\n<\/tbody>\n<\/table>\n<\/td>\n<\/tr>\n<\/tbody>\n<\/table>\n<\/td>\n<td width=\"600\">\n<table width=\"100%\">\n<tbody>\n<tr>\n<td>\n<table width=\"100%\">\n<tbody>\n<tr>\n<td><strong>Covid \u00d6tesi: Di\u011fer Global Riskler<\/strong><\/p>\n<p>Eren \u00c7etinkaya, McKinsey &amp; Company T\u00fcrkiye &#8211; Partner<\/td>\n<\/tr>\n<\/tbody>\n<\/table>\n<\/td>\n<\/tr>\n<\/tbody>\n<\/table>\n<\/td>\n<\/tr>\n<\/tbody>\n<\/table>\n<\/td>\n<\/tr>\n<\/tbody>\n<\/table>\n<p>&nbsp;<\/p>\n<table width=\"100%\">\n<tbody>\n<tr>\n<td>\n<table width=\"800\">\n<tbody>\n<tr>\n<td width=\"200\">\n<table width=\"100%\">\n<tbody>\n<tr>\n<td>\n<table width=\"100%\">\n<tbody>\n<tr>\n<td>15:50 &#8211; 16:10<\/td>\n<\/tr>\n<\/tbody>\n<\/table>\n<\/td>\n<\/tr>\n<\/tbody>\n<\/table>\n<\/td>\n<td width=\"600\">\n<table width=\"100%\">\n<tbody>\n<tr>\n<td>\n<table width=\"100%\">\n<tbody>\n<tr>\n<td><strong>S\u00fcrd\u00fcr\u00fclebilirli\u011fi Stratejinin Merkezine Koymak: Ar\u00e7elik \u00d6rne\u011fi<\/strong><\/p>\n<p>Hakan Bulgurlu, Ar\u00e7elik &#8211; CEO<\/td>\n<\/tr>\n<\/tbody>\n<\/table>\n<\/td>\n<\/tr>\n<\/tbody>\n<\/table>\n<\/td>\n<\/tr>\n<\/tbody>\n<\/table>\n<\/td>\n<\/tr>\n<tr>\n<td>\n<table width=\"800\">\n<tbody>\n<tr>\n<td width=\"200\">\n<table width=\"100%\">\n<tbody>\n<tr>\n<td>\n<table width=\"100%\">\n<tbody>\n<tr>\n<td>16:10 &#8211; 16:30<\/td>\n<\/tr>\n<\/tbody>\n<\/table>\n<\/td>\n<\/tr>\n<\/tbody>\n<\/table>\n<\/td>\n<td width=\"600\">\n<table width=\"100%\">\n<tbody>\n<tr>\n<td>\n<table width=\"100%\">\n<tbody>\n<tr>\n<td><strong>Etki Olu\u015fturmak: \u00c7evre ve Etki Yat\u0131r\u0131mlar\u0131n\u0131 Anlamak<\/strong><\/p>\n<p>Cem Baytok, idacapital &#8211; Managing Partner<\/td>\n<\/tr>\n<\/tbody>\n<\/table>\n<\/td>\n<\/tr>\n<\/tbody>\n<\/table>\n<\/td>\n<\/tr>\n<\/tbody>\n<\/table>\n<\/td>\n<\/tr>\n<\/tbody>\n<\/table>\n<p>&nbsp;<\/p>\n<table width=\"100%\">\n<tbody>\n<tr>\n<td>\n<table width=\"800\">\n<tbody>\n<tr>\n<td width=\"200\">\n<table width=\"100%\">\n<tbody>\n<tr>\n<td>\n<table width=\"100%\">\n<tbody>\n<tr>\n<td>16:30 &#8211; 16:50<\/td>\n<\/tr>\n<\/tbody>\n<\/table>\n<\/td>\n<\/tr>\n<\/tbody>\n<\/table>\n<\/td>\n<td width=\"600\">\n<table width=\"100%\">\n<tbody>\n<tr>\n<td>\n<table width=\"100%\">\n<tbody>\n<tr>\n<td><strong>Uzun Vadeli De\u011fer<\/strong><\/p>\n<p>Hale \u00d6zsoy B\u0131y\u0131kl\u0131, Turkven &#8211; Partner<\/td>\n<\/tr>\n<\/tbody>\n<\/table>\n<\/td>\n<\/tr>\n<\/tbody>\n<\/table>\n<\/td>\n<\/tr>\n<\/tbody>\n<\/table>\n<\/td>\n<\/tr>\n<tr>\n<td>\n<table width=\"800\">\n<tbody>\n<tr>\n<td width=\"200\">\n<table width=\"100%\">\n<tbody>\n<tr>\n<td>\n<table width=\"100%\">\n<tbody>\n<tr>\n<td>16:50 &#8211; 17:00<\/td>\n<\/tr>\n<\/tbody>\n<\/table>\n<\/td>\n<\/tr>\n<\/tbody>\n<\/table>\n<\/td>\n<td width=\"600\">\n<table width=\"100%\">\n<tbody>\n<tr>\n<td>\n<table width=\"100%\">\n<tbody>\n<tr>\n<td><strong>HBR Perspektifi<\/strong><\/p>\n<p>Serdar Turan<\/td>\n<\/tr>\n<\/tbody>\n<\/table>\n<\/td>\n<\/tr>\n<\/tbody>\n<\/table>\n<\/td>\n<\/tr>\n<\/tbody>\n<\/table>\n<\/td>\n<\/tr>\n<\/tbody>\n<\/table>\n<p><a href=\"https:\/\/hbrevents.trk.diqtrk.com\/click\/?sid=00ab0c0oooii2aikori2oki&amp;linkid=1&amp;link=ab2adb76b65f4ecf90643b3ae3fd5cc6\" target=\"_blank\" rel=\"nofollow noopener\">Kay\u0131t \u0130\u00e7in TIKLAYIN &gt;&gt;&gt;<\/a><\/p>","protected":false},"excerpt":{"rendered":"<p>Sorry, this entry is only available in Turkish. For the sake of viewer convenience, the content is shown below in the alternative language. You may click the link to switch the active language. Covid-19 sadece bir uyar\u0131&#8230; \u0130klim krizi geri d\u00f6n\u00fclmez noktaya yakla\u015f\u0131rken, t\u00fcketiciler her ge\u00e7en g\u00fcn daha \u00e7evre odakl\u0131 kararlar verirken, yetenekli i\u015fg\u00fcc\u00fc ama\u00e7 [&hellip;]<\/p>\n","protected":false},"author":1,"featured_media":114553,"comment_status":"open","ping_status":"open","sticky":false,"template":"","format":"standard","meta":[],"categories":[51,53,52],"tags":[23065,52259,57125,37032],"views":344,"_links":{"self":[{"href":"https:\/\/www.enerjigazetesi.ist\/en\/wp-json\/wp\/v2\/posts\/114551"}],"collection":[{"href":"https:\/\/www.enerjigazetesi.ist\/en\/wp-json\/wp\/v2\/posts"}],"about":[{"href":"https:\/\/www.enerjigazetesi.ist\/en\/wp-json\/wp\/v2\/types\/post"}],"author":[{"embeddable":true,"href":"https:\/\/www.enerjigazetesi.ist\/en\/wp-json\/wp\/v2\/users\/1"}],"replies":[{"embeddable":true,"href":"https:\/\/www.enerjigazetesi.ist\/en\/wp-json\/wp\/v2\/comments?post=114551"}],"version-history":[{"count":0,"href":"https:\/\/www.enerjigazetesi.ist\/en\/wp-json\/wp\/v2\/posts\/114551\/revisions"}],"wp:featuredmedia":[{"embeddable":true,"href":"https:\/\/www.enerjigazetesi.ist\/en\/wp-json\/wp\/v2\/media\/114553"}],"wp:attachment":[{"href":"https:\/\/www.enerjigazetesi.ist\/en\/wp-json\/wp\/v2\/media?parent=114551"}],"wp:term":[{"taxonomy":"category","embeddable":true,"href":"https:\/\/www.enerjigazetesi.ist\/en\/wp-json\/wp\/v2\/categories?post=114551"},{"taxonomy":"post_tag","embeddable":true,"href":"https:\/\/www.enerjigazetesi.ist\/en\/wp-json\/wp\/v2\/tags?post=114551"}],"curies":[{"name":"wp","href":"https:\/\/api.w.org\/{rel}","templated":true}]}}