{"id":114542,"date":"2020-05-31T21:44:36","date_gmt":"2020-05-31T18:44:36","guid":{"rendered":"https:\/\/www.enerjigazetesi.ist\/?p=114542"},"modified":"2020-05-31T23:04:59","modified_gmt":"2020-05-31T20:04:59","slug":"5-haziran-dunya-cevre-gununde-gelecek-konusulacak","status":"publish","type":"post","link":"https:\/\/www.enerjigazetesi.ist\/en\/5-haziran-dunya-cevre-gununde-gelecek-konusulacak\/","title":{"rendered":"(Turkish) 5 Haziran &#8216;D\u00fcnya \u00c7evre G\u00fcn\u00fc&#8217;nde &#8216;Gelecek&#8217; Konu\u015fulacak"},"content":{"rendered":"<p class=\"qtranxs-available-languages-message qtranxs-available-languages-message-en\">Sorry, this entry is only available in <a href=\"https:\/\/www.enerjigazetesi.ist\/tr\/wp-json\/wp\/v2\/posts\/114542\" class=\"qtranxs-available-language-link qtranxs-available-language-link-tr\" title=\"Turkish\">Turkish<\/a>. For the sake of viewer convenience, the content is shown below in the alternative language. You may click the link to switch the active language.<\/p><p><\/p>\n<h1>Vir\u00fcs salg\u0131n\u0131 ile m\u00fccadele \u00e7evre konusundaki duyarl\u0131l\u0131\u011f\u0131 daha \u00fcst noktaya \u00e7\u0131kar\u0131nca bu y\u0131l 5 Haziran D\u00fcnya \u00c7evre G\u00fcn\u00fc daha anlaml\u0131 hale geldi.<\/h1>\n<p>&nbsp;<\/p>\n<h2><strong>5 Haziran Cuma g\u00fcn\u00fc bu de\u011fi\u015fimi konu\u015fmak \u00fczere saat <img loading=\"lazy\" class=\"alignright wp-image-114544\" src=\"https:\/\/www.enerjigazetesi.ist\/wp-content\/uploads\/2020\/05\/5-haziran-dunya-cevre-gununde-gelecek-konusulacak.jpg\" alt=\"\" width=\"340\" height=\"188\" srcset=\"https:\/\/www.enerjigazetesi.ist\/wp-content\/uploads\/2020\/05\/5-haziran-dunya-cevre-gununde-gelecek-konusulacak.jpg 642w, https:\/\/www.enerjigazetesi.ist\/wp-content\/uploads\/2020\/05\/5-haziran-dunya-cevre-gununde-gelecek-konusulacak-300x166.jpg 300w, https:\/\/www.enerjigazetesi.ist\/wp-content\/uploads\/2020\/05\/5-haziran-dunya-cevre-gununde-gelecek-konusulacak-500x276.jpg 500w, https:\/\/www.enerjigazetesi.ist\/wp-content\/uploads\/2020\/05\/5-haziran-dunya-cevre-gununde-gelecek-konusulacak-80x44.jpg 80w\" sizes=\"(max-width: 340px) 100vw, 340px\" \/>14.30&#8217;da online bir bulu\u015fma ger\u00e7ekle\u015ftirilecektir.<\/strong><\/h2>\n<p><strong>D\u00fcnya \u00c7evre G\u00fcn\u00fc<\/strong>\u2019nde \u2018\u2019<strong><em>gelece\u011fin<\/em><\/strong>\u2019\u2019 konu\u015fulaca\u011f\u0131 etkinlikte\u00a0<strong>\u00c7EVKO<\/strong> Genel Sekreteri <strong><em>Mete \u0130mer<\/em><\/strong> ile <strong>Teksan Jenerat\u00f6r<\/strong> Y\u00f6netim Kurulu \u00dcyesi <strong><em>Ebru Ata Tuncer<\/em><\/strong>&#8216;<em>in<\/em> ana konu\u015fmac\u0131 olaca\u011f\u0131 siz kat\u0131l\u0131mc\u0131lar\u0131n da <strong>soru, g\u00f6r\u00fc\u015f ve \u00f6nerileri<\/strong> ile katk\u0131 verece\u011fi bulu\u015fmaya bekleniyorsunuz&#8230;<\/p>\n<p><strong><u>Not:<\/u><\/strong><strong>\u00a0<\/strong>Ge\u00e7ti\u011fimiz y\u0131l\u0131n sonunda <strong>\u0130zmir\u2019de<\/strong> ger\u00e7ekle\u015ftirdi\u011fimiz \u2018\u2019<strong><em>XI&#8217;uncu K\u00fcresel Is\u0131nma Kurultay\u0131\u2019\u2019<\/em><\/strong> kitab\u0131n\u0131n da tan\u0131t\u0131m\u0131n\u0131n da yap\u0131laca\u011f\u0131 etkinlikle ilgili <strong><a href=\"mailto:ekonomigazetecileridernegi@gmail.com\" target=\"_blank\" rel=\"nofollow noopener\">ekonomigazetecileridernegi@gmail.com<\/a> geri d\u00f6n\u00fc\u015f yapt\u0131\u011f\u0131n\u0131z takdirde zoom kat\u0131l\u0131m linki sizlere iletilecektir.<\/strong><\/p>","protected":false},"excerpt":{"rendered":"<p>Sorry, this entry is only available in Turkish. For the sake of viewer convenience, the content is shown below in the alternative language. You may click the link to switch the active language. Vir\u00fcs salg\u0131n\u0131 ile m\u00fccadele \u00e7evre konusundaki duyarl\u0131l\u0131\u011f\u0131 daha \u00fcst noktaya \u00e7\u0131kar\u0131nca bu y\u0131l 5 Haziran D\u00fcnya \u00c7evre G\u00fcn\u00fc daha anlaml\u0131 hale geldi. [&hellip;]<\/p>\n","protected":false},"author":1,"featured_media":114544,"comment_status":"open","ping_status":"open","sticky":false,"template":"","format":"standard","meta":[],"categories":[51,53,52],"tags":[23065,36068,8947,15555,48540,36066,52259,2689,72947,72948,72944,62149,72945,72946],"views":334,"_links":{"self":[{"href":"https:\/\/www.enerjigazetesi.ist\/en\/wp-json\/wp\/v2\/posts\/114542"}],"collection":[{"href":"https:\/\/www.enerjigazetesi.ist\/en\/wp-json\/wp\/v2\/posts"}],"about":[{"href":"https:\/\/www.enerjigazetesi.ist\/en\/wp-json\/wp\/v2\/types\/post"}],"author":[{"embeddable":true,"href":"https:\/\/www.enerjigazetesi.ist\/en\/wp-json\/wp\/v2\/users\/1"}],"replies":[{"embeddable":true,"href":"https:\/\/www.enerjigazetesi.ist\/en\/wp-json\/wp\/v2\/comments?post=114542"}],"version-history":[{"count":0,"href":"https:\/\/www.enerjigazetesi.ist\/en\/wp-json\/wp\/v2\/posts\/114542\/revisions"}],"wp:featuredmedia":[{"embeddable":true,"href":"https:\/\/www.enerjigazetesi.ist\/en\/wp-json\/wp\/v2\/media\/114544"}],"wp:attachment":[{"href":"https:\/\/www.enerjigazetesi.ist\/en\/wp-json\/wp\/v2\/media?parent=114542"}],"wp:term":[{"taxonomy":"category","embeddable":true,"href":"https:\/\/www.enerjigazetesi.ist\/en\/wp-json\/wp\/v2\/categories?post=114542"},{"taxonomy":"post_tag","embeddable":true,"href":"https:\/\/www.enerjigazetesi.ist\/en\/wp-json\/wp\/v2\/tags?post=114542"}],"curies":[{"name":"wp","href":"https:\/\/api.w.org\/{rel}","templated":true}]}}