{"id":114511,"date":"2020-05-31T17:07:42","date_gmt":"2020-05-31T14:07:42","guid":{"rendered":"https:\/\/www.enerjigazetesi.ist\/?p=114511"},"modified":"2020-05-31T19:28:03","modified_gmt":"2020-05-31T16:28:03","slug":"ozel-haber-enve-enerji-bakis-acisiyla-gunumuzde-enerji-verimliligi","status":"publish","type":"post","link":"https:\/\/www.enerjigazetesi.ist\/en\/ozel-haber-enve-enerji-bakis-acisiyla-gunumuzde-enerji-verimliligi\/","title":{"rendered":"(Turkish) \u00d6zel Haber: &#8220;Enve Enerji Bak\u0131\u015f A\u00e7\u0131s\u0131yla G\u00fcn\u00fcm\u00fczde Enerji Verimlili\u011fi&#8221;"},"content":{"rendered":"<p class=\"qtranxs-available-languages-message qtranxs-available-languages-message-en\">Sorry, this entry is only available in <a href=\"https:\/\/www.enerjigazetesi.ist\/tr\/wp-json\/wp\/v2\/posts\/114511\" class=\"qtranxs-available-language-link qtranxs-available-language-link-tr\" title=\"Turkish\">Turkish<\/a>. For the sake of viewer convenience, the content is shown below in the alternative language. You may click the link to switch the active language.<\/p><p><\/p>\n<h1><strong>Enve Enerji Genel M\u00fcd\u00fcr\u00fc Dr. <\/strong><em><strong>Cem Karabal<\/strong><\/em><strong> ile g\u00fcn\u00fcm\u00fcz enerji piyasas\u0131nda enerji verimlili\u011fine dair bir r\u00f6portaj yapma imk\u00e2n\u0131m\u0131z oldu. Enve Enerji&#8217;den k\u0131saca bahsedelim, 2009 y\u0131l\u0131nda faaliyetlerine ba\u015flayan sekt\u00f6r\u00fcnde \u00f6nde gelen ESCO\/EVD \u015firketlerinden biridir. Enerji verimlili\u011fi ve s\u00fcrd\u00fcr\u00fclebilirlik temas\u0131yla; enerji et\u00fctleri, verimlilik art\u0131r\u0131c\u0131 projeler, m\u00fchendislik sistemleri tasar\u0131m\u0131 ve uygulamalar\u0131, yenilenebilir enerji \u00e7al\u0131\u015fmalar\u0131, test-devreye alma uygulamalar\u0131 ve e\u011fitim faaliyetlerine y\u00f6nelik \u00e7al\u0131\u015fmalar y\u00fcr\u00fcten bir kurulu\u015ftur.<\/strong><\/h1>\n<p>Sizler i\u00e7in derledi\u011fimiz soru cevap yaz\u0131m\u0131z keyifli okumalar&#8230;<\/p>\n<h2><strong>1- G\u00fcn\u00fcm\u00fczde Enerji Verimlili\u011fi Neden \u00d6nemli?<\/strong><\/h2>\n<p>Son on y\u0131ld\u0131r d\u00fcnya \u00fczerinde en fazla tart\u0131\u015f\u0131lan konulardan ikisi de k\u00fcresel \u0131s\u0131nma ve iklim de\u011fi\u015fikli\u011fi ba\u015fl\u0131klar\u0131d\u0131r. Buna paralel geli\u015ftirilen s\u00fcrd\u00fcr\u00fclebilir stratejiler, i\u015fletmelerin geli\u015fmelere uyum sa\u011flama \u00e7abalar\u0131 ve kaynaklar\u0131 daha etkin ve verimli kullanma zorunlulu\u011fu ekseninde, enerji ve enerji verimlili\u011fine bak\u0131\u015f a\u00e7\u0131lar\u0131 da \u015fekillenmektedir.\u00a0 2007 y\u0131l\u0131nda<\/p>\n<div id=\"attachment_114516\" style=\"width: 204px\" class=\"wp-caption alignright\"><img aria-describedby=\"caption-attachment-114516\" loading=\"lazy\" class=\"wp-image-114516 \" src=\"https:\/\/www.enerjigazetesi.ist\/wp-content\/uploads\/2020\/05\/ICERIK-225x300.jpg\" alt=\"\" width=\"194\" height=\"259\" srcset=\"https:\/\/www.enerjigazetesi.ist\/wp-content\/uploads\/2020\/05\/ICERIK-225x300.jpg 225w, https:\/\/www.enerjigazetesi.ist\/wp-content\/uploads\/2020\/05\/ICERIK.jpg 768w, https:\/\/www.enerjigazetesi.ist\/wp-content\/uploads\/2020\/05\/ICERIK-300x400.jpg 300w, https:\/\/www.enerjigazetesi.ist\/wp-content\/uploads\/2020\/05\/ICERIK-38x50.jpg 38w\" sizes=\"(max-width: 194px) 100vw, 194px\" \/><p id=\"caption-attachment-114516\" class=\"wp-caption-text\">Dr. Cem Karabal- Enve Enerji Genel M\u00fcd\u00fcr\u00fc<\/p><\/div>\n<p>yay\u0131nlanan Enerji Verimlili\u011fi Kanunu ve pe\u015fi s\u0131ra hayata ge\u00e7en ikincil mevzuat\u0131yla birlikte, T\u00fcrkiye genelinde sanayi ve bina sekt\u00f6rlerinde konuya y\u00f6nelik fark\u0131ndal\u0131k olu\u015fmaya ba\u015flam\u0131\u015ft\u0131r.<\/p>\n<p>Makro perspektifte bak\u0131ld\u0131\u011f\u0131nda, enerjide y\u00fcksek oranda d\u0131\u015fa ba\u011f\u0131ml\u0131 olan T\u00fcrkiye a\u00e7\u0131s\u0131ndan, yenilenebilir enerji yat\u0131r\u0131mlar\u0131n\u0131n yan\u0131nda, enerji verimlili\u011fine y\u00f6nelik at\u0131lacak ad\u0131mlar da, bu ba\u011f\u0131ml\u0131l\u0131\u011f\u0131n azalmas\u0131na \u00f6nemli katk\u0131lar sa\u011flayacakt\u0131r. Konu i\u015fletme seviyesinde de\u011ferlendirildi\u011finde, i\u015fletmelerin kendi kaynaklar\u0131n\u0131 daha verimli kullanmalar\u0131 onlara yeni bir gelir kayna\u011f\u0131 olacakt\u0131r ve bu \u00f6nemli bir f\u0131rsatt\u0131r. G\u00fcn\u00fcm\u00fczde ya\u015fanan gerek finansal gerek sosyal krizler ki \u00f6zellikle pandemi konusu, i\u015fletmelerde mevcut durumun \u00e7ok daha derinlemesine bir \u015fekilde ele al\u0131nmas\u0131 gere\u011fini ortaya koymaktad\u0131r.<\/p>\n<p>G\u00fcn\u00fcm\u00fczde vuku bulan Covid-19 pandemisi, i\u015fletmelerin gerek \u00e7al\u0131\u015fma ko\u015fullar\u0131n\u0131, gerekse ekonomik ve sosyal ko\u015fullar\u0131n\u0131 do\u011frudan etkileyecek gibi g\u00f6r\u00fcnmektedir. \u00d6zellikle s\u00fcre\u00e7 sonras\u0131 \u00e7\u0131k\u0131\u015f aray\u0131\u015f\u0131na girecek olan i\u015fletmelerde daralan ekonomi nedeniyle b\u00fcy\u00fcmeden ziyade, mevcudu koruma ve kaynaklar\u0131 etkin ve verimli kullanma \u00e7abalar\u0131 daha da \u00f6nem kazanacakt\u0131r. Bu y\u00fczden g\u00fcn\u00fcm\u00fczde enerji verimlili\u011fi, i\u015fletmelere eskisinden daha fazla \u0131\u015f\u0131k tutacak \u00f6nemli bir potansiyele sahiptir.<\/p>\n<h2><strong>2- Enve Enerji olarak enerji verimlili\u011finde firmalara ne gibi hizmetler sunuyorsunuz?<\/strong><\/h2>\n<p>Biz \u015firket olarak end\u00fcstriyel i\u015fletmelere veya binalara y\u00f6nelik enerji verimlili\u011fi \u00e7\u00f6z\u00fcmleri <img loading=\"lazy\" class=\"wp-image-114526 alignleft\" src=\"https:\/\/www.enerjigazetesi.ist\/wp-content\/uploads\/2020\/05\/F\u0130RMA-275x300.jpg\" alt=\"\" width=\"187\" height=\"204\" srcset=\"https:\/\/www.enerjigazetesi.ist\/wp-content\/uploads\/2020\/05\/F\u0130RMA-275x300.jpg 275w, https:\/\/www.enerjigazetesi.ist\/wp-content\/uploads\/2020\/05\/F\u0130RMA-366x400.jpg 366w, https:\/\/www.enerjigazetesi.ist\/wp-content\/uploads\/2020\/05\/F\u0130RMA-46x50.jpg 46w, https:\/\/www.enerjigazetesi.ist\/wp-content\/uploads\/2020\/05\/F\u0130RMA.jpg 468w\" sizes=\"(max-width: 187px) 100vw, 187px\" \/>geli\u015ftiriyoruz. Bu kapsamda detayl\u0131 enerji et\u00fctleri, m\u00fchendislik tasar\u0131mlar\u0131 ve enerji verimlili\u011fi uygulamalar\u0131na y\u00f6nelik \u00e7al\u0131\u015fmalar yap\u0131yoruz. Bu \u00e7al\u0131\u015fmalar i\u00e7erisinde at\u0131k \u0131s\u0131 geri kazan\u0131m\u0131ndan, iklimlendirmeye, otomasyon sistemlerinden end\u00fcstriyel uygulamalara kadar \u00e7e\u015fitli alanlarda tasarruf odaklar\u0131n\u0131 irdeliyor ve \u00f6neriyoruz. Verimlilik art\u0131r\u0131c\u0131 projelerle, i\u015fletmelerin te\u015fvik mekanizmalar\u0131ndan istifade etmelerine y\u00f6nelik m\u00fchendislik \u00e7\u00f6z\u00fcmlerini geli\u015ftiriyoruz. Bunlara paralel olarak \u00f6l\u00e7me ve de\u011ferlendirme yetene\u011fimizle, mekanik ve elektrik tesisat m\u00fchendisli\u011fi deneyimimizden hareketle test&amp;commissioning ve TAD (Test&amp;Ayar&amp;Dengeleme) faaliyetleri de icra etmekteyiz. E\u011fitim konusunda da ge\u00e7mi\u015ften gelen tecr\u00fcbemizle, t\u00fcm payda\u015flar\u0131m\u0131za de\u011fer yaratmaya gayret ediyoruz.<\/p>\n<h2><strong>3- Enve Vision ad\u0131nda bir enerji izleme sisteminiz oldu\u011funu g\u00f6r\u00fcyoruz. Bu sistem ile alakal\u0131 bilgi verir misiniz?<\/strong><\/h2>\n<p>G\u00fcn\u00fcm\u00fcz rekabet ortam\u0131nda i\u015fletmelerin en \u00f6nemli giderlerinden biri de enerji maliyetleridir. Makro \u00e7evrede geli\u015ftirilen s\u00fcrd\u00fcr\u00fclebilir stratejiler, i\u015fletmelerin geli\u015fmelere uyum sa\u011flama \u00e7abalar\u0131 ve kaynaklar\u0131 daha etkin ve verimli kullanma zorunlulu\u011fu ekseninde, enerji ve enerji verimlili\u011fine bak\u0131\u015f a\u00e7\u0131lar\u0131 da \u015fekillenmektedir. Kli\u015fe bir ifade var: <strong>\u201c\u00d6l\u00e7mek bilmek, bilmek y\u00f6netmektedir\u201d<\/strong>. Enve Vision bu ama\u00e7la kurgulanm\u0131\u015f bir enerji izleme ve kontrol sistemidir. Saha elemanlar\u0131ndan yaz\u0131l\u0131ma, montajdan devreye almaya kadar t\u00fcm a\u015famalar\u0131n, m\u00fc\u015fteri istek ve ihtiya\u00e7lar\u0131 do\u011frultusunda kurgulanarak, taraf\u0131m\u0131zca anahtar teslim \u015fekilde tesis edilmesini kapsamaktad\u0131r.<\/p>\n<p>Enve Vision ile \u0130\u015fletmelerde s\u0131kl\u0131kla kar\u015f\u0131la\u015f\u0131lan; verimsizlik profilleri, reaktif cezalar, ar\u0131zalar, hatal\u0131 kullan\u0131m, bilgi eksikli\u011fi, i\u015fletme k\u00f6rl\u00fc\u011f\u00fc gibi olumsuzluklara y\u00f6nelik fark\u0131ndal\u0131k olu\u015fturulmaktad\u0131r.<\/p>\n<p>Paket i\u00e7erisinde kulland\u0131\u011f\u0131m\u0131z yaz\u0131l\u0131m\u0131n marka ba\u011f\u0131ms\u0131z olmas\u0131, i\u015fletmenin sahip oldu\u011fu mevcut saha elemanlar\u0131n\u0131n da sisteme entegre edilmesine imkan sa\u011flamaktad\u0131r. Ayr\u0131ca bulut teknolojisi olana\u011f\u0131, kontrol (anahtarlama), an\u0131nda izleme, anl\u0131k ar\u0131za ve alarm izleme, k\u0131yaslama gibi \u00f6zellikler de sistem paketiyle birlikte sunulmaktad\u0131r. \u00d6zetlemek gerekirse Enve Vision ile i\u015fletmelere, enerji y\u00f6netiminde yeni bir vizyon kazand\u0131rmaktay\u0131z.<\/p>\n<h2><strong>4- Bildi\u011finiz \u00fczere Enve gibi sekt\u00f6rde bir\u00e7ok EVD (Enerji Verimlili\u011fi Dan\u0131\u015fmanl\u0131k) firmas\u0131 var. Enve&#8217;yi alan\u0131nda farkl\u0131 k\u0131lan ve \u00f6ne \u00e7\u0131karan nelerdir? Enerji Verimlili\u011fi sekt\u00f6r\u00fcnde Enve kendini nerede g\u00f6r\u00fcyor?<\/strong><\/h2>\n<p><img loading=\"lazy\" class=\"size-medium wp-image-114532 alignright\" src=\"https:\/\/www.enerjigazetesi.ist\/wp-content\/uploads\/2020\/05\/FOSFOR-300x225.jpg\" alt=\"\" width=\"300\" height=\"225\" srcset=\"https:\/\/www.enerjigazetesi.ist\/wp-content\/uploads\/2020\/05\/FOSFOR-300x225.jpg 300w, https:\/\/www.enerjigazetesi.ist\/wp-content\/uploads\/2020\/05\/FOSFOR-500x375.jpg 500w, https:\/\/www.enerjigazetesi.ist\/wp-content\/uploads\/2020\/05\/FOSFOR-67x50.jpg 67w, https:\/\/www.enerjigazetesi.ist\/wp-content\/uploads\/2020\/05\/FOSFOR.jpg 597w\" sizes=\"(max-width: 300px) 100vw, 300px\" \/>G\u00fcncel durumda yetkilendirilmi\u015f 45 EVD firmas\u0131 bulunuyor. Bunlarda 9 tanesi hem sanayide hem de binada yetkilendirilmi\u015f durumda. Enve enerji her iki alanda da yetkilendirilmi\u015f EVD \u015firketlerinden birisidir. Bizi farkl\u0131 k\u0131lan \u00f6zellikler olarak ilk s\u00f6yleyebilece\u011fim; en eski EVD yap\u0131lanmalar\u0131ndan beri sekt\u00f6r\u00fcn i\u00e7erisinde olmas\u0131yla birlikte edinmi\u015f oldu\u011fu ciddi bilgi ve deneyim birikimidir. Bununla birlikte, her sekt\u00f6rde y\u00fcr\u00fctt\u00fc\u011f\u00fc projelerden kaynakl\u0131 olarak bina ve sekt\u00f6r ay\u0131rt etmeksizin faaliyet g\u00f6sterebilme potansiyeli de \u00f6nemli bir \u00f6zelli\u011fidir. \u0130\u00e7 yap\u0131ya bakt\u0131\u011f\u0131m\u0131zda dinamik yeteneklerimizin g\u00fc\u00e7l\u00fc oldu\u011funu ve \u00e7evik bir i\u015fletme oldu\u011fumuzu d\u00fc\u015f\u00fcn\u00fcyorum. \u00d6zellikle m\u00fchendislik uygulamalar\u0131 ve tasar\u0131m konusunda uzman m\u00fchendislerin de b\u00fcnyesinde yer al\u0131yor olmas\u0131 bir di\u011fer g\u00fc\u00e7l\u00fc taraf\u0131d\u0131r. Enve enerji olarak kendimizi sekt\u00f6re de\u011fer katan \u00f6nemli payda\u015flardan biri olarak g\u00f6r\u00fcyoruz.<\/p>\n<h2><strong>5- EVD firmalar\u0131 i\u00e7inde yerli ve milli olmayan yabanc\u0131 sermayeli kurulu\u015flar\u0131nda yetki ald\u0131\u011f\u0131n\u0131 g\u00f6r\u00fcyoruz sizde bu do\u011fru bir uygulama m\u0131?<\/strong><\/h2>\n<p>Asl\u0131nda burada yerli ve milli olmayan tabirini kullanmak \u00e7ok do\u011fru olmayacakt\u0131r. Nihayetinde hepsi bu \u00fclkede kurulu i\u015fletmeler. Evet! baz\u0131 k\u00fcresel i\u015fletmelerin EVD oldu\u011funu g\u00f6r\u00fcyoruz, ancak ben herkesin sekt\u00f6re de\u011fer katt\u0131\u011f\u0131n\u0131 d\u00fc\u015f\u00fcn\u00fcyorum. S\u0131k s\u0131k vurgulad\u0131\u011f\u0131m\u0131z bir konu var. Sekt\u00f6r i\u00e7erisindeki t\u00fcm payda\u015flar\u0131n rekabet etmekten ziyade, sekt\u00f6r\u00fc geli\u015ftirme \u00e7abas\u0131 i\u00e7erisinde oldu\u011funu d\u00fc\u015f\u00fcn\u00fcyorum. Dolay\u0131s\u0131yla k\u00fcresel i\u015fletmelerin \u00fclkemizde benzer alanlarda faaliyet g\u00f6stermesi hem bizlere hem de sekt\u00f6re de\u011fer katmaktad\u0131r. Ben bu durumun olumlu oldu\u011fu g\u00f6r\u00fc\u015f\u00fcndeyim.<\/p>\n<p><strong>Enve Enerji Hakk\u0131nda Detayl\u0131 Bilgi \u0130\u00e7in:<\/strong> <a href=\"http:\/\/www.enve.com.tr\/anasayfa\" target=\"_blank\" rel=\"nofollow noopener\">www.enve.com.tr<\/a> adresini ziyaret edebilirsiniz.<\/p>\n<p>Haz\u0131rlayan: Hatice K\u00fcbra G\u00fcney, Elektrik Elektronik M\u00fchendisi,\u00a0<a href=\"mailto:kubra.guney@enerjigazetesi.ist\" target=\"_blank\" rel=\"nofollow noopener\">kubra.guney@enerjigazetesi.ist<\/a><\/p>","protected":false},"excerpt":{"rendered":"<p>Sorry, this entry is only available in Turkish. For the sake of viewer convenience, the content is shown below in the alternative language. You may click the link to switch the active language. Enve Enerji Genel M\u00fcd\u00fcr\u00fc Dr. Cem Karabal ile g\u00fcn\u00fcm\u00fcz enerji piyasas\u0131nda enerji verimlili\u011fine dair bir r\u00f6portaj yapma imk\u00e2n\u0131m\u0131z oldu. Enve Enerji&#8217;den k\u0131saca [&hellip;]<\/p>\n","protected":false},"author":6,"featured_media":114517,"comment_status":"open","ping_status":"open","sticky":false,"template":"","format":"standard","meta":[],"categories":[51,53,52],"tags":[67254,72842,92,3670,34979,34980,63,67,1009,2698,165,103,12,298,21068,466,47827,380,69317,72943,14828],"views":307,"_links":{"self":[{"href":"https:\/\/www.enerjigazetesi.ist\/en\/wp-json\/wp\/v2\/posts\/114511"}],"collection":[{"href":"https:\/\/www.enerjigazetesi.ist\/en\/wp-json\/wp\/v2\/posts"}],"about":[{"href":"https:\/\/www.enerjigazetesi.ist\/en\/wp-json\/wp\/v2\/types\/post"}],"author":[{"embeddable":true,"href":"https:\/\/www.enerjigazetesi.ist\/en\/wp-json\/wp\/v2\/users\/6"}],"replies":[{"embeddable":true,"href":"https:\/\/www.enerjigazetesi.ist\/en\/wp-json\/wp\/v2\/comments?post=114511"}],"version-history":[{"count":0,"href":"https:\/\/www.enerjigazetesi.ist\/en\/wp-json\/wp\/v2\/posts\/114511\/revisions"}],"wp:featuredmedia":[{"embeddable":true,"href":"https:\/\/www.enerjigazetesi.ist\/en\/wp-json\/wp\/v2\/media\/114517"}],"wp:attachment":[{"href":"https:\/\/www.enerjigazetesi.ist\/en\/wp-json\/wp\/v2\/media?parent=114511"}],"wp:term":[{"taxonomy":"category","embeddable":true,"href":"https:\/\/www.enerjigazetesi.ist\/en\/wp-json\/wp\/v2\/categories?post=114511"},{"taxonomy":"post_tag","embeddable":true,"href":"https:\/\/www.enerjigazetesi.ist\/en\/wp-json\/wp\/v2\/tags?post=114511"}],"curies":[{"name":"wp","href":"https:\/\/api.w.org\/{rel}","templated":true}]}}