{"id":114381,"date":"2020-05-28T16:14:39","date_gmt":"2020-05-28T13:14:39","guid":{"rendered":"https:\/\/www.enerjigazetesi.ist\/?p=114381"},"modified":"2020-05-28T16:14:39","modified_gmt":"2020-05-28T13:14:39","slug":"yenilenebilirde-kullanilan-yerli-aksam-destek-yonetmeliginde-degisiklik","status":"publish","type":"post","link":"https:\/\/www.enerjigazetesi.ist\/en\/yenilenebilirde-kullanilan-yerli-aksam-destek-yonetmeliginde-degisiklik\/","title":{"rendered":"(Turkish) Yenilenebilir&#8217;de Kullan\u0131lan Yerli Aksam Destek Y\u00f6netmeli\u011fi&#8217;nde De\u011fi\u015fiklik"},"content":{"rendered":"<p class=\"qtranxs-available-languages-message qtranxs-available-languages-message-en\">Sorry, this entry is only available in <a href=\"https:\/\/www.enerjigazetesi.ist\/tr\/wp-json\/wp\/v2\/posts\/114381\" class=\"qtranxs-available-language-link qtranxs-available-language-link-tr\" title=\"Turkish\">Turkish<\/a>. For the sake of viewer convenience, the content is shown below in the alternative language. You may click the link to switch the active language.<\/p><p><\/p>\n<h1><strong>Yenilenebilir Enerji Kaynaklar\u0131ndan Elektrik Enerjisi \u00dcreten Tesislerde Kullan\u0131lan Yerli Aksam\u0131n Desteklenmesi Hakk\u0131nda Y\u00f6netmelikte De\u011fi\u015fiklik Yap\u0131lmas\u0131na Dair Y\u00f6netmelik Resmi Gazete\u2019de yay\u0131mlanarak y\u00fcr\u00fcrl\u00fc\u011fe girdi.<\/strong><\/h1>\n<p>&#8211; <strong>Elektrik \u00fcretim tesisi<\/strong>nde kullan\u0131lan aksama ait yurt i\u00e7inde <strong>imal edilen<\/strong> ilgili <strong>b\u00fct\u00fcnle\u015ftirici <img loading=\"lazy\" class=\"alignright wp-image-114384\" src=\"https:\/\/www.enerjigazetesi.ist\/wp-content\/uploads\/2020\/05\/resmi-741x486-1.jpeg\" alt=\"yenilenebilirde-kullanilan-yerli-aksam-destek-yonetmeliginde-degisiklik\" width=\"320\" height=\"210\" srcset=\"https:\/\/www.enerjigazetesi.ist\/wp-content\/uploads\/2020\/05\/resmi-741x486-1.jpeg 741w, https:\/\/www.enerjigazetesi.ist\/wp-content\/uploads\/2020\/05\/resmi-741x486-1-300x197.jpeg 300w, https:\/\/www.enerjigazetesi.ist\/wp-content\/uploads\/2020\/05\/resmi-741x486-1-500x328.jpeg 500w, https:\/\/www.enerjigazetesi.ist\/wp-content\/uploads\/2020\/05\/resmi-741x486-1-76x50.jpeg 76w\" sizes=\"(max-width: 320px) 100vw, 320px\" \/>par\u00e7alar\u0131n<\/strong> aksam i\u00e7indeki oranlar\u0131n\u0131n toplam\u0131n\u0131n en az <strong>% 55<\/strong> olmas\u0131,<\/p>\n<p>&#8211; <strong>Yerli \u00fcr\u00fcn deste\u011fi<\/strong> talebinde bulunulan<strong> aksam ve\/veya b\u00fct\u00fcnle\u015ftirici par\u00e7an\u0131n<\/strong> \u00fcretim yerinde <strong>imal edildi\u011fi<\/strong>ni ve(ya) <strong>elektrik \u00fcretim tesisi<\/strong>nde kullan\u0131ld\u0131\u011f\u0131n\u0131 <strong>kontrol etmek amac\u0131yla<\/strong> Bakanl\u0131k ve\/veya Bakanl\u0131\u011f\u0131n g\u00f6revlendirdi\u011fi kurum\/kurulu\u015flar taraf\u0131ndan olu\u015fturulan en az <strong>2 ki\u015filik<\/strong> heyetten olu\u015fmas\u0131,<\/p>\n<p>&#8211; <strong>Yerli katk\u0131 ilave fiyat\u0131<\/strong>ndan bir \u00f6nceki d\u00f6nem faydalanm\u0131\u015f olan <strong>elektrik \u00fcretim tesisi<\/strong>nde <strong>kapasite art\u0131\u015f\u0131, modernizasyon, yenileme veya k\u0131smi kabuller<\/strong> ile i\u015fletmeye giren \u00fcnitelerin olmas\u0131 durumunda <strong>ba\u015fvuru sahipleri<\/strong> taraf\u0131ndan yeni \u00fcnitelere ili\u015fkin <strong>2&#8217;inci f\u0131kra kapsam\u0131ndaki<\/strong> belgelerin<strong> 1 A\u011fustos tarihine<\/strong> kadar <strong>Bakanl\u0131k ve\/veya Bakanl\u0131\u011f\u0131n g\u00f6revlendirdi\u011fi<\/strong> kurulu\u015fa sunulmas\u0131 ko\u015fullar\u0131 getirildi.<\/p>\n<p><strong>Resmi Gazete&#8217;de Yay\u0131mlanan \u0130lgili Y\u00f6netmelik <a href=\"https:\/\/www.resmigazete.gov.tr\/eskiler\/2020\/05\/20200528-6.htm\" target=\"_blank\" rel=\"nofollow noopener\">\u0130\u00e7in TIKLAYIN &gt;&gt;&gt;<\/a><\/strong><\/p>","protected":false},"excerpt":{"rendered":"<p>Sorry, this entry is only available in Turkish. For the sake of viewer convenience, the content is shown below in the alternative language. You may click the link to switch the active language. Yenilenebilir Enerji Kaynaklar\u0131ndan Elektrik Enerjisi \u00dcreten Tesislerde Kullan\u0131lan Yerli Aksam\u0131n Desteklenmesi Hakk\u0131nda Y\u00f6netmelikte De\u011fi\u015fiklik Yap\u0131lmas\u0131na Dair Y\u00f6netmelik Resmi Gazete\u2019de yay\u0131mlanarak y\u00fcr\u00fcrl\u00fc\u011fe girdi. [&hellip;]<\/p>\n","protected":false},"author":1,"featured_media":114384,"comment_status":"open","ping_status":"open","sticky":false,"template":"","format":"standard","meta":[],"categories":[51,53,49,50],"tags":[5070,52259,1388,54979,57726,72779,28427,72780],"views":155,"_links":{"self":[{"href":"https:\/\/www.enerjigazetesi.ist\/en\/wp-json\/wp\/v2\/posts\/114381"}],"collection":[{"href":"https:\/\/www.enerjigazetesi.ist\/en\/wp-json\/wp\/v2\/posts"}],"about":[{"href":"https:\/\/www.enerjigazetesi.ist\/en\/wp-json\/wp\/v2\/types\/post"}],"author":[{"embeddable":true,"href":"https:\/\/www.enerjigazetesi.ist\/en\/wp-json\/wp\/v2\/users\/1"}],"replies":[{"embeddable":true,"href":"https:\/\/www.enerjigazetesi.ist\/en\/wp-json\/wp\/v2\/comments?post=114381"}],"version-history":[{"count":0,"href":"https:\/\/www.enerjigazetesi.ist\/en\/wp-json\/wp\/v2\/posts\/114381\/revisions"}],"wp:featuredmedia":[{"embeddable":true,"href":"https:\/\/www.enerjigazetesi.ist\/en\/wp-json\/wp\/v2\/media\/114384"}],"wp:attachment":[{"href":"https:\/\/www.enerjigazetesi.ist\/en\/wp-json\/wp\/v2\/media?parent=114381"}],"wp:term":[{"taxonomy":"category","embeddable":true,"href":"https:\/\/www.enerjigazetesi.ist\/en\/wp-json\/wp\/v2\/categories?post=114381"},{"taxonomy":"post_tag","embeddable":true,"href":"https:\/\/www.enerjigazetesi.ist\/en\/wp-json\/wp\/v2\/tags?post=114381"}],"curies":[{"name":"wp","href":"https:\/\/api.w.org\/{rel}","templated":true}]}}