{"id":114354,"date":"2020-05-27T17:12:32","date_gmt":"2020-05-27T14:12:32","guid":{"rendered":"https:\/\/www.enerjigazetesi.ist\/?p=114354"},"modified":"2020-05-27T17:19:42","modified_gmt":"2020-05-27T14:19:42","slug":"turkiye-24-mayis-ta-enerjisi-nin-yuzde-90-ini-yerli-ve-yenilenebilir-kaynaklardan-uretti","status":"publish","type":"post","link":"https:\/\/www.enerjigazetesi.ist\/en\/turkiye-24-mayis-ta-enerjisi-nin-yuzde-90-ini-yerli-ve-yenilenebilir-kaynaklardan-uretti\/","title":{"rendered":"(Turkish) 24 May\u0131s&#8217;ta Enerjimizin %90&#8217;\u0131 Yerli ve Yenilenebilir Kaynaklardan \u00dcretildi"},"content":{"rendered":"<p class=\"qtranxs-available-languages-message qtranxs-available-languages-message-en\">Sorry, this entry is only available in <a href=\"https:\/\/www.enerjigazetesi.ist\/tr\/wp-json\/wp\/v2\/posts\/114354\" class=\"qtranxs-available-language-link qtranxs-available-language-link-tr\" title=\"Turkish\">Turkish<\/a>. For the sake of viewer convenience, the content is shown below in the alternative language. You may click the link to switch the active language.<\/p><p><\/p>\n<h1><strong>Enerji ve Tabii Kaynaklar Bakan\u0131 Fatih D\u00f6nmez taraf\u0131ndan yap\u0131lan a\u00e7\u0131klamaya g\u00f6re, 24 May\u0131s 2020 tarihinde T\u00fcrkiye&#8217;nin elektrik \u00fcretiminin % 90\u2019\u0131n\u0131n yerli ve yenilenebilir kaynaklardan \u00fcretildi\u011fi <img loading=\"lazy\" class=\"alignright wp-image-114358\" src=\"https:\/\/www.enerjigazetesi.ist\/wp-content\/uploads\/2020\/05\/turkiye-24-mayis-ta-enerjisi-nin-yuzde-90-ini-yerli-ve-yenilenebilir-kaynaklardan-uretti.jpg\" alt=\"\" width=\"320\" height=\"180\" \/>a\u00e7\u0131kland\u0131.<\/strong><\/h1>\n<p>D\u00f6nmez, <strong>resmi Twitter hesab\u0131ndan<\/strong> yapt\u0131\u011f\u0131 payla\u015f\u0131m\u0131nda\u00a0<strong>g\u00fcnl\u00fck elektrik \u00fcretiminde<\/strong> \u00fclkemizin yeni bir rekora <span style=\"text-decoration: underline;\">imza att\u0131\u011f\u0131n\u0131 belirterek,<\/span><\/p>\n<p>&#8220;24 May\u0131s 2020&#8217;de elektrik \u00fcretimimizin <strong>% 90<\/strong>\u2019\u0131n\u0131 <strong>yerli ve yenilenebilir kaynaklardan<\/strong> elde ederek g\u00fcnl\u00fck \u00fcretimde <strong>yeni bir rekora daha<\/strong> imza att\u0131k. <strong>Toplam elektrik \u00fcretimi<\/strong>ndeki <strong>yenilenebilir enerji<\/strong> oranlar\u0131, hidrolik <strong>% 43,7<\/strong> yerli k\u00f6m\u00fcr <strong>% 16,5<\/strong>, r\u00fczgar enerjisi <strong>% 14,5<\/strong>, g\u00fcne\u015f enerjisi <strong>% 7,2<\/strong>, jeotermal enerji <strong>% 5,3<\/strong>, biyok\u00fctle <strong>% 2,6<\/strong> ve di\u011fer temiz kaynaklardan ise <strong>% 0,2<\/strong> oldu.&#8221; ifadelerini kulland\u0131.<\/p>","protected":false},"excerpt":{"rendered":"<p>Sorry, this entry is only available in Turkish. For the sake of viewer convenience, the content is shown below in the alternative language. You may click the link to switch the active language. Enerji ve Tabii Kaynaklar Bakan\u0131 Fatih D\u00f6nmez taraf\u0131ndan yap\u0131lan a\u00e7\u0131klamaya g\u00f6re, 24 May\u0131s 2020 tarihinde T\u00fcrkiye&#8217;nin elektrik \u00fcretiminin % 90\u2019\u0131n\u0131n yerli ve [&hellip;]<\/p>\n","protected":false},"author":1,"featured_media":114359,"comment_status":"open","ping_status":"open","sticky":false,"template":"","format":"standard","meta":[],"categories":[22893,51,53,49,47,50],"tags":[72532,5070,52259,1635,27530,53157,72764,53925,36184,53282,27845,12145],"views":197,"_links":{"self":[{"href":"https:\/\/www.enerjigazetesi.ist\/en\/wp-json\/wp\/v2\/posts\/114354"}],"collection":[{"href":"https:\/\/www.enerjigazetesi.ist\/en\/wp-json\/wp\/v2\/posts"}],"about":[{"href":"https:\/\/www.enerjigazetesi.ist\/en\/wp-json\/wp\/v2\/types\/post"}],"author":[{"embeddable":true,"href":"https:\/\/www.enerjigazetesi.ist\/en\/wp-json\/wp\/v2\/users\/1"}],"replies":[{"embeddable":true,"href":"https:\/\/www.enerjigazetesi.ist\/en\/wp-json\/wp\/v2\/comments?post=114354"}],"version-history":[{"count":0,"href":"https:\/\/www.enerjigazetesi.ist\/en\/wp-json\/wp\/v2\/posts\/114354\/revisions"}],"wp:featuredmedia":[{"embeddable":true,"href":"https:\/\/www.enerjigazetesi.ist\/en\/wp-json\/wp\/v2\/media\/114359"}],"wp:attachment":[{"href":"https:\/\/www.enerjigazetesi.ist\/en\/wp-json\/wp\/v2\/media?parent=114354"}],"wp:term":[{"taxonomy":"category","embeddable":true,"href":"https:\/\/www.enerjigazetesi.ist\/en\/wp-json\/wp\/v2\/categories?post=114354"},{"taxonomy":"post_tag","embeddable":true,"href":"https:\/\/www.enerjigazetesi.ist\/en\/wp-json\/wp\/v2\/tags?post=114354"}],"curies":[{"name":"wp","href":"https:\/\/api.w.org\/{rel}","templated":true}]}}