{"id":114293,"date":"2020-05-26T20:22:25","date_gmt":"2020-05-26T17:22:25","guid":{"rendered":"https:\/\/www.enerjigazetesi.ist\/?p=114293"},"modified":"2020-05-26T20:22:36","modified_gmt":"2020-05-26T17:22:36","slug":"cati-alani-yetersiz-osb-lerin-ges-yatirimlari-icin-duzenleme-nisan-da-yapildi","status":"publish","type":"post","link":"https:\/\/www.enerjigazetesi.ist\/en\/cati-alani-yetersiz-osb-lerin-ges-yatirimlari-icin-duzenleme-nisan-da-yapildi\/","title":{"rendered":"(Turkish) \u00c7at\u0131 Alan\u0131 Yetersiz OSB\u2019lerin Ges Yat\u0131r\u0131mlar\u0131 \u0130\u00e7in D\u00fczenleme Nisan&#8217;da Yap\u0131ld\u0131"},"content":{"rendered":"<p class=\"qtranxs-available-languages-message qtranxs-available-languages-message-en\">Sorry, this entry is only available in <a href=\"https:\/\/www.enerjigazetesi.ist\/tr\/wp-json\/wp\/v2\/posts\/114293\" class=\"qtranxs-available-language-link qtranxs-available-language-link-tr\" title=\"Turkish\">Turkish<\/a>. For the sake of viewer convenience, the content is shown below in the alternative language. You may click the link to switch the active language.<\/p><p><\/p>\n<h1><strong>16 Nisan 2020 tarihli Resmi Gazete\u2019de Sanayi ve Teknoloji Bakanl\u0131\u011f\u0131&#8217;nca \u201cOrganize <img loading=\"lazy\" class=\"alignright wp-image-114296\" src=\"https:\/\/www.enerjigazetesi.ist\/wp-content\/uploads\/2020\/05\/cati-alani-yetersiz-osb-lerin-ges-yatirimlari-icin-duzenleme-nisan-da-yapildi.jpg\" alt=\"\" width=\"320\" height=\"210\" srcset=\"https:\/\/www.enerjigazetesi.ist\/wp-content\/uploads\/2020\/05\/cati-alani-yetersiz-osb-lerin-ges-yatirimlari-icin-duzenleme-nisan-da-yapildi.jpg 744w, https:\/\/www.enerjigazetesi.ist\/wp-content\/uploads\/2020\/05\/cati-alani-yetersiz-osb-lerin-ges-yatirimlari-icin-duzenleme-nisan-da-yapildi-300x197.jpg 300w, https:\/\/www.enerjigazetesi.ist\/wp-content\/uploads\/2020\/05\/cati-alani-yetersiz-osb-lerin-ges-yatirimlari-icin-duzenleme-nisan-da-yapildi-500x328.jpg 500w, https:\/\/www.enerjigazetesi.ist\/wp-content\/uploads\/2020\/05\/cati-alani-yetersiz-osb-lerin-ges-yatirimlari-icin-duzenleme-nisan-da-yapildi-76x50.jpg 76w\" sizes=\"(max-width: 320px) 100vw, 320px\" \/>Sanayi B\u00f6lgeleri Uygulama Y\u00f6netmeli\u011fi&#8217;nde De\u011fi\u015fiklik Yap\u0131lmas\u0131na Dair Y\u00f6netmelik\u201d yay\u0131mland\u0131.<\/strong><\/h1>\n<p>Y\u00f6netmelik ile T\u00fcrkiye genelinde bulunan <strong>Organize Sanayi B\u00f6lgeleri<\/strong> hakk\u0131nda yay\u0131mlanan <strong>y\u00f6netmelik kapsam\u0131nda<\/strong> \u00f6nemli d\u00fczenlemeler yap\u0131ld\u0131.<\/p>\n<p><strong>OSB<\/strong>\u2019lerdeki <strong>g\u00fcne\u015f enerjisine dayal\u0131 elektrik enerjisi \u00fcretim<\/strong> tesisleri, \u00f6ncelikle <strong>\u00e7at\u0131 ve cephede<\/strong> kurulacak. <strong>Statik ve mimari a\u00e7\u0131dan<\/strong> <em>\u00e7at\u0131 ve cephe uygulamas\u0131n\u0131n<\/em> yap\u0131lamamas\u0131 ya da<strong> ilave kapasiteye ihtiya\u00e7 olmas\u0131<\/strong> halinde yerde kurulacak tesisin taban alan\u0131, parsel alan\u0131n\u0131n <strong>%25<\/strong>\u2019ini ge\u00e7emeyecek. Bunun d\u0131\u015f\u0131nda <strong>parsel i\u00e7indeki konumunun<\/strong> uygunlu\u011funa, ilgili <strong>mevzuata g\u00f6re<\/strong> OSB karar verecek.<\/p>\n<p><strong>\u0130lgili Y\u00f6netmeli\u011fin <a href=\"https:\/\/www.resmigazete.gov.tr\/eskiler\/2020\/04\/20200416-4.htm\" target=\"_blank\" rel=\"nofollow noopener\">Tamam\u0131 \u0130\u00e7in TIKLAYIN &gt;&gt;&gt;<\/a><\/strong><\/p>","protected":false},"excerpt":{"rendered":"<p>Sorry, this entry is only available in Turkish. For the sake of viewer convenience, the content is shown below in the alternative language. You may click the link to switch the active language. 16 Nisan 2020 tarihli Resmi Gazete\u2019de Sanayi ve Teknoloji Bakanl\u0131\u011f\u0131&#8217;nca \u201cOrganize Sanayi B\u00f6lgeleri Uygulama Y\u00f6netmeli\u011fi&#8217;nde De\u011fi\u015fiklik Yap\u0131lmas\u0131na Dair Y\u00f6netmelik\u201d yay\u0131mland\u0131. Y\u00f6netmelik ile [&hellip;]<\/p>\n","protected":false},"author":1,"featured_media":114296,"comment_status":"open","ping_status":"open","sticky":false,"template":"","format":"standard","meta":[],"categories":[51,53,49],"tags":[52362,5070,52259,53157,12474,53580,72681,1388,54979],"views":298,"_links":{"self":[{"href":"https:\/\/www.enerjigazetesi.ist\/en\/wp-json\/wp\/v2\/posts\/114293"}],"collection":[{"href":"https:\/\/www.enerjigazetesi.ist\/en\/wp-json\/wp\/v2\/posts"}],"about":[{"href":"https:\/\/www.enerjigazetesi.ist\/en\/wp-json\/wp\/v2\/types\/post"}],"author":[{"embeddable":true,"href":"https:\/\/www.enerjigazetesi.ist\/en\/wp-json\/wp\/v2\/users\/1"}],"replies":[{"embeddable":true,"href":"https:\/\/www.enerjigazetesi.ist\/en\/wp-json\/wp\/v2\/comments?post=114293"}],"version-history":[{"count":0,"href":"https:\/\/www.enerjigazetesi.ist\/en\/wp-json\/wp\/v2\/posts\/114293\/revisions"}],"wp:featuredmedia":[{"embeddable":true,"href":"https:\/\/www.enerjigazetesi.ist\/en\/wp-json\/wp\/v2\/media\/114296"}],"wp:attachment":[{"href":"https:\/\/www.enerjigazetesi.ist\/en\/wp-json\/wp\/v2\/media?parent=114293"}],"wp:term":[{"taxonomy":"category","embeddable":true,"href":"https:\/\/www.enerjigazetesi.ist\/en\/wp-json\/wp\/v2\/categories?post=114293"},{"taxonomy":"post_tag","embeddable":true,"href":"https:\/\/www.enerjigazetesi.ist\/en\/wp-json\/wp\/v2\/tags?post=114293"}],"curies":[{"name":"wp","href":"https:\/\/api.w.org\/{rel}","templated":true}]}}