{"id":114252,"date":"2020-06-07T20:30:39","date_gmt":"2020-06-07T17:30:39","guid":{"rendered":"https:\/\/www.enerjigazetesi.ist\/?p=114252"},"modified":"2020-06-07T20:30:55","modified_gmt":"2020-06-07T17:30:55","slug":"9uncu-ipard-cagrisi-ile-yenilenebilir-enerji-tesislerine-destek-verilecek","status":"publish","type":"post","link":"https:\/\/www.enerjigazetesi.ist\/en\/9uncu-ipard-cagrisi-ile-yenilenebilir-enerji-tesislerine-destek-verilecek\/","title":{"rendered":"(Turkish) 9&#8217;uncu IPARD \u00c7a\u011fr\u0131s\u0131 ile Yenilenebilir Enerji Tesislerine Destek Verilecek!"},"content":{"rendered":"<p class=\"qtranxs-available-languages-message qtranxs-available-languages-message-en\">Sorry, this entry is only available in <a href=\"https:\/\/www.enerjigazetesi.ist\/tr\/wp-json\/wp\/v2\/posts\/114252\" class=\"qtranxs-available-language-link qtranxs-available-language-link-tr\" title=\"Turkish\">Turkish<\/a>. For the sake of viewer convenience, the content is shown below in the alternative language. You may click the link to switch the active language.<\/p><p><\/p>\n<h1>Tar\u0131m ve Orman Bakanl\u0131\u011f\u0131&#8217;n\u0131n ilgili kurulu\u015fu olan Tar\u0131m ve K\u0131rsal Kalk\u0131nmay\u0131 Destekleme Kurumu 11 May\u0131s 2020 tarihinde 9&#8217;uncu Ba\u015fvuru \u00c7a\u011fr\u0131 \u0130lan\u0131na \u00e7\u0131km\u0131\u015f bulunmaktad\u0131r. IPARD Program\u0131 kapsam\u0131nda 2014-2020 d\u00f6nemi kapsam\u0131nda yat\u0131r\u0131m yapmak isteyen i\u015fletmelere 2 ana tedbir alt\u0131ndaki sekt\u00f6rlerde <span style=\"text-decoration: underline;\">desteklenecek tedbirler;<\/span><\/h1>\n<p><strong>1- Tar\u0131msal \u0130\u015fletmelerin Fiziki Yap\u0131lar\u0131n\u0131n G\u00fc\u00e7lendirilmesine Y\u00f6nelik Yat\u0131r\u0131mlar:<\/strong> <em>S\u00fct,k\u0131rm\u0131z\u0131 et, kanatl\u0131 et, yumurta \u00fcreten tar\u0131msal i\u015fletmeler<\/em> i\u00e7in toplam destek b\u00fct\u00e7esi <strong>104.000.000 Avro\u2019dur<\/strong>. Onaylanan projelere destek oran\u0131 <strong>%50-%70<\/strong> olup, alt sekt\u00f6rler baz\u0131nda <span style=\"text-decoration: underline;\">verilecek destek <img loading=\"lazy\" class=\"alignright wp-image-114255\" src=\"https:\/\/www.enerjigazetesi.ist\/wp-content\/uploads\/2020\/05\/9uncu-ipard-cagrisi-ile-yenilenebilir-enerji-tesislerine-destek-verilecek.jpg\" alt=\"\" width=\"340\" height=\"228\" srcset=\"https:\/\/www.enerjigazetesi.ist\/wp-content\/uploads\/2020\/05\/9uncu-ipard-cagrisi-ile-yenilenebilir-enerji-tesislerine-destek-verilecek.jpg 728w, https:\/\/www.enerjigazetesi.ist\/wp-content\/uploads\/2020\/05\/9uncu-ipard-cagrisi-ile-yenilenebilir-enerji-tesislerine-destek-verilecek-300x201.jpg 300w, https:\/\/www.enerjigazetesi.ist\/wp-content\/uploads\/2020\/05\/9uncu-ipard-cagrisi-ile-yenilenebilir-enerji-tesislerine-destek-verilecek-500x335.jpg 500w, https:\/\/www.enerjigazetesi.ist\/wp-content\/uploads\/2020\/05\/9uncu-ipard-cagrisi-ile-yenilenebilir-enerji-tesislerine-destek-verilecek-75x50.jpg 75w, https:\/\/www.enerjigazetesi.ist\/wp-content\/uploads\/2020\/05\/9uncu-ipard-cagrisi-ile-yenilenebilir-enerji-tesislerine-destek-verilecek-450x300.jpg 450w\" sizes=\"(max-width: 340px) 100vw, 340px\" \/>tutarlar\u0131;<\/span><\/p>\n<p><strong>S\u00fct-Et-yumurta<\/strong> \u00fcreten i\u015fletmeler i\u00e7in <strong>5000-500.000 Avro<\/strong><\/p>\n<p><strong>Broyler &#8211; hindi \u00fcreten<\/strong> i\u015fletmeler i\u00e7in <strong>5000-250.000 Avro<\/strong><\/p>\n<p><strong>Kaz \u00fcreten i\u015fletmeler<\/strong> i\u00e7in <strong>5000 &#8211; 125.000 Avro<\/strong>\u2019dur.<\/p>\n<p><strong>2- \u00c7ift\u00e7ilik Faaliyetlerinin \u00c7e\u015fitlendirilmesi ve \u0130\u015f Geli\u015ftirme:<\/strong> Bitkisel \u00fcr\u00fcnlerin ve ar\u0131c\u0131l\u0131k \u00fcr\u00fcnlerinin i\u015flenmesi ,paketlenmesi, k\u0131rsal turizm rekreasyon alanlar\u0131, su \u00fcr\u00fcnleri yeti\u015ftiricili\u011fi, <strong>makina parklar\u0131<\/strong>, <strong><u>Yenilenebilir Enerji Tesisleri<\/u><\/strong> i\u00e7in toplam destekleme tutar\u0131 <strong>54.000.000 Avro<\/strong>\u2019dur. Onaylanan <span style=\"text-decoration: underline;\">projelerin destek oranlar\u0131;<\/span><\/p>\n<p>T\u00fczel ki\u015filer i\u00e7in: <strong>%50<\/strong><\/p>\n<p>Ger\u00e7ek Ki\u015filer: <strong>%55<\/strong><\/p>\n<p><strong>\u00dcretici \u00d6rg\u00fctleri:<\/strong> Hakim ortakl\u0131k pay\u0131n\u0131n <strong>%60<\/strong>\u2019den fazla olmas\u0131 halinde <strong>%60<\/strong>\u2019d\u0131r.<\/p>\n<p>Ayr\u0131ca, projeye ba\u015fvuran ger\u00e7ek ki\u015fi <strong>40 ya\u015f alt\u0131nda<\/strong> veya <strong>yat\u0131r\u0131m da\u011f\u0131n\u0131k alanda<\/strong> yap\u0131lacak ise, proje destek oran\u0131na ilave <strong>%5\u2019er<\/strong> ilave yap\u0131lacakt\u0131r.<\/p>\n<p><strong>Yenilenebilir enerji yat\u0131r\u0131m deste\u011fi<\/strong>, <strong>t\u00fcketim tesisi kurulu<\/strong> g\u00fcc\u00fcn\u00fcn <strong>%60\u2019\u0131<\/strong> olan g\u00fc\u00e7 \u00fczerinden verilecektir.<\/p>\n<h2><strong>Proje \u00c7a\u011fr\u0131s\u0131 son teslim tarihleri:<\/strong><\/h2>\n<p>Tar\u0131msal \u0130\u015fletmelerin Fiziki Yap\u0131lar\u0131n\u0131n G\u00fc\u00e7lendirilmesi Projeleri , <strong>30 Haziran 2020<\/strong> tarihi saat <strong>21:00\u2019e<\/strong> kadar <strong>Ba\u015fvuru Sistemine<\/strong> girilmi\u015f olacakt\u0131r.<\/p>\n<p><strong>\u00c7ift\u00e7ilik Faaliyetlerinin \u00c7e\u015fitlendirilmesi ve \u0130\u015f Geli\u015ftirme Projeleri 23 Haziran 2020<\/strong> tarihi saat<strong> 21:00\u2019a<\/strong> kadar <strong>Kurum Ba\u015fvuru Sistemi<\/strong>ne girilmi\u015f olacakt\u0131r.<\/p>\n<p><span style=\"color: #993300;\"><strong>Detayl\u0131 Bilgi \u0130\u00e7in&#8211;&gt;<\/strong>\u00a0<\/span>Y. M\u00fch. \u0130lknur YILMAZ \/ <a href=\"mailto:info@idehaenergy.com\" target=\"_blank\" rel=\"nofollow noopener\">info@idehaenergy.com<\/a><\/p>\n<p><strong><span style=\"color: #993300;\">\u0130leti\u015fim Formunu Doldurun, Biz Sizi Arayal\u0131m!<\/span><\/strong><\/p>\n<div role=\"form\" class=\"wpcf7\" id=\"wpcf7-f112046-o1\" lang=\"tr-TR\" dir=\"ltr\">\n<div class=\"screen-reader-response\"><p role=\"status\" aria-live=\"polite\" aria-atomic=\"true\"><\/p> <ul><\/ul><\/div>\n<form action=\"\/en\/wp-json\/wp\/v2\/posts\/114252#wpcf7-f112046-o1\" method=\"post\" class=\"wpcf7-form init\" novalidate=\"novalidate\" data-status=\"init\">\n<div style=\"display: none;\">\n<input type=\"hidden\" name=\"_wpcf7\" value=\"112046\" \/>\n<input type=\"hidden\" name=\"_wpcf7_version\" value=\"5.5.6.1\" \/>\n<input type=\"hidden\" name=\"_wpcf7_locale\" value=\"tr_TR\" \/>\n<input type=\"hidden\" name=\"_wpcf7_unit_tag\" value=\"wpcf7-f112046-o1\" \/>\n<input type=\"hidden\" name=\"_wpcf7_container_post\" value=\"0\" \/>\n<input type=\"hidden\" name=\"_wpcf7_posted_data_hash\" value=\"\" \/>\n<\/div>\n<p><label> Ad\u0131n\u0131z (gerekli)<br \/>\n    <span class=\"wpcf7-form-control-wrap your-name\"><input type=\"text\" name=\"your-name\" value=\"\" size=\"40\" class=\"wpcf7-form-control wpcf7-text wpcf7-validates-as-required\" aria-required=\"true\" aria-invalid=\"false\" \/><\/span> <\/label><\/p>\n<p><label> E-posta adresiniz (gerekli)<br \/>\n    <span class=\"wpcf7-form-control-wrap your-email\"><input type=\"email\" name=\"your-email\" value=\"\" size=\"40\" class=\"wpcf7-form-control wpcf7-text wpcf7-email wpcf7-validates-as-required wpcf7-validates-as-email\" aria-required=\"true\" aria-invalid=\"false\" \/><\/span> <\/label><\/p>\n<p><label> Konu<br \/>\n    <span class=\"wpcf7-form-control-wrap your-subject\"><input type=\"text\" name=\"your-subject\" value=\"\" size=\"40\" class=\"wpcf7-form-control wpcf7-text\" aria-invalid=\"false\" \/><\/span> <\/label><\/p>\n<p><label> \u0130letiniz<br \/>\n    <span class=\"wpcf7-form-control-wrap your-message\"><textarea name=\"your-message\" cols=\"40\" rows=\"10\" class=\"wpcf7-form-control wpcf7-textarea\" aria-invalid=\"false\"><\/textarea><\/span> <\/label><\/p>\n<p><input type=\"submit\" value=\"G\u00f6nder\" class=\"wpcf7-form-control has-spinner wpcf7-submit\" \/><\/p>\n<p style=\"display: none !important;\" class=\"akismet-fields-container\" data-prefix=\"_wpcf7_ak_\"><label>&#916;<textarea name=\"_wpcf7_ak_hp_textarea\" cols=\"45\" rows=\"8\" maxlength=\"100\"><\/textarea><\/label><input type=\"hidden\" id=\"ak_js_1\" name=\"_wpcf7_ak_js\" value=\"214\"\/><script>document.getElementById( \"ak_js_1\" ).setAttribute( \"value\", ( new Date() ).getTime() );<\/script><\/p><div class=\"wpcf7-response-output\" aria-hidden=\"true\"><\/div><\/form><\/div>\n<p><em style=\"color: #000000;\"><strong>Etkin M\u00fc\u015fteri Memnuniyeti Politikalar\u0131<\/strong> Kapsam\u0131nda Taraf\u0131n\u0131za <strong>24 Saat \u0130\u00e7erisinde<\/strong> Geri D\u00f6n\u00fc\u015f Yap\u0131lmaktad\u0131r.<\/em><\/p>","protected":false},"excerpt":{"rendered":"<p>Sorry, this entry is only available in Turkish. For the sake of viewer convenience, the content is shown below in the alternative language. You may click the link to switch the active language. Tar\u0131m ve Orman Bakanl\u0131\u011f\u0131&#8217;n\u0131n ilgili kurulu\u015fu olan Tar\u0131m ve K\u0131rsal Kalk\u0131nmay\u0131 Destekleme Kurumu 11 May\u0131s 2020 tarihinde 9&#8217;uncu Ba\u015fvuru \u00c7a\u011fr\u0131 \u0130lan\u0131na \u00e7\u0131km\u0131\u015f [&hellip;]<\/p>\n","protected":false},"author":1,"featured_media":114255,"comment_status":"open","ping_status":"open","sticky":false,"template":"","format":"standard","meta":[],"categories":[51,53,49],"tags":[71997,72641,52259,53157,73346,21622,72640,72636,72639,21620,45699,54979,21543,73347,72638,12770,72637],"views":159,"_links":{"self":[{"href":"https:\/\/www.enerjigazetesi.ist\/en\/wp-json\/wp\/v2\/posts\/114252"}],"collection":[{"href":"https:\/\/www.enerjigazetesi.ist\/en\/wp-json\/wp\/v2\/posts"}],"about":[{"href":"https:\/\/www.enerjigazetesi.ist\/en\/wp-json\/wp\/v2\/types\/post"}],"author":[{"embeddable":true,"href":"https:\/\/www.enerjigazetesi.ist\/en\/wp-json\/wp\/v2\/users\/1"}],"replies":[{"embeddable":true,"href":"https:\/\/www.enerjigazetesi.ist\/en\/wp-json\/wp\/v2\/comments?post=114252"}],"version-history":[{"count":0,"href":"https:\/\/www.enerjigazetesi.ist\/en\/wp-json\/wp\/v2\/posts\/114252\/revisions"}],"wp:featuredmedia":[{"embeddable":true,"href":"https:\/\/www.enerjigazetesi.ist\/en\/wp-json\/wp\/v2\/media\/114255"}],"wp:attachment":[{"href":"https:\/\/www.enerjigazetesi.ist\/en\/wp-json\/wp\/v2\/media?parent=114252"}],"wp:term":[{"taxonomy":"category","embeddable":true,"href":"https:\/\/www.enerjigazetesi.ist\/en\/wp-json\/wp\/v2\/categories?post=114252"},{"taxonomy":"post_tag","embeddable":true,"href":"https:\/\/www.enerjigazetesi.ist\/en\/wp-json\/wp\/v2\/tags?post=114252"}],"curies":[{"name":"wp","href":"https:\/\/api.w.org\/{rel}","templated":true}]}}