{"id":114245,"date":"2020-05-25T22:43:20","date_gmt":"2020-05-25T19:43:20","guid":{"rendered":"https:\/\/www.enerjigazetesi.ist\/?p=114245"},"modified":"2020-05-26T00:07:35","modified_gmt":"2020-05-25T21:07:35","slug":"izmit-belediyesi-gunes-enerjili-sokak-lambalarini-devreye-aldi","status":"publish","type":"post","link":"https:\/\/www.enerjigazetesi.ist\/en\/izmit-belediyesi-gunes-enerjili-sokak-lambalarini-devreye-aldi\/","title":{"rendered":"(Turkish) &#8217;\u0130zmit Belediyesi&#8217; G\u00fcne\u015f Enerjili Sokak Lambalar\u0131n\u0131 Devreye Ald\u0131"},"content":{"rendered":"<p class=\"qtranxs-available-languages-message qtranxs-available-languages-message-en\">Sorry, this entry is only available in <a href=\"https:\/\/www.enerjigazetesi.ist\/tr\/wp-json\/wp\/v2\/posts\/114245\" class=\"qtranxs-available-language-link qtranxs-available-language-link-tr\" title=\"Turkish\">Turkish<\/a>. For the sake of viewer convenience, the content is shown below in the alternative language. You may click the link to switch the active language.<\/p><p><\/p>\n<h1>\u0130zmit\u2019te\u00a0<strong>Sabri Yal\u0131m Park\u0131<\/strong>\u2019na ilk uygulamas\u0131n\u0131n yap\u0131larak\u00a0yerle\u015ftirildi\u011fi g\u00fcne\u015f panelli sokak lambalar\u0131, g\u00fcn \u0131\u015f\u0131\u011f\u0131ndan enerjisini \u00fcretip depolayarak\u00a0ak\u015famlar\u0131 \u015febekeden <em><img loading=\"lazy\" class=\"alignright wp-image-114247\" src=\"https:\/\/www.enerjigazetesi.ist\/wp-content\/uploads\/2020\/05\/izmit-belediyesi-gunes-enerjili-sokak-lambalarini-devreye-aldi-2.jpg\" alt=\"\" width=\"320\" height=\"203\" srcset=\"https:\/\/www.enerjigazetesi.ist\/wp-content\/uploads\/2020\/05\/izmit-belediyesi-gunes-enerjili-sokak-lambalarini-devreye-aldi-2.jpg 607w, https:\/\/www.enerjigazetesi.ist\/wp-content\/uploads\/2020\/05\/izmit-belediyesi-gunes-enerjili-sokak-lambalarini-devreye-aldi-2-300x190.jpg 300w, https:\/\/www.enerjigazetesi.ist\/wp-content\/uploads\/2020\/05\/izmit-belediyesi-gunes-enerjili-sokak-lambalarini-devreye-aldi-2-500x317.jpg 500w, https:\/\/www.enerjigazetesi.ist\/wp-content\/uploads\/2020\/05\/izmit-belediyesi-gunes-enerjili-sokak-lambalarini-devreye-aldi-2-80x50.jpg 80w\" sizes=\"(max-width: 320px) 100vw, 320px\" \/><\/em>elektrik kullanmadan ayd\u0131nlatma sa\u011fl\u0131yor.<\/h1>\n<p><em>\u0130zmit Belediye Ba\u015fkan\u0131<\/em> <strong>Av. Fatma Kaplan H\u00fcrriyet<\/strong> ise yapt\u0131\u011f\u0131 a\u00e7\u0131klamada,&#8221;\u00a0<em>Bu <strong>ayd\u0131nlatma sistemi<\/strong> ile yaln\u0131zca<strong> 3 saat<\/strong> gibi bir s\u00fcrede g\u00fcn \u0131\u015f\u0131\u011f\u0131ndan enerjisini\u00a0<strong>g\u00fcne\u015f\u00a0panelleri\u00a0<\/strong>sayesinde alarak\u00a0<strong>geceden sabaha kadar<\/strong> b\u00fct\u00fcn alan\u0131 ayd\u0131nlatacak.\u00a0Bu sokak lambalar\u0131n\u0131n <strong>bak\u0131m giderleri<\/strong> de mevcut lambalara g\u00f6re olduk\u00e7a d\u00fc\u015f\u00fck olup\u00a0<strong>harekete duyarl\u0131 reflekt\u00f6re<\/strong> de sahiptir. \u00c7<strong>evresinde bir hareket olmad\u0131\u011f\u0131<\/strong>\u00a0takdirde <strong>kendini otomatikman d\u00fc\u015f\u00fck \u0131\u015f\u0131\u011fa<\/strong> ayarl\u0131yor. \u00c7evrede bir hareket hissetti\u011fi anda\u00a0<strong>lamba\u00a0<\/strong>\u0131\u015f\u0131k ayar\u0131n\u0131 <strong>en \u00fcst moda alarak<\/strong> <strong>t\u00fcm \u00e7evreyi<\/strong> ayd\u0131nlat\u0131yor.&#8221; dedi.<\/em><\/p>\n<p><strong>\u0130zmit BelediyeBa\u015fkan Yard\u0131mc\u0131s\u0131 \u00dcnal \u00d6zmural<\/strong>\u00a0ise, <strong>G\u00fcne\u015f panelinden enerjisini \u00fcreterek\u00a0<\/strong>\u00e7al\u0131\u015fan sokak lambalar\u0131n\u0131n\u00a0<em>uzun s\u00fcrede kullan\u0131labilecek bir\u00a0<strong>ak\u00fc\u00a0sistemine de<\/strong> sahip\u00a0<\/em>olmas\u0131yla\u00a0<strong>do\u011fal afet<\/strong>\u00a0an\u0131nda <strong>elektri\u011fin kesilmesi<\/strong> sonucu \u00e7al\u0131\u015fmas\u0131n\u0131 s\u00fcrd\u00fcrece\u011fini dile getirdi.<\/p>","protected":false},"excerpt":{"rendered":"<p>Sorry, this entry is only available in Turkish. For the sake of viewer convenience, the content is shown below in the alternative language. You may click the link to switch the active language. \u0130zmit\u2019te\u00a0Sabri Yal\u0131m Park\u0131\u2019na ilk uygulamas\u0131n\u0131n yap\u0131larak\u00a0yerle\u015ftirildi\u011fi g\u00fcne\u015f panelli sokak lambalar\u0131, g\u00fcn \u0131\u015f\u0131\u011f\u0131ndan enerjisini \u00fcretip depolayarak\u00a0ak\u015famlar\u0131 \u015febekeden elektrik kullanmadan ayd\u0131nlatma sa\u011fl\u0131yor. \u0130zmit Belediye [&hellip;]<\/p>\n","protected":false},"author":1,"featured_media":114248,"comment_status":"open","ping_status":"open","sticky":false,"template":"","format":"standard","meta":[],"categories":[51,53,49],"tags":[72634,5070,52259,53157,72633,54979,72635],"views":144,"_links":{"self":[{"href":"https:\/\/www.enerjigazetesi.ist\/en\/wp-json\/wp\/v2\/posts\/114245"}],"collection":[{"href":"https:\/\/www.enerjigazetesi.ist\/en\/wp-json\/wp\/v2\/posts"}],"about":[{"href":"https:\/\/www.enerjigazetesi.ist\/en\/wp-json\/wp\/v2\/types\/post"}],"author":[{"embeddable":true,"href":"https:\/\/www.enerjigazetesi.ist\/en\/wp-json\/wp\/v2\/users\/1"}],"replies":[{"embeddable":true,"href":"https:\/\/www.enerjigazetesi.ist\/en\/wp-json\/wp\/v2\/comments?post=114245"}],"version-history":[{"count":0,"href":"https:\/\/www.enerjigazetesi.ist\/en\/wp-json\/wp\/v2\/posts\/114245\/revisions"}],"wp:featuredmedia":[{"embeddable":true,"href":"https:\/\/www.enerjigazetesi.ist\/en\/wp-json\/wp\/v2\/media\/114248"}],"wp:attachment":[{"href":"https:\/\/www.enerjigazetesi.ist\/en\/wp-json\/wp\/v2\/media?parent=114245"}],"wp:term":[{"taxonomy":"category","embeddable":true,"href":"https:\/\/www.enerjigazetesi.ist\/en\/wp-json\/wp\/v2\/categories?post=114245"},{"taxonomy":"post_tag","embeddable":true,"href":"https:\/\/www.enerjigazetesi.ist\/en\/wp-json\/wp\/v2\/tags?post=114245"}],"curies":[{"name":"wp","href":"https:\/\/api.w.org\/{rel}","templated":true}]}}