{"id":114149,"date":"2020-05-23T21:35:21","date_gmt":"2020-05-23T18:35:21","guid":{"rendered":"https:\/\/www.enerjigazetesi.ist\/?p=114149"},"modified":"2020-05-23T21:40:06","modified_gmt":"2020-05-23T18:40:06","slug":"vestas-hollandadan-46-mwlik-ruzgar-turbini-siparisi-aldi","status":"publish","type":"post","link":"https:\/\/www.enerjigazetesi.ist\/en\/vestas-hollandadan-46-mwlik-ruzgar-turbini-siparisi-aldi\/","title":{"rendered":"(Turkish) Vestas Hollanda\u2019dan 46 MW&#8217;l\u0131k R\u00fczgar T\u00fcrbini Sipari\u015fi Ald\u0131"},"content":{"rendered":"<p class=\"qtranxs-available-languages-message qtranxs-available-languages-message-en\">Sorry, this entry is only available in <a href=\"https:\/\/www.enerjigazetesi.ist\/tr\/wp-json\/wp\/v2\/posts\/114149\" class=\"qtranxs-available-language-link qtranxs-available-language-link-tr\" title=\"Turkish\">Turkish<\/a>. For the sake of viewer convenience, the content is shown below in the alternative language. You may click the link to switch the active language.<\/p><p><\/p>\n<h1><strong>R\u00fczgar t\u00fcrbini \u00fcreticilerinden Vestas yapt\u0131\u011f\u0131 a\u00e7\u0131klamada, Hollanda\u2019da kurulumu yap\u0131lacak &#8216;Oosterscheldekering R\u00fczgar Projesi&#8217;ne y\u00f6nelik E-Connection \u015firketi <img loading=\"lazy\" class=\"alignright wp-image-114153\" src=\"https:\/\/www.enerjigazetesi.ist\/wp-content\/uploads\/2020\/05\/vestas-hollandadan-46-mwlik-ruzgar-turbini-siparisi-aldi.jpg\" alt=\"\" width=\"320\" height=\"157\" srcset=\"https:\/\/www.enerjigazetesi.ist\/wp-content\/uploads\/2020\/05\/vestas-hollandadan-46-mwlik-ruzgar-turbini-siparisi-aldi.jpg 594w, https:\/\/www.enerjigazetesi.ist\/wp-content\/uploads\/2020\/05\/vestas-hollandadan-46-mwlik-ruzgar-turbini-siparisi-aldi-300x147.jpg 300w, https:\/\/www.enerjigazetesi.ist\/wp-content\/uploads\/2020\/05\/vestas-hollandadan-46-mwlik-ruzgar-turbini-siparisi-aldi-500x246.jpg 500w, https:\/\/www.enerjigazetesi.ist\/wp-content\/uploads\/2020\/05\/vestas-hollandadan-46-mwlik-ruzgar-turbini-siparisi-aldi-80x39.jpg 80w\" sizes=\"(max-width: 320px) 100vw, 320px\" \/>taraf\u0131ndan 46 MW\u2019l\u0131k r\u00fczgar t\u00fcrbini sipari\u015fi verildi\u011fini belirtti.<\/strong><\/h1>\n<p>Yap\u0131lan a\u00e7\u0131klamada, <strong>9 adet<\/strong> 4,2 MW\u2019l\u0131k <strong>V136 tipi t\u00fcrbin<\/strong> ile <strong>2 adet<\/strong> 4,2 MW\u2019l\u0131k <strong>V117 tipi<\/strong> toplam <strong>11 t\u00fcrbini<\/strong>\u00a02021 y\u0131l\u0131n\u0131n <strong>3&#8217;\u00fcnc\u00fc \u00e7eyre\u011finde<\/strong> teslimat\u0131 ger\u00e7ekle\u015ftirilecek.<\/p>\n<p><strong>15 y\u0131ll\u0131k bak\u0131m<\/strong> hizmetiyle birlikte <strong>4 farkl\u0131 r\u00fczgar santrali<\/strong>nde (Binnenhaven, Roggeplaat-West, Noordland Buiten ve Vluchthaven) baz\u0131 de\u011fi\u015fikliklerin de yap\u0131lmas\u0131 planlan\u0131rken sipari\u015flere g\u00f6re, baz\u0131 eski t\u00fcrbinlerin de <strong>daha y\u00fcksek kapasiteli t\u00fcrbinlerle<\/strong> de\u011fi\u015fimleri yap\u0131lacak.<\/p>","protected":false},"excerpt":{"rendered":"<p>Sorry, this entry is only available in Turkish. For the sake of viewer convenience, the content is shown below in the alternative language. You may click the link to switch the active language. R\u00fczgar t\u00fcrbini \u00fcreticilerinden Vestas yapt\u0131\u011f\u0131 a\u00e7\u0131klamada, Hollanda\u2019da kurulumu yap\u0131lacak &#8216;Oosterscheldekering R\u00fczgar Projesi&#8217;ne y\u00f6nelik E-Connection \u015firketi taraf\u0131ndan 46 MW\u2019l\u0131k r\u00fczgar t\u00fcrbini sipari\u015fi verildi\u011fini [&hellip;]<\/p>\n","protected":false},"author":1,"featured_media":114153,"comment_status":"open","ping_status":"open","sticky":false,"template":"","format":"standard","meta":[],"categories":[51,53,50],"tags":[72540,72538,52259,72542,72537,35002,72541,53282,72544,72545,72539,72546,72543],"views":345,"_links":{"self":[{"href":"https:\/\/www.enerjigazetesi.ist\/en\/wp-json\/wp\/v2\/posts\/114149"}],"collection":[{"href":"https:\/\/www.enerjigazetesi.ist\/en\/wp-json\/wp\/v2\/posts"}],"about":[{"href":"https:\/\/www.enerjigazetesi.ist\/en\/wp-json\/wp\/v2\/types\/post"}],"author":[{"embeddable":true,"href":"https:\/\/www.enerjigazetesi.ist\/en\/wp-json\/wp\/v2\/users\/1"}],"replies":[{"embeddable":true,"href":"https:\/\/www.enerjigazetesi.ist\/en\/wp-json\/wp\/v2\/comments?post=114149"}],"version-history":[{"count":0,"href":"https:\/\/www.enerjigazetesi.ist\/en\/wp-json\/wp\/v2\/posts\/114149\/revisions"}],"wp:featuredmedia":[{"embeddable":true,"href":"https:\/\/www.enerjigazetesi.ist\/en\/wp-json\/wp\/v2\/media\/114153"}],"wp:attachment":[{"href":"https:\/\/www.enerjigazetesi.ist\/en\/wp-json\/wp\/v2\/media?parent=114149"}],"wp:term":[{"taxonomy":"category","embeddable":true,"href":"https:\/\/www.enerjigazetesi.ist\/en\/wp-json\/wp\/v2\/categories?post=114149"},{"taxonomy":"post_tag","embeddable":true,"href":"https:\/\/www.enerjigazetesi.ist\/en\/wp-json\/wp\/v2\/tags?post=114149"}],"curies":[{"name":"wp","href":"https:\/\/api.w.org\/{rel}","templated":true}]}}