{"id":114067,"date":"2020-05-22T14:04:01","date_gmt":"2020-05-22T11:04:01","guid":{"rendered":"https:\/\/www.enerjigazetesi.ist\/?p=114067"},"modified":"2020-05-22T14:07:33","modified_gmt":"2020-05-22T11:07:33","slug":"sektorun-sanal-forumu-dijital-enerji-forumu-20-26-mayista-duzenleniyor","status":"publish","type":"post","link":"https:\/\/www.enerjigazetesi.ist\/en\/sektorun-sanal-forumu-dijital-enerji-forumu-20-26-mayista-duzenleniyor\/","title":{"rendered":"(Turkish) Sekt\u00f6r\u00fcn Sanal Forumu &#8220;Dijital Enerji Forumu \u201820&#8221; 26 May\u0131s&#8217;ta D\u00fczenleniyor!"},"content":{"rendered":"<p class=\"qtranxs-available-languages-message qtranxs-available-languages-message-en\">Sorry, this entry is only available in <a href=\"https:\/\/www.enerjigazetesi.ist\/tr\/wp-json\/wp\/v2\/posts\/114067\" class=\"qtranxs-available-language-link qtranxs-available-language-link-tr\" title=\"Turkish\">Turkish<\/a>. For the sake of viewer convenience, the content is shown below in the alternative language. You may click the link to switch the active language.<\/p><p><\/p>\n<h1>Dijitalle\u015fme art\u0131k hayat\u0131m\u0131z\u0131n her alan\u0131n\u0131n ayr\u0131lmaz bir par\u00e7as\u0131 haline geldi! Bu ka\u00e7\u0131n\u0131lmaz de\u011fi\u015fimde, enerjinin dijitalle\u015fmesi de s\u00fcrd\u00fcr\u00fclebilir bir d\u00fcnya i\u00e7in en kritik konulardan biri. \u00dcretimden da\u011f\u0131t\u0131ma, t\u00fcketimden depolamaya enerjinin dijital ara\u00e7larla y\u00f6netimi \u00e7ok \u00f6nemli. Modern enerji \u00e7a\u011f\u0131na ge\u00e7i\u015f i\u00e7in bili\u015fim ve enerji sekt\u00f6r\u00fc, \u00f6zellikle s\u00fcrd\u00fcr\u00fclebilir bir <img loading=\"lazy\" class=\"alignright wp-image-114070\" src=\"https:\/\/www.enerjigazetesi.ist\/wp-content\/uploads\/2020\/05\/sektorun-sanal-forumu-dijital-enerji-forumu-20-26-mayista-duzenleniyor.jpg\" alt=\"\" width=\"340\" height=\"191\" srcset=\"https:\/\/www.enerjigazetesi.ist\/wp-content\/uploads\/2020\/05\/sektorun-sanal-forumu-dijital-enerji-forumu-20-26-mayista-duzenleniyor.jpg 868w, https:\/\/www.enerjigazetesi.ist\/wp-content\/uploads\/2020\/05\/sektorun-sanal-forumu-dijital-enerji-forumu-20-26-mayista-duzenleniyor-300x169.jpg 300w, https:\/\/www.enerjigazetesi.ist\/wp-content\/uploads\/2020\/05\/sektorun-sanal-forumu-dijital-enerji-forumu-20-26-mayista-duzenleniyor-768x432.jpg 768w, https:\/\/www.enerjigazetesi.ist\/wp-content\/uploads\/2020\/05\/sektorun-sanal-forumu-dijital-enerji-forumu-20-26-mayista-duzenleniyor-500x281.jpg 500w, https:\/\/www.enerjigazetesi.ist\/wp-content\/uploads\/2020\/05\/sektorun-sanal-forumu-dijital-enerji-forumu-20-26-mayista-duzenleniyor-80x45.jpg 80w\" sizes=\"(max-width: 340px) 100vw, 340px\" \/>enerji ve arz g\u00fcvenli\u011fi dengesi a\u00e7\u0131s\u0131ndan beraberce geli\u015fmek ve d\u00f6n\u00fc\u015fmek zorunda.<\/h1>\n<p>T\u00fcm bu konular\u0131 de\u011ferlendirmek ve g\u00fcndeme getirmek ad\u0131na, <strong>D\u00fcnya&#8217;dan ve T\u00fcrkiye\u2019den<\/strong> alan\u0131nda uzman konu\u015fmac\u0131lar, dijital d\u00f6n\u00fc\u015f\u00fcmde lider firmalar, <strong>26 May\u0131s 2020<\/strong>\u2019de enerji sekt\u00f6r\u00fcn\u00fcn <strong>ilk sanal forumu<\/strong> <strong>\u201cDijital Enerji Forumu \u201820\u201d<\/strong> de bir araya geliyor!<\/p>\n<p>S<strong>anal etkinlik platformu \u201cDeal Room\u201d uygulamas\u0131 ile d\u00fczenlenecek bu etkinli\u011fe \u201c<a href=\"http:\/\/def20.dealroomevents.com\" target=\"_blank\" rel=\"nofollow noopener\">def20.dealroomevents.com<\/a>\u201d linki \u00fczerinden kay\u0131t yaparak takip edebilirsiniz.<\/strong><\/p>\n<p style=\"text-align: left;\"><strong>Dijital Enerji Forumu&#8217;20 <a href=\"https:\/\/www.enerjigazetesi.ist\/wp-content\/uploads\/2020\/05\/sektorun-sanal-forumu-dijital-enerji-forumu-20-26-mayista-duzenleniyor-2.jpg\" target=\"_blank\" rel=\"nofollow noopener\">Program\u0131 \u0130\u00e7in TIKLAYIN&gt;&gt;&gt;<\/a><\/strong><\/p>\n<p><\/p>","protected":false},"excerpt":{"rendered":"<p>Sorry, this entry is only available in Turkish. For the sake of viewer convenience, the content is shown below in the alternative language. You may click the link to switch the active language. Dijitalle\u015fme art\u0131k hayat\u0131m\u0131z\u0131n her alan\u0131n\u0131n ayr\u0131lmaz bir par\u00e7as\u0131 haline geldi! Bu ka\u00e7\u0131n\u0131lmaz de\u011fi\u015fimde, enerjinin dijitalle\u015fmesi de s\u00fcrd\u00fcr\u00fclebilir bir d\u00fcnya i\u00e7in en kritik [&hellip;]<\/p>\n","protected":false},"author":1,"featured_media":114070,"comment_status":"open","ping_status":"open","sticky":false,"template":"","format":"standard","meta":[],"categories":[51,53,52,157],"tags":[72467,72469,72462,67796,28667,72464,2625,52259,72463,72465,72470,72468,72466,57125,65918],"views":154,"_links":{"self":[{"href":"https:\/\/www.enerjigazetesi.ist\/en\/wp-json\/wp\/v2\/posts\/114067"}],"collection":[{"href":"https:\/\/www.enerjigazetesi.ist\/en\/wp-json\/wp\/v2\/posts"}],"about":[{"href":"https:\/\/www.enerjigazetesi.ist\/en\/wp-json\/wp\/v2\/types\/post"}],"author":[{"embeddable":true,"href":"https:\/\/www.enerjigazetesi.ist\/en\/wp-json\/wp\/v2\/users\/1"}],"replies":[{"embeddable":true,"href":"https:\/\/www.enerjigazetesi.ist\/en\/wp-json\/wp\/v2\/comments?post=114067"}],"version-history":[{"count":0,"href":"https:\/\/www.enerjigazetesi.ist\/en\/wp-json\/wp\/v2\/posts\/114067\/revisions"}],"wp:featuredmedia":[{"embeddable":true,"href":"https:\/\/www.enerjigazetesi.ist\/en\/wp-json\/wp\/v2\/media\/114070"}],"wp:attachment":[{"href":"https:\/\/www.enerjigazetesi.ist\/en\/wp-json\/wp\/v2\/media?parent=114067"}],"wp:term":[{"taxonomy":"category","embeddable":true,"href":"https:\/\/www.enerjigazetesi.ist\/en\/wp-json\/wp\/v2\/categories?post=114067"},{"taxonomy":"post_tag","embeddable":true,"href":"https:\/\/www.enerjigazetesi.ist\/en\/wp-json\/wp\/v2\/tags?post=114067"}],"curies":[{"name":"wp","href":"https:\/\/api.w.org\/{rel}","templated":true}]}}