{"id":114012,"date":"2020-05-21T18:45:47","date_gmt":"2020-05-21T15:45:47","guid":{"rendered":"https:\/\/www.enerjigazetesi.ist\/?p=114012"},"modified":"2020-05-21T18:46:52","modified_gmt":"2020-05-21T15:46:52","slug":"bosch-termoteknoloji-periyodik-kombi-bakim-kampanyasi-duzenledi","status":"publish","type":"post","link":"https:\/\/www.enerjigazetesi.ist\/en\/bosch-termoteknoloji-periyodik-kombi-bakim-kampanyasi-duzenledi\/","title":{"rendered":"(Turkish) &#8217;Bosch Termoteknoloji&#8217; Periyodik Kombi Bak\u0131m Kampanyas\u0131 D\u00fczenledi"},"content":{"rendered":"<p class=\"qtranxs-available-languages-message qtranxs-available-languages-message-en\">Sorry, this entry is only available in <a href=\"https:\/\/www.enerjigazetesi.ist\/tr\/wp-json\/wp\/v2\/posts\/114012\" class=\"qtranxs-available-language-link qtranxs-available-language-link-tr\" title=\"Turkish\">Turkish<\/a>. For the sake of viewer convenience, the content is shown below in the alternative language. You may click the link to switch the active language.<\/p><p><\/p>\n<h1><strong>\u0130klimlendirme sekt\u00f6r\u00fcn\u00fcn \u00f6nc\u00fc markalar\u0131ndan Bosch Termoteknik, indirimli periyodik kombi bak\u0131m kampanyas\u0131 ile kullan\u0131c\u0131lar\u0131n tasarruf etmelerini sa\u011fl\u0131yor.<\/strong><\/h1>\n<p>Bosch Termoteknoloji, kombilerin \u00f6mr\u00fcn\u00fc uzatan <strong>y\u0131ll\u0131k bak\u0131m i\u015flemleri<\/strong>nin en uygun fiyatlarla ger\u00e7ekle\u015ftirilebilmesi i\u00e7in <strong>15 May\u0131s-1 Eyl\u00fcl<\/strong>\u00a0<strong>2020<\/strong> tarihleri aras\u0131nda ge\u00e7erli olacak yeni <strong>kombi bak\u0131m kampanyas\u0131<\/strong>n\u0131 kullan\u0131c\u0131lar\u0131na duyurdu. <strong>140 TL<\/strong> olan<strong> y\u0131ll\u0131k kombi bak\u0131m \u00fccreti<\/strong>, kampanya <img loading=\"lazy\" class=\"alignright wp-image-114015\" src=\"https:\/\/www.enerjigazetesi.ist\/wp-content\/uploads\/2020\/05\/bosch-termoteknoloji-periyodik-kombi-bakim-kampanyasi-duzenledi.jpg\" alt=\"\" width=\"320\" height=\"320\" srcset=\"https:\/\/www.enerjigazetesi.ist\/wp-content\/uploads\/2020\/05\/bosch-termoteknoloji-periyodik-kombi-bakim-kampanyasi-duzenledi.jpg 488w, https:\/\/www.enerjigazetesi.ist\/wp-content\/uploads\/2020\/05\/bosch-termoteknoloji-periyodik-kombi-bakim-kampanyasi-duzenledi-150x150.jpg 150w, https:\/\/www.enerjigazetesi.ist\/wp-content\/uploads\/2020\/05\/bosch-termoteknoloji-periyodik-kombi-bakim-kampanyasi-duzenledi-300x300.jpg 300w, https:\/\/www.enerjigazetesi.ist\/wp-content\/uploads\/2020\/05\/bosch-termoteknoloji-periyodik-kombi-bakim-kampanyasi-duzenledi-400x400.jpg 400w, https:\/\/www.enerjigazetesi.ist\/wp-content\/uploads\/2020\/05\/bosch-termoteknoloji-periyodik-kombi-bakim-kampanyasi-duzenledi-50x50.jpg 50w, https:\/\/www.enerjigazetesi.ist\/wp-content\/uploads\/2020\/05\/bosch-termoteknoloji-periyodik-kombi-bakim-kampanyasi-duzenledi-100x100.jpg 100w\" sizes=\"(max-width: 320px) 100vw, 320px\" \/>kapsam\u0131nda yaln\u0131zca <strong>99 TL<\/strong> olarak belirlendi. <strong>Bosch Yetkili Servisleri<\/strong> taraf\u0131ndan ger\u00e7ekle\u015ftirilen kombi bak\u0131m\u0131 kapsam\u0131nda; <strong>kombinin su s\u0131zd\u0131rmazl\u0131\u011f\u0131<\/strong> ve <strong>emniyet kontrol\u00fcnden; br\u00fcl\u00f6r, yanma<\/strong> ve <strong>1&#8217;inci \u0131s\u0131 e\u015fanj\u00f6r\u00fc kontrol\u00fcne kadar<\/strong> bir\u00e7ok detayl\u0131 i\u015flem bulunuyor.<\/p>\n<p>Bosch profesyonelleri, <strong>kombilerin y\u0131ll\u0131k bak\u0131m\u0131<\/strong>n\u0131 d\u00fczenli bir \u015fekilde yapt\u0131r\u0131lmas\u0131n\u0131n evlerin g\u00fcvenle \u0131s\u0131nabilmesi ad\u0131na \u00f6nemli oldu\u011funu belirtiyor. Kombi bak\u0131m\u0131 sayesinde ileride meydana gelebilecek ar\u0131zalar\u0131n \u00f6n\u00fcne ge\u00e7ilerek, kombilerin<strong> uzun y\u0131llar \u00e7ok daha tasarruflu \u00e7al\u0131\u015fmas\u0131<\/strong> sa\u011flan\u0131yor. Bosch Termoteknoloji Sat\u0131\u015f Sonras\u0131 Hizmetler Direkt\u00f6r\u00fc <strong>Nazif \u00d6zak\u0131nc\u0131<\/strong>, kombi bak\u0131m\u0131n\u0131n \u00f6nemi hakk\u0131nda g\u00f6r\u00fc\u015flerini \u015fu \u015fekilde ifade ediyor: \u201cKombilerin \u00f6mr\u00fcn\u00fc uzatan <strong>periyodik bak\u0131m<\/strong>la hem ailelerimizin sa\u011fl\u0131\u011f\u0131n\u0131 korumay\u0131 hem de cihazlar\u0131m\u0131z\u0131n <strong>uzun y\u0131llar sorunsuz kullan\u0131m\u0131<\/strong>n\u0131 garanti ediyoruz.\u201d \u00d6zak\u0131nc\u0131 ayn\u0131 zamanda <strong>y\u0131ll\u0131k kombi bak\u0131m\u0131<\/strong>n\u0131n yetkili servislerce yapt\u0131r\u0131lmas\u0131n\u0131n alt\u0131n\u0131 \u00e7izerek, g\u00fcvenilir bak\u0131m hizmeti i\u00e7in <strong>Bosch kombi kullan\u0131c\u0131lar\u0131<\/strong>n\u0131n, <strong>Bosch Termoteknoloji<\/strong>\u2019nin resmi web sitesinde bulunan<strong> yetkili servis a\u011f\u0131ndan faydalanabilece\u011fi<\/strong>ni ifade ediyor.<\/p>\n<p><strong>Daha Fazla Bilgi alarak<\/strong> <span style=\"text-decoration: underline;\">yaz ay\u0131na<\/span>\u00a0<strong>\u00f6zel kampanyadan faydalanmak i\u00e7in<a href=\"https:\/\/www.bosch-thermotechnology.com\/tr\/tr\/residential\/musteri-hizmetleri\/servis-hizmetlerimiz\/kombi-bakimi\/\" target=\"_blank\" rel=\"nofollow noopener\">\u00a0web sitesini &gt;&gt;&gt;<\/a><\/strong>\u00a0ziyaret edebilirsiniz.<\/p>","protected":false},"excerpt":{"rendered":"<p>Sorry, this entry is only available in Turkish. For the sake of viewer convenience, the content is shown below in the alternative language. You may click the link to switch the active language. \u0130klimlendirme sekt\u00f6r\u00fcn\u00fcn \u00f6nc\u00fc markalar\u0131ndan Bosch Termoteknik, indirimli periyodik kombi bak\u0131m kampanyas\u0131 ile kullan\u0131c\u0131lar\u0131n tasarruf etmelerini sa\u011fl\u0131yor. Bosch Termoteknoloji, kombilerin \u00f6mr\u00fcn\u00fc uzatan y\u0131ll\u0131k [&hellip;]<\/p>\n","protected":false},"author":1,"featured_media":114016,"comment_status":"open","ping_status":"open","sticky":false,"template":"","format":"standard","meta":[],"categories":[46,53],"tags":[72421,42402,72417,54036,53499,72418,72415,72422,59667,72419,72420,72425,72423,72424,72414,72416],"views":189,"_links":{"self":[{"href":"https:\/\/www.enerjigazetesi.ist\/en\/wp-json\/wp\/v2\/posts\/114012"}],"collection":[{"href":"https:\/\/www.enerjigazetesi.ist\/en\/wp-json\/wp\/v2\/posts"}],"about":[{"href":"https:\/\/www.enerjigazetesi.ist\/en\/wp-json\/wp\/v2\/types\/post"}],"author":[{"embeddable":true,"href":"https:\/\/www.enerjigazetesi.ist\/en\/wp-json\/wp\/v2\/users\/1"}],"replies":[{"embeddable":true,"href":"https:\/\/www.enerjigazetesi.ist\/en\/wp-json\/wp\/v2\/comments?post=114012"}],"version-history":[{"count":0,"href":"https:\/\/www.enerjigazetesi.ist\/en\/wp-json\/wp\/v2\/posts\/114012\/revisions"}],"wp:featuredmedia":[{"embeddable":true,"href":"https:\/\/www.enerjigazetesi.ist\/en\/wp-json\/wp\/v2\/media\/114016"}],"wp:attachment":[{"href":"https:\/\/www.enerjigazetesi.ist\/en\/wp-json\/wp\/v2\/media?parent=114012"}],"wp:term":[{"taxonomy":"category","embeddable":true,"href":"https:\/\/www.enerjigazetesi.ist\/en\/wp-json\/wp\/v2\/categories?post=114012"},{"taxonomy":"post_tag","embeddable":true,"href":"https:\/\/www.enerjigazetesi.ist\/en\/wp-json\/wp\/v2\/tags?post=114012"}],"curies":[{"name":"wp","href":"https:\/\/api.w.org\/{rel}","templated":true}]}}