{"id":113960,"date":"2020-05-20T17:39:17","date_gmt":"2020-05-20T14:39:17","guid":{"rendered":"https:\/\/www.enerjigazetesi.ist\/?p=113960"},"modified":"2020-05-20T18:21:42","modified_gmt":"2020-05-20T15:21:42","slug":"4000-kisiye-istihdam-yaratacak-ilisu-barajinin-yapimi-basariyla-tamamlandi","status":"publish","type":"post","link":"https:\/\/www.enerjigazetesi.ist\/en\/4000-kisiye-istihdam-yaratacak-ilisu-barajinin-yapimi-basariyla-tamamlandi\/","title":{"rendered":"(Turkish) 4000 Ki\u015fiye \u0130stihdam Sa\u011flayacak Olan &#8216;Il\u0131su Baraj\u0131 ve Hes&#8217;i Tamamland\u0131"},"content":{"rendered":"<p class=\"qtranxs-available-languages-message qtranxs-available-languages-message-en\">Sorry, this entry is only available in <a href=\"https:\/\/www.enerjigazetesi.ist\/tr\/wp-json\/wp\/v2\/posts\/113960\" class=\"qtranxs-available-language-link qtranxs-available-language-link-tr\" title=\"Turkish\">Turkish<\/a>. For the sake of viewer convenience, the content is shown below in the alternative language. You may click the link to switch the active language.<\/p><p><\/p>\n<h1><strong>Ekonomiye y\u0131ll\u0131k 412 milyon dolar katk\u0131 sa\u011flayacak Il\u0131su Baraj\u0131 ve Hes&#8217;inin yap\u0131m\u0131na 2008 y\u0131l\u0131nda 18 milyarl\u0131k yat\u0131r\u0131m ile ba\u015flanm\u0131\u015ft\u0131r. \u0130lk t\u00fcrbininin hizmete girmesiyle 687 milyon kilowatt (kwh) elektrik enerjisi \u00fcretilecek ve ekonomiye ilave 355 milyon lira katk\u0131 sa\u011flanacakt\u0131r. Bu \u00fcretim rakam\u0131 1 milyon n\u00fcfuslu bir \u015fehrin y\u0131ll\u0131k enerji ihtiyac\u0131na kar\u015f\u0131l\u0131k gelmektedir.<\/strong><\/h1>\n<p><strong>Enerji Bakan\u0131 Fatih D\u00f6nmez<\/strong>, baraj\u0131n a\u00e7\u0131l\u0131\u015f\u0131nda yapt\u0131\u011f\u0131 konu\u015fmada,<em>\u00a0\u201c T\u00fcrkiye,\u00a0<strong>hidroelektrik\u00a0<\/strong>kurulu\u00a0<\/em><em>g\u00fcc\u00fc ve <strong>elektrik \u00fcretimi<\/strong> bak\u0131m\u0131ndan d\u00fcnyan\u0131n say\u0131l\u0131 \u00fclkeleri aras\u0131na girdi. Bug\u00fcn\u00a0<\/em><strong><em>hidroelektrik\u00a0<\/em><\/strong><em>kurulu g\u00fcc\u00fc bak\u0131m\u0131ndan d\u00fcnyada <strong>9&#8217;uncu<\/strong>, Avrupa\u2019da<strong> 2&#8217;inci<\/strong> s\u0131raday\u0131z.\u201d\u00a0<\/em>ifadelerini kulland\u0131.<\/p>\n<p>Son <strong>18 y\u0131lda<\/strong> toplam 526\u00a0<strong>hidroelektrik santral<\/strong>ini tamamlayarak <strong>16 bin 554 megavatl\u0131k<\/strong> <img loading=\"lazy\" class=\"alignright wp-image-113967\" src=\"https:\/\/www.enerjigazetesi.ist\/wp-content\/uploads\/2020\/05\/ilisu-barajinda-uretim-basliyor-GKD.jpg\" alt=\"\" width=\"340\" height=\"191\" srcset=\"https:\/\/www.enerjigazetesi.ist\/wp-content\/uploads\/2020\/05\/ilisu-barajinda-uretim-basliyor-GKD.jpg 640w, https:\/\/www.enerjigazetesi.ist\/wp-content\/uploads\/2020\/05\/ilisu-barajinda-uretim-basliyor-GKD-300x169.jpg 300w, https:\/\/www.enerjigazetesi.ist\/wp-content\/uploads\/2020\/05\/ilisu-barajinda-uretim-basliyor-GKD-500x281.jpg 500w, https:\/\/www.enerjigazetesi.ist\/wp-content\/uploads\/2020\/05\/ilisu-barajinda-uretim-basliyor-GKD-80x45.jpg 80w\" sizes=\"(max-width: 340px) 100vw, 340px\" \/>hidroelektrik kurulu g\u00fcc\u00fcn\u00fc devreye ald\u0131klar\u0131n\u0131 anlatan\u00a0<strong>D\u00f6nmez<\/strong>, T\u00fcrkiye\u2019nin enerjide gelecek vizyonunu olu\u015ftururken\u00a0<strong><em>\u201cDaha \u00e7ok yerli, daha \u00e7ok yenilenebilir enerji\u201d<\/em><\/strong>\u00a0dediklerini belirterek <span style=\"text-decoration: underline;\">\u015funlar\u0131 ilave etti:<\/span><\/p>\n<p><em>\u201cHedefimizi ise \u2018<strong>Ba\u011f\u0131ms\u0131z enerji, g\u00fc\u00e7l\u00fc T\u00fcrkiye<\/strong>\u2018 olarak belirledik. Bu anlay\u0131\u015fla kurulu g\u00fcc\u00fcm\u00fcz\u00fc, kurulu g\u00fc\u00e7 i\u00e7indeki yerli ve yenilenebilir\u00a0<strong>enerji\u00a0<\/strong>pay\u0131m\u0131z\u0131 ve yat\u0131r\u0131mlar\u0131m\u0131z\u0131 da istikrarl\u0131 bir \u015fekilde y\u00fckseltiyoruz. <strong>Son 5 y\u0131l i\u00e7inde<\/strong> devreye ald\u0131\u011f\u0131m\u0131z<strong> toplam kurulu g\u00fcc\u00fcn<\/strong> yakla\u015f\u0131k\u00a0<strong>% 70<\/strong>\u2019i\u00a0<strong>yerli ve yenilenebilir\u00a0kaynaklardan<\/strong> olu\u015fuyor.<\/em><\/p>\n<p><em>Sadece ge\u00e7ti\u011fimiz y\u0131l <strong>yerli<\/strong> ve\u00a0<strong>yenilenebilir\u00a0<\/strong>kaynaklardan elektrik \u00fcretimimiz <strong>% 62<\/strong> seviyesine ula\u015ft\u0131.\u00a0<strong>Hidroelektrik santralleri<\/strong>mizin bu \u00fcretimdeki toplam pay\u0131 <strong>% 47,3<\/strong> oldu. 2019 y\u0131l\u0131nda santrallerimiz <strong>88 bin 886 GWH<\/strong> ile t\u00fcm zamanlar\u0131n en y\u00fcksek\u00a0<strong>hidroelektrik\u00a0<\/strong>\u00fcretimini ger\u00e7ekle\u015ftirdi. May\u0131s ay\u0131n\u0131n ilk haftas\u0131 itibar\u0131yla<strong> yerli<\/strong> ve\u00a0<strong>yenilenebilir\u00a0<\/strong>kaynaklardan elektrik \u00fcretiminde hidroelektrik santrallerinin pay\u0131 neredeyse <strong>% 52<\/strong> seviyesine ula\u015ft\u0131.\u201d\u00a0<\/em>dedi.<\/p>\n<p>U\u011fur KILI\u00c7 \/ Gaziantep \u00dcniversitesi &#8211; Makine M\u00fchendisli\u011fi &#8211; <a href=\"mailto:ugurkilic0627@gmail.com\" target=\"_blank\" rel=\"nofollow noopener\">ugurkilic0627@gmail.com<\/a><\/p>","protected":false},"excerpt":{"rendered":"<p>Sorry, this entry is only available in Turkish. For the sake of viewer convenience, the content is shown below in the alternative language. You may click the link to switch the active language. Ekonomiye y\u0131ll\u0131k 412 milyon dolar katk\u0131 sa\u011flayacak Il\u0131su Baraj\u0131 ve Hes&#8217;inin yap\u0131m\u0131na 2008 y\u0131l\u0131nda 18 milyarl\u0131k yat\u0131r\u0131m ile ba\u015flanm\u0131\u015ft\u0131r. \u0130lk t\u00fcrbininin hizmete [&hellip;]<\/p>\n","protected":false},"author":6,"featured_media":113964,"comment_status":"open","ping_status":"open","sticky":false,"template":"","format":"standard","meta":[],"categories":[51,53,47],"tags":[40879,38439,5291,5070,19,63,72365,4668,40432,70,4278,25331,6681,72363,72364],"views":148,"_links":{"self":[{"href":"https:\/\/www.enerjigazetesi.ist\/en\/wp-json\/wp\/v2\/posts\/113960"}],"collection":[{"href":"https:\/\/www.enerjigazetesi.ist\/en\/wp-json\/wp\/v2\/posts"}],"about":[{"href":"https:\/\/www.enerjigazetesi.ist\/en\/wp-json\/wp\/v2\/types\/post"}],"author":[{"embeddable":true,"href":"https:\/\/www.enerjigazetesi.ist\/en\/wp-json\/wp\/v2\/users\/6"}],"replies":[{"embeddable":true,"href":"https:\/\/www.enerjigazetesi.ist\/en\/wp-json\/wp\/v2\/comments?post=113960"}],"version-history":[{"count":0,"href":"https:\/\/www.enerjigazetesi.ist\/en\/wp-json\/wp\/v2\/posts\/113960\/revisions"}],"wp:featuredmedia":[{"embeddable":true,"href":"https:\/\/www.enerjigazetesi.ist\/en\/wp-json\/wp\/v2\/media\/113964"}],"wp:attachment":[{"href":"https:\/\/www.enerjigazetesi.ist\/en\/wp-json\/wp\/v2\/media?parent=113960"}],"wp:term":[{"taxonomy":"category","embeddable":true,"href":"https:\/\/www.enerjigazetesi.ist\/en\/wp-json\/wp\/v2\/categories?post=113960"},{"taxonomy":"post_tag","embeddable":true,"href":"https:\/\/www.enerjigazetesi.ist\/en\/wp-json\/wp\/v2\/tags?post=113960"}],"curies":[{"name":"wp","href":"https:\/\/api.w.org\/{rel}","templated":true}]}}