{"id":113941,"date":"2020-05-20T16:05:35","date_gmt":"2020-05-20T13:05:35","guid":{"rendered":"https:\/\/www.enerjigazetesi.ist\/?p=113941"},"modified":"2020-05-20T16:05:35","modified_gmt":"2020-05-20T13:05:35","slug":"12inci-peryon-odullerinde-pandemi-uygulamalari-da-juri-onune-cikiyor","status":"publish","type":"post","link":"https:\/\/www.enerjigazetesi.ist\/en\/12inci-peryon-odullerinde-pandemi-uygulamalari-da-juri-onune-cikiyor\/","title":{"rendered":"(Turkish) 12&#8217;inci PERY\u00d6N \u00d6d\u00fclleri&#8217;nde Pandemi Uygulamalar\u0131 da J\u00fcri \u00d6n\u00fcne \u00c7\u0131k\u0131yor&#8230;"},"content":{"rendered":"<p class=\"qtranxs-available-languages-message qtranxs-available-languages-message-en\">Sorry, this entry is only available in <a href=\"https:\/\/www.enerjigazetesi.ist\/tr\/wp-json\/wp\/v2\/posts\/113941\" class=\"qtranxs-available-language-link qtranxs-available-language-link-tr\" title=\"Turkish\">Turkish<\/a>. For the sake of viewer convenience, the content is shown below in the alternative language. You may click the link to switch the active language.<\/p><p><\/p>\n<h1><strong>PERY\u00d6N &#8211; T\u00fcrkiye \u0130nsan Y\u00f6netimi Derne\u011fi\u2019nin d\u00fczenledi\u011fi PERY\u00d6N \u0130nsana De\u011fer \u00d6d\u00fclleri bu y\u0131l pandemi nedeniyle zor bir s\u00fcre\u00e7ten ge\u00e7en i\u015f d\u00fcnyas\u0131na \u00f6zel bir \u00e7a\u011fr\u0131 yap\u0131yor.\u00a0<\/strong><strong>EAPM &#8211; Avrupa \u0130nsan Y\u00f6netimi Derne\u011fi taraf\u0131ndan tan\u0131nan ilk \u00f6zel \u00f6d\u00fcl olan organizasyon, 12&#8217;inci senesinde yine EAPM ile beraber \u201c\u0130nsana De\u011fer\u201d diyor. Kriz d\u00f6nemlerinde organizasyonu \u00e7eviklikle y\u00f6neten kurumlara y\u00f6nelik a\u00e7\u0131lan \u201cZor Zamanlarda De\u011fer Yaratmak\u201d yeni \u00f6d\u00fcl kategorisiyle PERY\u00d6N, t\u00fcm kurumlar\u0131 \u00f6d\u00fcl yolculu\u011funa kat\u0131lmaya davet ediyor\u2026<\/strong><\/h1>\n<p><strong>PERY\u00d6N &#8211; T\u00fcrkiye \u0130nsan Y\u00f6netimi Derne\u011fi<\/strong>\u2019nin bu sene <strong>12&#8217;inci kez<\/strong> d\u00fczenleyece\u011fi, insan kaynaklar\u0131 alan\u0131ndaki; <strong>yenilik\u00e7i, yarat\u0131c\u0131 ve ba\u015far\u0131l\u0131 uygulamalar\u0131<\/strong> tan\u0131tmay\u0131, \u00f6rnek te\u015fkil eden \u00e7al\u0131\u015fmalar\u0131 sekt\u00f6re kazand\u0131rmay\u0131 ama\u00e7layan <strong>PERY\u00d6N \u0130nsana De\u011fer \u00d6d\u00fclleri<\/strong>\u2019nde<strong> 2020<\/strong> heyecan\u0131 <img loading=\"lazy\" class=\"alignright wp-image-113944\" src=\"https:\/\/www.enerjigazetesi.ist\/wp-content\/uploads\/2020\/05\/12inci-peryon-odullerinde-pandemi-uygulamalari-da-juri-onune-cikiyor-2.jpg\" alt=\"\" width=\"320\" height=\"345\" srcset=\"https:\/\/www.enerjigazetesi.ist\/wp-content\/uploads\/2020\/05\/12inci-peryon-odullerinde-pandemi-uygulamalari-da-juri-onune-cikiyor-2.jpg 453w, https:\/\/www.enerjigazetesi.ist\/wp-content\/uploads\/2020\/05\/12inci-peryon-odullerinde-pandemi-uygulamalari-da-juri-onune-cikiyor-2-278x300.jpg 278w, https:\/\/www.enerjigazetesi.ist\/wp-content\/uploads\/2020\/05\/12inci-peryon-odullerinde-pandemi-uygulamalari-da-juri-onune-cikiyor-2-371x400.jpg 371w, https:\/\/www.enerjigazetesi.ist\/wp-content\/uploads\/2020\/05\/12inci-peryon-odullerinde-pandemi-uygulamalari-da-juri-onune-cikiyor-2-46x50.jpg 46w\" sizes=\"(max-width: 320px) 100vw, 320px\" \/>ba\u015flad\u0131.<\/p>\n<p>\u00dcstelik <strong>PERY\u00d6N \u0130nsana De\u011fer \u00d6d\u00fclleri<\/strong>, bu y\u0131l <strong>pandemi nedeni<\/strong>yle zor bir s\u00fcre\u00e7ten ge\u00e7en i\u015f d\u00fcnyas\u0131na \u00f6zel bir \u00e7a\u011fr\u0131 da yap\u0131yor. 2019\u2019da, 32 \u00fclkeyi temsil eden <strong>EAPM &#8211; Avrupa \u0130nsan Y\u00f6netimi Derne\u011fi<\/strong> taraf\u0131ndan tan\u0131nan<strong> ilk \u00f6zel \u00f6d\u00fcl<\/strong> olarak global anlamda de\u011ferini daha da art\u0131ran organizasyon, <strong>pandemi nedeni<\/strong>yle <strong>Covid \u2013 19<\/strong> \u00f6zelinde kurumlar\u0131n yapt\u0131\u011f\u0131 ba\u015far\u0131l\u0131 uygulamalar\u0131 da de\u011ferlendirmeye dahil ediyor.<\/p>\n<p>12&#8217;inci senesinde <strong>PERY\u00d6N Avrupa \u0130nsan Y\u00f6netimi Derne\u011fi (EAPM)<\/strong> ile beraber <strong>\u201c\u0130nsana De\u011fer\u2026\u201d<\/strong> diyen PERY\u00d6N, kriz d\u00f6nemlerinde organizasyonlar\u0131n\u0131 \u00e7eviklikle y\u00f6neten yap\u0131lara y\u00f6nelik a\u00e7t\u0131\u011f\u0131 <strong>\u201cZor Zamanlarda De\u011fer Yaratmak\u201d<\/strong> ba\u015fl\u0131kl\u0131 yeni <strong>\u00f6d\u00fcl kategorisi<\/strong>yle kurumlar\u0131 kendi hikayelerini payla\u015fmaya davet ediyor.<\/p>\n<h2><strong>\u201cUzun y\u0131llar ders \u00e7\u0131karaca\u011f\u0131m\u0131z bir d\u00f6nemden ge\u00e7iyoruz\u2026\u201d<\/strong><\/h2>\n<p>\u00d6d\u00fcllere son ba\u015fvuru s\u00fcresinin <strong>27 May\u0131s 2020 tarihi<\/strong> oldu\u011funu hat\u0131rlatan, <strong>PERY\u00d6N<\/strong> \u2013 <strong>T\u00fcrkiye \u0130nsan Y\u00f6netimi Derne\u011fi<\/strong> Ba\u015fkan\u0131 <strong>Berna \u00d6zt\u0131naz<\/strong>, \u201c\u0130\u015f d\u00fcnyas\u0131 ad\u0131na zorlu bir s\u00fcre\u00e7ten ge\u00e7iyoruz. Pandemi d\u00f6neminde yapt\u0131\u011f\u0131m\u0131z uygulamalardan uzun y\u0131llar ders \u00e7\u0131karaca\u011f\u0131m\u0131z bir s\u00fcre\u00e7teyiz. Bu nedenle <strong>Covid \u2013 19 \u00f6zelinde<\/strong> hayata ge\u00e7irilen y\u00f6netimsel hamleler daha bir de\u011fer kazand\u0131. Ba\u015far\u0131l\u0131 uygulamalardan <strong>di\u011fer kurumlar\u0131n da ilham almas\u0131<\/strong> amac\u0131yla 2020\u2019ye \u00f6zel olarak <strong>\u201cZor Zamanlarda De\u011fer Yaratmak\u201d<\/strong> ba\u015fl\u0131kl\u0131 <strong>yeni \u00f6d\u00fcl kategorisini de s\u00fcrecimize<\/strong> dahil ettik. Ba\u015fvurular\u0131 a\u00e7t\u0131\u011f\u0131m\u0131z ilk andan itibaren bu kategorimize \u00e7ok ciddi bir ilgi oldu\u201d dedi.<\/p>\n<p>PERY\u00d6N \u00d6d\u00fclleri\u2019nin <strong>EAPM<\/strong> &#8211; <strong>European Association for People Management<\/strong>, Avrupa \u0130nsan Y\u00f6netimi Derne\u011fi ile i\u015fbirli\u011fi i\u00e7inde oldu\u011funu anlatan \u00d6zt\u0131naz, \u201c\u00c7at\u0131 derne\u011fimiz EAPM taraf\u0131ndan tan\u0131nan ve desteklenen <strong>PERY\u00d6N \u0130nsana De\u011fer \u00d6d\u00fclleri<\/strong>, B\u00fcy\u00fck \u00d6d\u00fcl\u00fc; bu anlamda EAPM\u2019nin global alanda destekledi\u011fi ilk ve tek \u00f6d\u00fcl olma \u00f6zelli\u011fini ta\u015f\u0131yor. T\u00fcm d\u00fcnya i\u00e7in benzer zorluklar\u0131n ya\u015fand\u0131\u011f\u0131 bu d\u00f6nemde de PERY\u00d6N olarak <strong>global bak\u0131\u015f a\u00e7\u0131m\u0131z\u0131<\/strong> koruyoruz. Bu nedenle <strong>EAPM<\/strong> ile beraber <strong>\u2018\u0130nsana De\u011fer\u2019<\/strong> diyoruz. <strong>Kriz d\u00f6nemleri<\/strong>nde organizasyonu \u00e7eviklikle y\u00f6netmek i\u00e7in a\u00e7t\u0131\u011f\u0131m\u0131z \u201cZor Zamanlarda De\u011fer Yaratmak\u201d kategorimizin yan\u0131 s\u0131ra <strong>\u0130nsana De\u011ferde Liderlik ve De\u011fer Yaratan Uygulamalar<\/strong> ba\u015fl\u0131kl\u0131 ana kategorilerimiz var. De\u011fer Yaratan Uygulamalar kategorisinde ayr\u0131ca <strong>\u0130\u015fveren Markas\u0131 Y\u00f6netimi ve Ba\u011fl\u0131l\u0131k, Geli\u015fim ve Yetenek Y\u00f6netimi, \u0130nsan G\u00fcc\u00fc Planlamas\u0131<\/strong> ve <strong>Verimlilik, \u0130nsan Kaynaklar\u0131nda Dijital D\u00f6n\u00fc\u015f\u00fcm, \u00c7e\u015fitlilik Y\u00f6netimi, \u00c7al\u0131\u015fan Sa\u011fl\u0131\u011f\u0131 ve G\u00fcvenli\u011fi<\/strong> konular\u0131nda da ba\u015far\u0131l\u0131 uygulamalar\u0131 de\u011ferlendirece\u011fiz. T\u00fcm kurumlar\u0131 \u00f6d\u00fcl s\u00fcrecimize <strong>kat\u0131lmaya, birlikte \u00f6\u011frenmeye ve geli\u015fmeye<\/strong> davet ediyoruz\u201d dedi.<\/p>\n<p>12&#8217;inci <strong>PERY\u00d6N \u0130nsana De\u011fer \u00d6d\u00fclleri&#8217;<\/strong>ne kat\u0131lmak isteyen kurumlar <strong>27 May\u0131s 2020 tarihi<\/strong>ne kadar <a href=\"http:\/\/bit.ly\/2RahbzE\" target=\"_blank\" rel=\"nofollow noopener\"><strong>http:\/\/bit.ly\/2RahbzE<\/strong> <\/a>adresinden ba\u015fvurular\u0131n\u0131 yapabiliyor.<\/p>","protected":false},"excerpt":{"rendered":"<p>Sorry, this entry is only available in Turkish. For the sake of viewer convenience, the content is shown below in the alternative language. You may click the link to switch the active language. PERY\u00d6N &#8211; T\u00fcrkiye \u0130nsan Y\u00f6netimi Derne\u011fi\u2019nin d\u00fczenledi\u011fi PERY\u00d6N \u0130nsana De\u011fer \u00d6d\u00fclleri bu y\u0131l pandemi nedeniyle zor bir s\u00fcre\u00e7ten ge\u00e7en i\u015f d\u00fcnyas\u0131na \u00f6zel [&hellip;]<\/p>\n","protected":false},"author":1,"featured_media":113945,"comment_status":"open","ping_status":"open","sticky":false,"template":"","format":"standard","meta":[],"categories":[51,53],"tags":[72331,69728,72330,72333,72336,52259,56514,72334,72332,72338,69727,72329,72337,69736,72335],"views":70,"_links":{"self":[{"href":"https:\/\/www.enerjigazetesi.ist\/en\/wp-json\/wp\/v2\/posts\/113941"}],"collection":[{"href":"https:\/\/www.enerjigazetesi.ist\/en\/wp-json\/wp\/v2\/posts"}],"about":[{"href":"https:\/\/www.enerjigazetesi.ist\/en\/wp-json\/wp\/v2\/types\/post"}],"author":[{"embeddable":true,"href":"https:\/\/www.enerjigazetesi.ist\/en\/wp-json\/wp\/v2\/users\/1"}],"replies":[{"embeddable":true,"href":"https:\/\/www.enerjigazetesi.ist\/en\/wp-json\/wp\/v2\/comments?post=113941"}],"version-history":[{"count":0,"href":"https:\/\/www.enerjigazetesi.ist\/en\/wp-json\/wp\/v2\/posts\/113941\/revisions"}],"wp:featuredmedia":[{"embeddable":true,"href":"https:\/\/www.enerjigazetesi.ist\/en\/wp-json\/wp\/v2\/media\/113945"}],"wp:attachment":[{"href":"https:\/\/www.enerjigazetesi.ist\/en\/wp-json\/wp\/v2\/media?parent=113941"}],"wp:term":[{"taxonomy":"category","embeddable":true,"href":"https:\/\/www.enerjigazetesi.ist\/en\/wp-json\/wp\/v2\/categories?post=113941"},{"taxonomy":"post_tag","embeddable":true,"href":"https:\/\/www.enerjigazetesi.ist\/en\/wp-json\/wp\/v2\/tags?post=113941"}],"curies":[{"name":"wp","href":"https:\/\/api.w.org\/{rel}","templated":true}]}}