{"id":113765,"date":"2020-05-17T21:03:21","date_gmt":"2020-05-17T18:03:21","guid":{"rendered":"https:\/\/www.enerjigazetesi.ist\/?p=113765"},"modified":"2020-05-17T21:14:03","modified_gmt":"2020-05-17T18:14:03","slug":"estu-solar-team-muhendis-adaylari-ile-gunes-enerjili-araclar-uretiyor","status":"publish","type":"post","link":"https:\/\/www.enerjigazetesi.ist\/en\/estu-solar-team-muhendis-adaylari-ile-gunes-enerjili-araclar-uretiyor\/","title":{"rendered":"(Turkish) &#8217;ESTU Solar Team&#8217; M\u00fchendis Adaylar\u0131 ile G\u00fcne\u015f Enerjili Ara\u00e7lar \u00dcretiyor!"},"content":{"rendered":"<p class=\"qtranxs-available-languages-message qtranxs-available-languages-message-en\">Sorry, this entry is only available in <a href=\"https:\/\/www.enerjigazetesi.ist\/tr\/wp-json\/wp\/v2\/posts\/113765\" class=\"qtranxs-available-language-link qtranxs-available-language-link-tr\" title=\"Turkish\">Turkish<\/a>. For the sake of viewer convenience, the content is shown below in the alternative language. You may click the link to switch the active language.<\/p><p><\/p>\n<h1>ESTU Solar Team, gelece\u011fin m\u00fchendis adaylar\u0131ndan olu\u015fan, hepsi birbirinden \u00f6zverili ve \u00e7evre bilinciyle ileri teknolojiyi birle\u015ftirerek g\u00fcne\u015f enerjisiyle \u00e7al\u0131\u015fan ara\u00e7lar \u00fcreten bir \u00fcniversite toplulu\u011fudur. Solar Team, tak\u0131m ruhunu ve tak\u0131m \u00e7al\u0131\u015fmas\u0131n\u0131 bir arada y\u00fcr\u00fcterek teorik ve pratik tecr\u00fcbeleriyle en y\u00fckse\u011fe ula\u015fmay\u0131 hedeflemektedir. 2006 y\u0131l\u0131nda Anadolu Solar Team ad\u0131 alt\u0131nda kurulan tak\u0131m al\u0131nm\u0131\u015f radikal kararlar do\u011frultusunda 2019 y\u0131l\u0131nda yeni ad\u0131yla \u201cESTU Solar Team\u201d olarak Eski\u015fehir Teknik \u00dcniversitesi himayesi alt\u0131nda \u00e7al\u0131\u015fmalar\u0131na devam etmektedir. Solar Team 2006 y\u0131l\u0131ndan bug\u00fcne, zaman\u0131n\u0131, enerjisini ve m\u00fchendislik tecr\u00fcbesini kullanarak g\u00f6n\u00fcll\u00fcl\u00fck esas\u0131yla ulusal ve uluslararas\u0131 yar\u0131\u015flarda yer alm\u0131\u015f ve bir\u00e7ok ba\u015far\u0131 elde etmi\u015ftir. Tak\u0131m\u0131n ilk arac\u0131 olan Orca\u2019n\u0131n \u00fcretilmesiyle ba\u015flayan bu ser\u00fcven beraberinde di\u011fer 4 arac\u0131n \u00fcretimiyle devam etmi\u015ftir. Her ge\u00e7en y\u0131l, tak\u0131m kendini geli\u015ftirerek ve m\u00fchendislik a\u00e7\u0131s\u0131ndan y\u0131ldan y\u0131la g\u00fc\u00e7lenerek birbirinden farkl\u0131 g\u00fcne\u015f enerjili ara\u00e7lar \u00fcretip bir\u00e7ok yar\u0131\u015fta ba\u015far\u0131lar kazanm\u0131\u015ft\u0131r.<\/h1>\n<p>&nbsp;<\/p>\n<h2><strong>\u00dcRET\u0130LEN G\u00dcNE\u015e ENERJ\u0130L\u0130 ARABALAR:<\/strong><\/h2>\n<p>&#8211; <strong>ORCA:<\/strong> Tak\u0131m\u0131n bir y\u0131ll\u0131k<strong> multidisipliner \u00e7al\u0131\u015fmas\u0131<\/strong> sonucu <strong>2007 y\u0131l\u0131nda<\/strong> \u00fcretti\u011fi ilk ara\u00e7t\u0131r. <strong>Orca<\/strong>, <strong>T\u00fcbitak Formula-G<\/strong> yar\u0131\u015flar\u0131na<strong> 3 kez<\/strong> kat\u0131lm\u0131\u015f olup <strong>T\u00fcrkiye 4&#8217;\u00fcnc\u00fcl\u00fc\u011f\u00fc\u00a0<\/strong>elde etmi\u015ftir.<\/p>\n<p>&#8211; <strong>THUNDERBIRD:<\/strong> 2009 y\u0131l\u0131nda <strong>Thunderbird<\/strong> isimli 2&#8217;inci arac\u0131n\u0131 \u00fcreten tak\u0131m, bu ara\u00e7la <strong>T\u00fcbitak Formula-G yar\u0131\u015flar\u0131<\/strong>na <strong>2 kez<\/strong> kat\u0131lm\u0131\u015f olup<strong> T\u00fcrkiye 2&#8217;incili\u011fini<\/strong> ve ayn\u0131 zamanda T\u00fcrkiye\u2019nin<strong> \u201cEn Hafif G\u00fcne\u015f Enerjili Arac\u0131\u201d<\/strong> \u00fcnvan\u0131n\u0131 kazanm\u0131\u015ft\u0131r.<\/p>\n<p>&#8211; <strong>SUNATOLIA:<\/strong> Gelece\u011fe <strong>y\u00f6n veren teknolojilerin kullan\u0131lmas\u0131<\/strong>n\u0131 yap\u0131lan ara\u00e7larla desteklemek ad\u0131na <strong>ESTU Solar Team<\/strong> yenilik\u00e7i <strong>kabuk tasar\u0131m\u0131<\/strong> ve <strong>g\u00fc\u00e7l\u00fc donan\u0131m\u0131<\/strong>yla<strong> \u201cSunatolia\u201d<\/strong> adl\u0131 arac\u0131n\u0131 2011 y\u0131l\u0131nda T\u00fcrkiye ile bulu\u015fturdu. 2012 y\u0131l\u0131nda ger\u00e7ekle\u015fen <strong>T\u00fcbitak Formula-G yar\u0131\u015f\u0131<\/strong>nda 2. lik elde etti. Ulusal ba\u015far\u0131lara ek olarak Avusturalya\u2019 da <strong>16-23 Ekim 2011<\/strong> tarihleri aras\u0131nda d\u00fczenlenen <strong>\u201cWorld Solar Challenge\u201d<\/strong> adl\u0131 d\u00fcnyan\u0131n <strong>en prestijli g\u00fcne\u015f enerjili ara\u00e7 yar\u0131\u015f\u0131<\/strong>na kat\u0131ld\u0131.<\/p>\n<p>&#8211; <strong>SUNATOLIA 2:<\/strong> <strong>ESTU Solar Team<\/strong> y\u0131llar i\u00e7erisinde<strong> profesyonelle\u015ferek edindi\u011fi kazan\u0131mlar\u0131n<\/strong> \u00fczerine yenilerini koyarak <strong>Sunatolia 2<\/strong>\u2019yi \u00fcretti. <strong>2014 y\u0131l\u0131nda<\/strong>, <strong>Sunatolia 2<\/strong> bir ilki ger\u00e7ekle\u015ftirerek <strong>uluslararas\u0131 yar\u0131\u015f<\/strong> olan <strong>SASOL<\/strong>\u2019 de <strong>2&#8217;ncilik<\/strong> elde etmi\u015ftir.<\/p>\n<p>Ba\u015far\u0131lara doymayan tak\u0131m, <strong>2015<\/strong> y\u0131l\u0131nda <strong>Sunatolia 2<\/strong> arac\u0131 ile <strong>World Solar Challenge<\/strong>\u2019a\u00a0kat\u0131lm\u0131\u015ft\u0131r ve<strong> yar\u0131\u015f\u0131 eksiksiz<\/strong> tamamlayan <strong>ilk ve tek T\u00fcrk tak\u0131m<\/strong>\u0131 \u00fcnvan\u0131n\u0131 alm\u0131\u015ft\u0131r.<\/p>\n<p style=\"text-align: center;\"><img loading=\"lazy\" class=\"aligncenter wp-image-113768\" src=\"https:\/\/www.enerjigazetesi.ist\/wp-content\/uploads\/2020\/05\/estu-solar-team-muhendis-adaylari-ile-gunes-enerjili-araclar-uretiyor-2.jpg\" alt=\"\" width=\"550\" height=\"371\" srcset=\"https:\/\/www.enerjigazetesi.ist\/wp-content\/uploads\/2020\/05\/estu-solar-team-muhendis-adaylari-ile-gunes-enerjili-araclar-uretiyor-2.jpg 644w, https:\/\/www.enerjigazetesi.ist\/wp-content\/uploads\/2020\/05\/estu-solar-team-muhendis-adaylari-ile-gunes-enerjili-araclar-uretiyor-2-300x202.jpg 300w, https:\/\/www.enerjigazetesi.ist\/wp-content\/uploads\/2020\/05\/estu-solar-team-muhendis-adaylari-ile-gunes-enerjili-araclar-uretiyor-2-500x337.jpg 500w, https:\/\/www.enerjigazetesi.ist\/wp-content\/uploads\/2020\/05\/estu-solar-team-muhendis-adaylari-ile-gunes-enerjili-araclar-uretiyor-2-74x50.jpg 74w\" sizes=\"(max-width: 550px) 100vw, 550px\" \/><\/p>\n<p><strong>&#8211; SUNATOLIA 3:<\/strong> Sunatolia 2 arac\u0131ndan sonra <strong>\u00fcretilen, m\u00fchendislik tasar\u0131m\u0131 ve teknik donan\u0131m<\/strong> a\u00e7\u0131s\u0131ndan daha geli\u015fmi\u015f olan <strong>Sunatolia 3 arac\u0131<\/strong> \u00fcretilmi\u015ftir. Tak\u0131m, 2016 y\u0131l\u0131nda <strong>SASOL Solar Challenge<\/strong>\u2019 a kat\u0131l\u0131m g\u00f6stermi\u015ftir. <strong>Aerodinami<\/strong> ve <strong>dayan\u0131kl\u0131l\u0131k<\/strong> a\u00e7\u0131s\u0131ndan \u00fcretilen en ba\u015far\u0131l\u0131 ara\u00e7t\u0131r.<\/p>\n<h2>TAKIMIN KATILDI\u011eI YARI\u015eLAR:<\/h2>\n<p><strong>TUB\u0130TAK FORMULA &#8211; G:<\/strong> Alternatif enerji kaynaklar\u0131 konusunda kamuoyunda fark\u0131ndal\u0131\u011f\u0131 y\u00fckseltmek ve \u00f6\u011frencilerin bilgi birikimlerini kullanmas\u0131 amac\u0131yla d\u00fczenlenen ulusal bir pist yar\u0131\u015f\u0131d\u0131r. En son 2013 y\u0131l\u0131nda d\u00fczenlenmi\u015ftir.<\/p>\n<p>&#8211;<strong> SASOL SOLAR CHALLENGE:<\/strong> G\u00fcney Afrika\u2019 da d\u00fczenlenen, <strong>sabah 8<\/strong>\u2019den ak\u015fam <strong>17:30<\/strong>\u2019a kadar s\u00fcren ve <strong>d\u00fcnyan\u0131n ileri gelen \u00fcniversitelerinin<\/strong> kat\u0131ld\u0131\u011f\u0131 <strong>aerodinamik <\/strong>ve<strong>dayan\u0131kl\u0131l\u0131\u011f\u0131n<\/strong> \u00f6n planda tutuldu\u011fu bir yar\u0131\u015ft\u0131r. Yar\u0131\u015fta dereceler, toplam al\u0131nan yola g\u00f6re belirlenir.<\/p>\n<p>&#8211; <strong>BRIDGESTONE WORLD SOLAR CHALLENGE:<\/strong> <strong>Avustralya&#8217;da<\/strong> d\u00fczenlenen bu yar\u0131\u015f <strong>3021 km<\/strong>\u2019lik parkuru tamamlamak \u00fczere d\u00fczenlenmi\u015f bir yar\u0131\u015f olup <strong>bir hafta<\/strong> s\u00fcrmektedir. Bu yar\u0131\u015f <strong>2 y\u0131lda<\/strong> bir yap\u0131lmakta ve <strong>3 klasmandan<\/strong> olu\u015fmaktad\u0131r.<\/p>\n<p>&#8211; <strong>ILUMEN EUROPEAN SOLAR CHALLENGE:<\/strong> Bel\u00e7ika&#8217;da, eski <strong>Formula 1 pisti<\/strong>nde ger\u00e7ekle\u015fen bu yar\u0131\u015f bir dayan\u0131kl\u0131l\u0131k yar\u0131\u015f\u0131d\u0131r. <strong>24 saat boyunca<\/strong> g\u00fcne\u015f arabalar\u0131 <strong>d\u00fc\u015f\u00fck g\u00fc\u00e7 t\u00fcketimi<\/strong> ve <strong>fantastik aerodinami<\/strong> ile potansiyellerini bu yar\u0131\u015fta sergilemektedirler.<\/p>\n<p>Her sene <strong>yenilenen<\/strong> ve<strong> b\u00fcy\u00fcyen tak\u0131m<\/strong> eski ekip \u00fcyelerinden ald\u0131\u011f\u0131 bilgi birikimini geli\u015fen teknolojiyle beraber tazeleyerek <strong>Sunatolia 3<\/strong>\u2019 \u00fc <strong>yar\u0131\u015f reg\u00fclasyonuna<\/strong> g\u00f6re revize ederek <strong>2020 y\u0131l\u0131nda<\/strong> ger\u00e7ekle\u015fecek olan <strong>bu yar\u0131\u015fa kat\u0131lmay\u0131<\/strong> hedeflemektedir.<\/p>\n<p style=\"text-align: center;\"><img loading=\"lazy\" class=\"aligncenter wp-image-113767\" src=\"https:\/\/www.enerjigazetesi.ist\/wp-content\/uploads\/2020\/05\/estu-solar-team-muhendis-adaylari-ile-gunes-enerjili-araclar-uretiyor-1.jpg\" alt=\"\" width=\"550\" height=\"404\" srcset=\"https:\/\/www.enerjigazetesi.ist\/wp-content\/uploads\/2020\/05\/estu-solar-team-muhendis-adaylari-ile-gunes-enerjili-araclar-uretiyor-1.jpg 655w, https:\/\/www.enerjigazetesi.ist\/wp-content\/uploads\/2020\/05\/estu-solar-team-muhendis-adaylari-ile-gunes-enerjili-araclar-uretiyor-1-300x220.jpg 300w, https:\/\/www.enerjigazetesi.ist\/wp-content\/uploads\/2020\/05\/estu-solar-team-muhendis-adaylari-ile-gunes-enerjili-araclar-uretiyor-1-500x367.jpg 500w, https:\/\/www.enerjigazetesi.ist\/wp-content\/uploads\/2020\/05\/estu-solar-team-muhendis-adaylari-ile-gunes-enerjili-araclar-uretiyor-1-68x50.jpg 68w\" sizes=\"(max-width: 550px) 100vw, 550px\" \/><\/p>\n<p><strong>Eski tak\u0131m \u00fcyeleri<\/strong> de dahil olmak \u00fczere <strong>t\u00fcm ekip tak\u0131m ruhunu<\/strong> i\u00e7lerinde benimseyerek canla ba\u015fla \u00e7al\u0131\u015fm\u0131\u015ft\u0131r ve \u00e7al\u0131\u015fmaya devam etmektedir. <strong>Eski tak\u0131m \u00fcyelerinden<\/strong> biri olan <strong>U\u011fur KOTANAK<\/strong>\u2019 n s\u00f6z\u00fcyle \u00f6zetlemek gerekirse \u201c<strong>Solar Team<\/strong> benim i\u00e7in okul, tak\u0131m ruhu ve macera demektir\u201d. Bu s\u00f6zden yola \u00e7\u0131karak <strong>ESTU Solar Team<\/strong> \u00f6\u011frencilerin hedeflerine ula\u015fmas\u0131nda onlar\u0131n yan\u0131nda yer alan bir ailedir diyebiliriz.<\/p>\n<p><strong>Bu g\u00fc\u00e7l\u00fc tak\u0131m\u0131n<\/strong> ne ifade etti\u011fini tak\u0131m kaptan\u0131 olan <strong>Mehmet SARIKAYA<\/strong>\u2019ya sordu\u011fumuzda \u015fu s\u00f6zleri s\u00f6ylemi\u015ftir: \u201c<strong>1 y\u0131l\u0131 a\u015fk\u0131n<\/strong> s\u00fcredir liderli\u011fini \u00fcstlendi\u011fim <strong>ESTU Solar Team<\/strong>, farkl\u0131 bran\u015flarda <strong>28 ki\u015finin<\/strong> ayn\u0131 ama\u00e7 do\u011frultusunda <strong>bir araya gelip fark yaratmaya<\/strong> \u00e7al\u0131\u015fmas\u0131n\u0131n yan\u0131nda, g\u00fc\u00e7l\u00fc k\u00f6kenlere dayanan <strong>tak\u0131m ruhu<\/strong> ve <strong>yap\u0131lan i\u015fe duyulan tutkuyu<\/strong> sonuna kadar hissettiren, ben de\u011fil her zaman <strong>bizi d\u00fc\u015f\u00fcnd\u00fcren<\/strong> ve <strong>okuldaki teorik bilgiyi<\/strong> prati\u011fe d\u00f6kerek <strong>m\u00fchendislik yapma f\u0131rsat\u0131<\/strong> sa\u011flayan, her ge\u00e7en y\u0131l mezunlar\u0131yla ve yeni \u00fcyeleriyle b\u00fcy\u00fcyen bir ailedir\u201d.<\/p>\n<p><strong>Eski\u015fehir Teknik \u00dcniversitesi \/ Eski\u015fehir Technical University<\/strong><\/p>\n<p><strong>ESTU Solar Team \/ G\u00fcne\u015f Arabas\u0131 Ekibi<\/strong><\/p>\n<p><strong>Gsm :<\/strong> +90 (553) 509 16 12 \/ +90 (539) 616 88 70<\/p>\n<p><strong><a href=\"https:\/\/www.instagram.com\/estusolarteam\/\" target=\"_blank\" rel=\"nofollow noopener\">Instagram<\/a>\u00a0&#8211;\u00a0<a href=\"https:\/\/twitter.com\/estusolarteam\" target=\"_blank\" rel=\"nofollow noopener\">Twitter<\/a>\u00a0&#8211;\u00a0<a href=\"https:\/\/tr.linkedin.com\/company\/estu-solar-team\" target=\"_blank\" rel=\"nofollow noopener\">Linkedin<\/a><\/strong><\/p>","protected":false},"excerpt":{"rendered":"<p>Sorry, this entry is only available in Turkish. For the sake of viewer convenience, the content is shown below in the alternative language. You may click the link to switch the active language. ESTU Solar Team, gelece\u011fin m\u00fchendis adaylar\u0131ndan olu\u015fan, hepsi birbirinden \u00f6zverili ve \u00e7evre bilinciyle ileri teknolojiyi birle\u015ftirerek g\u00fcne\u015f enerjisiyle \u00e7al\u0131\u015fan ara\u00e7lar \u00fcreten bir [&hellip;]<\/p>\n","protected":false},"author":1,"featured_media":113770,"comment_status":"open","ping_status":"open","sticky":false,"template":"","format":"standard","meta":[],"categories":[51,53,49],"tags":[4599,25951,52259,72150,72148,72134,72142,72141,72135,72147,72139,72137,72144,72131,72133,72143,72132,72140,72138,72149,72146,72136,25196,72145],"views":273,"_links":{"self":[{"href":"https:\/\/www.enerjigazetesi.ist\/en\/wp-json\/wp\/v2\/posts\/113765"}],"collection":[{"href":"https:\/\/www.enerjigazetesi.ist\/en\/wp-json\/wp\/v2\/posts"}],"about":[{"href":"https:\/\/www.enerjigazetesi.ist\/en\/wp-json\/wp\/v2\/types\/post"}],"author":[{"embeddable":true,"href":"https:\/\/www.enerjigazetesi.ist\/en\/wp-json\/wp\/v2\/users\/1"}],"replies":[{"embeddable":true,"href":"https:\/\/www.enerjigazetesi.ist\/en\/wp-json\/wp\/v2\/comments?post=113765"}],"version-history":[{"count":0,"href":"https:\/\/www.enerjigazetesi.ist\/en\/wp-json\/wp\/v2\/posts\/113765\/revisions"}],"wp:featuredmedia":[{"embeddable":true,"href":"https:\/\/www.enerjigazetesi.ist\/en\/wp-json\/wp\/v2\/media\/113770"}],"wp:attachment":[{"href":"https:\/\/www.enerjigazetesi.ist\/en\/wp-json\/wp\/v2\/media?parent=113765"}],"wp:term":[{"taxonomy":"category","embeddable":true,"href":"https:\/\/www.enerjigazetesi.ist\/en\/wp-json\/wp\/v2\/categories?post=113765"},{"taxonomy":"post_tag","embeddable":true,"href":"https:\/\/www.enerjigazetesi.ist\/en\/wp-json\/wp\/v2\/tags?post=113765"}],"curies":[{"name":"wp","href":"https:\/\/api.w.org\/{rel}","templated":true}]}}