{"id":113755,"date":"2020-05-17T19:51:37","date_gmt":"2020-05-17T16:51:37","guid":{"rendered":"https:\/\/www.enerjigazetesi.ist\/?p=113755"},"modified":"2020-05-17T19:52:57","modified_gmt":"2020-05-17T16:52:57","slug":"gokce-evinizi-sicaktan-yalitimla-koruyun-klimaya-daha-az-ihtiyac-duyun","status":"publish","type":"post","link":"https:\/\/www.enerjigazetesi.ist\/en\/gokce-evinizi-sicaktan-yalitimla-koruyun-klimaya-daha-az-ihtiyac-duyun\/","title":{"rendered":"(Turkish) G\u00f6k\u00e7e: &#8220;Evinizi S\u0131caktan Yal\u0131t\u0131mla Koruyun Klimaya Daha Az \u0130htiya\u00e7 Duyun&#8221;"},"content":{"rendered":"<p class=\"qtranxs-available-languages-message qtranxs-available-languages-message-en\">Sorry, this entry is only available in <a href=\"https:\/\/www.enerjigazetesi.ist\/tr\/wp-json\/wp\/v2\/posts\/113755\" class=\"qtranxs-available-language-link qtranxs-available-language-link-tr\" title=\"Turkish\">Turkish<\/a>. For the sake of viewer convenience, the content is shown below in the alternative language. You may click the link to switch the active language.<\/p><p><\/p>\n<h1><strong>K\u00fcresel salg\u0131na kar\u015f\u0131 tedbir i\u00e7in \u00e7o\u011funlukla evde kald\u0131\u011f\u0131m\u0131z bir d\u00f6nemde binalarda enerji verimlili\u011finin daha \u00f6nemli hale geldi\u011fine dikkat \u00e7eken \u0130ZODER Ba\u015fkan\u0131 Levent G\u00f6k\u00e7e, \u201cYaz\u0131n klimalar\u0131n devreye girmesiyle konutlarda enerji t\u00fcketimi daha da artacak. Daha az enerji harcamak i\u00e7in evinizi s\u0131caktan yal\u0131t\u0131mla koruyun, klimaya daha az ihtiya\u00e7 duyun\u201d dedi. <\/strong><\/h1>\n<p>Is\u0131 yal\u0131t\u0131m\u0131n\u0131n sadece <strong>k\u0131\u015f aylar\u0131nda so\u011fuk havaya kar\u015f\u0131 de\u011fil<\/strong>, <strong>yaz aylar\u0131nda da s\u0131ca\u011fa kar\u015f\u0131 <img loading=\"lazy\" class=\"alignright wp-image-113757\" src=\"https:\/\/www.enerjigazetesi.ist\/wp-content\/uploads\/2020\/05\/gokce-evinizi-sicaktan-yalitimla-koruyun-klimaya-daha-az-ihtiyac-duyun-2.jpg\" alt=\"\" width=\"320\" height=\"237\" srcset=\"https:\/\/www.enerjigazetesi.ist\/wp-content\/uploads\/2020\/05\/gokce-evinizi-sicaktan-yalitimla-koruyun-klimaya-daha-az-ihtiyac-duyun-2.jpg 658w, https:\/\/www.enerjigazetesi.ist\/wp-content\/uploads\/2020\/05\/gokce-evinizi-sicaktan-yalitimla-koruyun-klimaya-daha-az-ihtiyac-duyun-2-300x222.jpg 300w, https:\/\/www.enerjigazetesi.ist\/wp-content\/uploads\/2020\/05\/gokce-evinizi-sicaktan-yalitimla-koruyun-klimaya-daha-az-ihtiyac-duyun-2-500x371.jpg 500w, https:\/\/www.enerjigazetesi.ist\/wp-content\/uploads\/2020\/05\/gokce-evinizi-sicaktan-yalitimla-koruyun-klimaya-daha-az-ihtiyac-duyun-2-67x50.jpg 67w\" sizes=\"(max-width: 320px) 100vw, 320px\" \/>al\u0131nabilecek<\/strong> en etkili \u00f6nemlerin ba\u015f\u0131nda geldi\u011fini vurgulayan <strong>\u0130ZODER (Is\u0131 Su Ses ve Yang\u0131n Yal\u0131t\u0131mc\u0131lar\u0131 Derne\u011fi) Ba\u015fkan\u0131 Levent G\u00f6k\u00e7e, \u201c<\/strong>Son kullan\u0131c\u0131 i\u00e7in b\u00fcy\u00fck \u00f6nem arz eden <strong>\u0131s\u0131 yal\u0131t\u0131m\u0131<\/strong>, <strong>binalarda enerji verimlili\u011fi<\/strong> sa\u011flayarak ayn\u0131 zamanda <strong>\u00fclke ekonomisini de direkt<\/strong> etkiliyor. \u00dclke olarak <strong>binalarda kulland\u0131\u011f\u0131m\u0131z enerji<\/strong> miktar\u0131, toplam t\u00fcketti\u011fimiz enerjinin \u00e7ok \u00f6nemli bir k\u0131sm\u0131n\u0131, <strong>% 30<\/strong>\u2019u a\u015fm\u0131\u015f durumda. Dolay\u0131s\u0131yla yal\u0131t\u0131m\u0131n hepimizi ilgilendiren ciddi bir boyutu var. Alaca\u011f\u0131m\u0131z \u00f6nlemlerle <strong>hem yaz hem k\u0131\u015f mevsiminde<\/strong> enerji savurganl\u0131\u011f\u0131n\u0131n \u00f6n\u00fcne ge\u00e7memiz m\u00fcmk\u00fcn. <strong>Yal\u0131t\u0131m uygulamalar\u0131<\/strong> ile <strong>do\u011falgaz ve elektrik t\u00fcketimi<\/strong>ni b\u00fcy\u00fck \u00f6l\u00e7\u00fcde azaltabiliriz\u201d ifadelerini kulland\u0131.<\/p>\n<h2><strong>Is\u0131 yal\u0131t\u0131m kal\u0131nl\u0131klar\u0131 art\u0131r\u0131lmal\u0131<\/strong><\/h2>\n<p>T\u00fcrkiye\u2019de <strong>yal\u0131t\u0131m ile ilgili yasal d\u00fczenlemeler<\/strong>de <strong>enerji limitlerinin<\/strong> iyile\u015ftirilerek AB seviyesine getirilmesinin <strong>enerji verimlili\u011fi<\/strong> i\u00e7in \u00e7ok \u00f6nemli bir ad\u0131m oldu\u011funu belirten <strong>Levent G\u00f6k\u00e7e<\/strong>, \u015funlar\u0131 s\u00f6yledi: \u201cAB\u2019deki ki\u015fi ba\u015f\u0131na <strong>yal\u0131t\u0131m malzemesi<\/strong> t\u00fcketimi \u00fclkemizdeki t\u00fcketimin <strong>2,5<\/strong> kat\u0131. \u00dclkemizin <strong>enerji verimlili\u011fi<\/strong> ve <strong>\u00e7evre ile ilgili hedefleri<\/strong>ne ula\u015fmas\u0131 i\u00e7in <strong>mevcut yal\u0131t\u0131m kal\u0131nl\u0131klar\u0131<\/strong>n\u0131n \u00fczerinde uygulamalar\u0131 hayata ge\u00e7irmemiz gerekli. Yeni in\u015fa edilecek t\u00fcm binalar\u0131n <strong>\u00e7at\u0131, duvar d\u00f6\u015femelerinde Avrupa standartlar\u0131na uygun<\/strong> CE i\u015faretli \u00fcr\u00fcnlerle <strong>\u0131s\u0131 yal\u0131t\u0131m\u0131<\/strong> yapt\u0131r\u0131r ve pencerelerinde <strong>kaplamal\u0131 yal\u0131t\u0131m cam\u0131<\/strong> \u00fcniteleri kullan\u0131rsak \u00fclkemizin <strong>toplam enerji faturas\u0131n\u0131<\/strong> yakla\u015f\u0131k <strong>% 15<\/strong> azaltmam\u0131z m\u00fcmk\u00fcn. T\u00fcrkiye\u2019de sadece <strong>binalar\u0131n enerji verimli hale getirilmesi<\/strong>yle (En az C s\u0131n\u0131f\u0131 binalar) her y\u0131l <strong>9<\/strong> <strong>milyar dolar<\/strong> tasarruf elde ederek ekonomimize \u00f6nemli \u00f6l\u00e7\u00fcde katk\u0131da bulunabiliriz.\u201d<\/p>","protected":false},"excerpt":{"rendered":"<p>Sorry, this entry is only available in Turkish. For the sake of viewer convenience, the content is shown below in the alternative language. You may click the link to switch the active language. K\u00fcresel salg\u0131na kar\u015f\u0131 tedbir i\u00e7in \u00e7o\u011funlukla evde kald\u0131\u011f\u0131m\u0131z bir d\u00f6nemde binalarda enerji verimlili\u011finin daha \u00f6nemli hale geldi\u011fine dikkat \u00e7eken \u0130ZODER Ba\u015fkan\u0131 Levent [&hellip;]<\/p>\n","protected":false},"author":1,"featured_media":113758,"comment_status":"open","ping_status":"open","sticky":false,"template":"","format":"standard","meta":[],"categories":[51,53,52],"tags":[488,72124,72125,52259,6850,26559,72126,675,47530,43386,72122,55280,43363,793,72123,41077],"views":112,"_links":{"self":[{"href":"https:\/\/www.enerjigazetesi.ist\/en\/wp-json\/wp\/v2\/posts\/113755"}],"collection":[{"href":"https:\/\/www.enerjigazetesi.ist\/en\/wp-json\/wp\/v2\/posts"}],"about":[{"href":"https:\/\/www.enerjigazetesi.ist\/en\/wp-json\/wp\/v2\/types\/post"}],"author":[{"embeddable":true,"href":"https:\/\/www.enerjigazetesi.ist\/en\/wp-json\/wp\/v2\/users\/1"}],"replies":[{"embeddable":true,"href":"https:\/\/www.enerjigazetesi.ist\/en\/wp-json\/wp\/v2\/comments?post=113755"}],"version-history":[{"count":0,"href":"https:\/\/www.enerjigazetesi.ist\/en\/wp-json\/wp\/v2\/posts\/113755\/revisions"}],"wp:featuredmedia":[{"embeddable":true,"href":"https:\/\/www.enerjigazetesi.ist\/en\/wp-json\/wp\/v2\/media\/113758"}],"wp:attachment":[{"href":"https:\/\/www.enerjigazetesi.ist\/en\/wp-json\/wp\/v2\/media?parent=113755"}],"wp:term":[{"taxonomy":"category","embeddable":true,"href":"https:\/\/www.enerjigazetesi.ist\/en\/wp-json\/wp\/v2\/categories?post=113755"},{"taxonomy":"post_tag","embeddable":true,"href":"https:\/\/www.enerjigazetesi.ist\/en\/wp-json\/wp\/v2\/tags?post=113755"}],"curies":[{"name":"wp","href":"https:\/\/api.w.org\/{rel}","templated":true}]}}