{"id":113693,"date":"2020-05-15T17:43:56","date_gmt":"2020-05-15T14:43:56","guid":{"rendered":"https:\/\/www.enerjigazetesi.ist\/?p=113693"},"modified":"2020-05-15T19:16:52","modified_gmt":"2020-05-15T16:16:52","slug":"gelismekte-olan-gunes-enerjisi-sektoru-egitimlerinin-oncu-isimlerinden-catakli-enerji","status":"publish","type":"post","link":"https:\/\/www.enerjigazetesi.ist\/en\/gelismekte-olan-gunes-enerjisi-sektoru-egitimlerinin-oncu-isimlerinden-catakli-enerji\/","title":{"rendered":"(Turkish) Geli\u015fmekte Olan G\u00fcne\u015f Sekt\u00f6r\u00fc E\u011fitimlerinin \u00d6nc\u00fc \u0130simlerinden &#8216;\u00c7atakl\u0131 Enerji'"},"content":{"rendered":"<p class=\"qtranxs-available-languages-message qtranxs-available-languages-message-en\">Sorry, this entry is only available in <a href=\"https:\/\/www.enerjigazetesi.ist\/tr\/wp-json\/wp\/v2\/posts\/113693\" class=\"qtranxs-available-language-link qtranxs-available-language-link-tr\" title=\"Turkish\">Turkish<\/a>. For the sake of viewer convenience, the content is shown below in the alternative language. You may click the link to switch the active language.<\/p><p><\/p>\n<h1>Yakla\u015f\u0131k 2 y\u0131ld\u0131r s\u00fcren altyap\u0131 \u00e7al\u0131\u015fmalar\u0131 sonras\u0131 E\u011fitim Y\u00f6netim Sistemi (Learning Management System) platformunu hayata ge\u00e7iren \u00c7atakl\u0131 Enerji taraf\u0131ndan May\u0131s ay\u0131 e\u011fitimlerine y\u00f6nelik kay\u0131tlar\u0131n s\u00fcrd\u00fc\u011f\u00fc a\u00e7\u0131kland\u0131.<\/h1>\n<p><strong>Temel Fotovoltaik Sistemler ve Solar Termal kitaplar\u0131<\/strong>na dayanan e\u011fitimlerinde, <strong>kitaplar\u0131n\u0131n her sayfas\u0131 seslendirilmi\u015f<\/strong> bir \u015fekilde <strong>PowerPoint sunumu<\/strong> olarak sisteme y\u00fcklenmi\u015ftir.<\/p>\n<p>Kat\u0131l\u0131mc\u0131lar\u0131n <strong>\u00f6\u011frenme seviyesi<\/strong> her b\u00f6l\u00fcm\u00fcn sonunda <strong>yap\u0131lan testlerle<\/strong> de\u011ferlendirilirken <img loading=\"lazy\" class=\"alignright size-full wp-image-113696\" src=\"https:\/\/www.enerjigazetesi.ist\/wp-content\/uploads\/2020\/05\/gelismekte-olan-gunes-sektoru-egitimlerinde-akla-gelen-ilk-isim-catakli.jpg\" alt=\"\" width=\"323\" height=\"156\" srcset=\"https:\/\/www.enerjigazetesi.ist\/wp-content\/uploads\/2020\/05\/gelismekte-olan-gunes-sektoru-egitimlerinde-akla-gelen-ilk-isim-catakli.jpg 323w, https:\/\/www.enerjigazetesi.ist\/wp-content\/uploads\/2020\/05\/gelismekte-olan-gunes-sektoru-egitimlerinde-akla-gelen-ilk-isim-catakli-300x145.jpg 300w, https:\/\/www.enerjigazetesi.ist\/wp-content\/uploads\/2020\/05\/gelismekte-olan-gunes-sektoru-egitimlerinde-akla-gelen-ilk-isim-catakli-80x39.jpg 80w\" sizes=\"(max-width: 323px) 100vw, 323px\" \/>de\u011ferlendirmeden ge\u00e7emeyenler ise bir sonraki b\u00f6l\u00fcme devam edemiyor.<\/p>\n<p><strong>Fotovoltaik Enerji Sistemleri E\u011fitimi&#8217;<\/strong>nin ders saati olarak toplam s\u00fcresi yakla\u015f\u0131k <strong>9 saat<\/strong> ve <strong>Solar Termal dersleri<\/strong> ise <strong>14 saat<\/strong> olarak kar\u015f\u0131m\u0131za \u00e7\u0131k\u0131yor.<\/p>\n<p>Kat\u0131l\u0131mc\u0131 e\u011fitim ba\u015flama tarihini kendi program\u0131na g\u00f6re planlayarak kendisi belirleyebiliyor. E\u011fitimine ba\u015flad\u0131ktan sonra <strong>fotovoltaik dersleri<\/strong>ni <strong>2 hafta<\/strong>, solar termal derslerini\u00a0<strong>3 hafta<\/strong> i\u00e7in de bitirmesi gerekiyor. Bu s\u00fcre i\u00e7inde <strong>belirli saatler<\/strong> aras\u0131nda <strong>canl\u0131 destek<\/strong> alabilecek konumda oluyor. Buna ek olarak hafta i\u00e7in de belirli konular <strong>canl\u0131 yay\u0131n da ders olarak<\/strong> i\u015flenecek \u015fekilde programlanm\u0131\u015f olan bu e\u011fitimler i\u00e7in <strong>hedef uygulama e\u011fitimi<\/strong> i\u00e7in <strong>teorik bilgi<\/strong>nin hepsinin \u00f6\u011frenilebilmesidir.<\/p>\n<p><strong>T\u00fcm dersleri<\/strong> ve <strong>testleri bitirdikten<\/strong> sonra <strong>DGS<\/strong> ve<strong> \u00c7atakl\u0131<\/strong> dan <strong>kat\u0131l\u0131m belgesi<\/strong> al\u0131nmaya hak kazan\u0131l\u0131r.<\/p>\n<p><strong>Teorik e\u011fitimi<\/strong> bitirenler <strong>2 g\u00fcnl\u00fck uygulamal\u0131 e\u011fitimleri<\/strong>ne merkezlerimizde kat\u0131lmaya hak kazan\u0131rken <strong>g\u00fcne\u015f enerjisi\u00a0uygulama e\u011fitimleri<\/strong>ne kat\u0131lanlara ayr\u0131ca <strong>kat\u0131l\u0131m belgesi<\/strong> verilmektedir.<\/p>\n<p><span style=\"color: #993300;\"><strong>Detayl\u0131 Bilgi ve Kay\u0131tlar \u0130\u00e7in&#8211;&gt;<\/strong><\/span>\u00a00216 452 04 02 nolu telefondan ula\u015fabilir veya\u00a0<a href=\"mailto:bilgi@catakl-enerji.com\" target=\"_blank\" rel=\"nofollow noopener\">bilgi@catakl-enerji.com<\/a> adresine <strong>mail iletimi<\/strong> ger\u00e7ekle\u015ftirebilir ve(ya)\u00a0\u00a0<a href=\"https:\/\/ye-em.com\/\" target=\"_blank\" rel=\"nofollow noopener\">https:\/\/ye-em.com\/\u00a0<\/a>adresini ziyaret edebilirsiniz.<\/p>","protected":false},"excerpt":{"rendered":"<p>Sorry, this entry is only available in Turkish. For the sake of viewer convenience, the content is shown below in the alternative language. You may click the link to switch the active language. Yakla\u015f\u0131k 2 y\u0131ld\u0131r s\u00fcren altyap\u0131 \u00e7al\u0131\u015fmalar\u0131 sonras\u0131 E\u011fitim Y\u00f6netim Sistemi (Learning Management System) platformunu hayata ge\u00e7iren \u00c7atakl\u0131 Enerji taraf\u0131ndan May\u0131s ay\u0131 e\u011fitimlerine [&hellip;]<\/p>\n","protected":false},"author":1,"featured_media":113696,"comment_status":"open","ping_status":"open","sticky":false,"template":"","format":"standard","meta":[],"categories":[51,53,49],"tags":[34217,72056,52259,72061,49670,72063,53157,72062,72057,72060,72071,72070,72058,72059],"views":92,"_links":{"self":[{"href":"https:\/\/www.enerjigazetesi.ist\/en\/wp-json\/wp\/v2\/posts\/113693"}],"collection":[{"href":"https:\/\/www.enerjigazetesi.ist\/en\/wp-json\/wp\/v2\/posts"}],"about":[{"href":"https:\/\/www.enerjigazetesi.ist\/en\/wp-json\/wp\/v2\/types\/post"}],"author":[{"embeddable":true,"href":"https:\/\/www.enerjigazetesi.ist\/en\/wp-json\/wp\/v2\/users\/1"}],"replies":[{"embeddable":true,"href":"https:\/\/www.enerjigazetesi.ist\/en\/wp-json\/wp\/v2\/comments?post=113693"}],"version-history":[{"count":0,"href":"https:\/\/www.enerjigazetesi.ist\/en\/wp-json\/wp\/v2\/posts\/113693\/revisions"}],"wp:featuredmedia":[{"embeddable":true,"href":"https:\/\/www.enerjigazetesi.ist\/en\/wp-json\/wp\/v2\/media\/113696"}],"wp:attachment":[{"href":"https:\/\/www.enerjigazetesi.ist\/en\/wp-json\/wp\/v2\/media?parent=113693"}],"wp:term":[{"taxonomy":"category","embeddable":true,"href":"https:\/\/www.enerjigazetesi.ist\/en\/wp-json\/wp\/v2\/categories?post=113693"},{"taxonomy":"post_tag","embeddable":true,"href":"https:\/\/www.enerjigazetesi.ist\/en\/wp-json\/wp\/v2\/tags?post=113693"}],"curies":[{"name":"wp","href":"https:\/\/api.w.org\/{rel}","templated":true}]}}