{"id":113611,"date":"2020-05-14T17:42:00","date_gmt":"2020-05-14T14:42:00","guid":{"rendered":"https:\/\/www.enerjigazetesi.ist\/?p=113611"},"modified":"2020-05-14T17:44:00","modified_gmt":"2020-05-14T14:44:00","slug":"enerji-ithalatini-azaltmak-icin-ruzgar-enerjisi-desteklenmeli","status":"publish","type":"post","link":"https:\/\/www.enerjigazetesi.ist\/en\/enerji-ithalatini-azaltmak-icin-ruzgar-enerjisi-desteklenmeli\/","title":{"rendered":"(Turkish) Enerji \u0130thalat\u0131n\u0131 Azaltmak \u0130\u00e7in R\u00fczgar Enerjisi Desteklenmeli"},"content":{"rendered":"<p class=\"qtranxs-available-languages-message qtranxs-available-languages-message-en\">Sorry, this entry is only available in <a href=\"https:\/\/www.enerjigazetesi.ist\/tr\/wp-json\/wp\/v2\/posts\/113611\" class=\"qtranxs-available-language-link qtranxs-available-language-link-tr\" title=\"Turkish\">Turkish<\/a>. For the sake of viewer convenience, the content is shown below in the alternative language. You may click the link to switch the active language.<\/p><p><\/p>\n<h1><strong>T\u00fcrkiye ge\u00e7en y<\/strong><strong>\u0131<\/strong><strong>l enerji ithalat<\/strong><strong>\u0131<\/strong><strong>na yakla<\/strong><strong>\u015f\u0131<\/strong><strong>k olarak 41 milyar dolar harcad<\/strong><strong>\u0131<\/strong><strong>. Artan enerji talebine kar<\/strong><strong>\u015f\u0131<\/strong><strong>l<\/strong><strong>\u0131<\/strong><strong>k verebilmek i<\/strong><strong>\u00e7<\/strong><strong>in ilk kaynak olarak da ithal enerjiye ba<\/strong><strong>\u015f<\/strong><strong>vuruluyor. Enerjide d<\/strong><strong>\u0131\u015f<\/strong><strong>a ba<\/strong><strong>\u011f\u0131<\/strong><strong>ml<\/strong><strong>\u0131<\/strong><strong>l<\/strong><strong>\u0131\u011f\u0131<\/strong><strong> azaltma yolunda <\/strong><strong>\u00f6<\/strong><strong>nemli paya sahip olan r\u00fczgar enerjisine dikkat \u00e7eken \u00dclke Enerji Genel M\u00fcd\u00fcr\u00fc Ali Ayd<\/strong><strong>\u0131<\/strong><strong>n ise memleket meselesi olan r<\/strong><strong>\u00fc<\/strong><strong>zgar<\/strong><strong>\u0131<\/strong><strong>n enerji ithalat<\/strong><strong>\u0131<\/strong><strong>n<\/strong><strong>\u0131<\/strong><strong> azaltmada ve cari a<\/strong><strong>\u00e7<\/strong><strong>\u0131\u011f\u0131<\/strong><strong> kapatmada yard<\/strong><strong>\u0131<\/strong><strong>mc<\/strong><strong>\u0131<\/strong><strong> olaca<\/strong><strong>\u011f\u0131<\/strong><strong>n<\/strong><strong>\u0131<\/strong><strong> aktar<\/strong><strong>\u0131<\/strong><strong>yor.<\/strong><strong><br \/>\n<\/strong><\/h1>\n<p><strong>\u0130klim anla\u015fmalar\u0131<\/strong>, yeni ekonomik d\u00fczen ve do\u011fan\u0131n gelece\u011fi i\u00e7in <strong>yenilenebilir enerji<\/strong> g\u00fcn ge\u00e7tik\u00e7e daha da \u00f6nemli hale geliyor. Fosil yak\u0131tlar\u0131n <strong>hem \u00e7evreyi hem de ekonomiyi<\/strong> dar bir bo\u011faza <img loading=\"lazy\" class=\"alignright wp-image-113613\" src=\"https:\/\/www.enerjigazetesi.ist\/wp-content\/uploads\/2020\/05\/enerji-ithalatini-azaltmak-icin-ruzgar-enerjisi-desteklenmeli-2.jpg\" alt=\"\" width=\"320\" height=\"213\" srcset=\"https:\/\/www.enerjigazetesi.ist\/wp-content\/uploads\/2020\/05\/enerji-ithalatini-azaltmak-icin-ruzgar-enerjisi-desteklenmeli-2.jpg 732w, https:\/\/www.enerjigazetesi.ist\/wp-content\/uploads\/2020\/05\/enerji-ithalatini-azaltmak-icin-ruzgar-enerjisi-desteklenmeli-2-300x200.jpg 300w, https:\/\/www.enerjigazetesi.ist\/wp-content\/uploads\/2020\/05\/enerji-ithalatini-azaltmak-icin-ruzgar-enerjisi-desteklenmeli-2-500x333.jpg 500w, https:\/\/www.enerjigazetesi.ist\/wp-content\/uploads\/2020\/05\/enerji-ithalatini-azaltmak-icin-ruzgar-enerjisi-desteklenmeli-2-75x50.jpg 75w, https:\/\/www.enerjigazetesi.ist\/wp-content\/uploads\/2020\/05\/enerji-ithalatini-azaltmak-icin-ruzgar-enerjisi-desteklenmeli-2-450x300.jpg 450w\" sizes=\"(max-width: 320px) 100vw, 320px\" \/>s\u00fcr\u00fcklemesi de <strong>yenilenebilir enerjiye b\u00fcy\u00fck f\u0131rsatlar verilmesine<\/strong> neden oluyor. R\u00fczgar enerjisi de yenilenebilir enerjinin y\u00fckselen de\u011feri olarak g\u00f6r\u00fcl\u00fcyor. Son <strong>10 y\u0131lda<\/strong> T\u00fcrkiye\u2019de bu alanda at\u0131lan ad\u0131mlar\u0131n <strong>gelecek ve ekonomi<\/strong> ad\u0131na \u00f6nemli kazan\u0131mlar sa\u011flad\u0131\u011f\u0131n\u0131 aktaran <strong>\u00dclke Enerji<\/strong> Genel M\u00fcd\u00fcr\u00fc <strong>Ali Ayd\u0131n<\/strong>\u2019a g\u00f6re, <strong>enerjide ithalat\u0131 ve cari a\u00e7\u0131klar\u0131 azaltmaya<\/strong> yard\u0131mc\u0131 olan do\u011fal kaynak r\u00fczgar\u0131n, memleket meselesi olarak ele al\u0131nmas\u0131 ve yarataca\u011f\u0131 faydalar i\u00e7in konulan hedeflere, ya\u015fan\u0131lan zorluklara destek verilmesi gerekiyor.<\/p>\n<h2><strong>Enerji <\/strong><strong>\u0130<\/strong><strong>thalat<\/strong><strong>\u0131<\/strong><strong> D<\/strong><strong>\u0131\u015f<\/strong><strong>a Ba<\/strong><strong>\u011f\u0131<\/strong><strong>ml<\/strong><strong>\u0131<\/strong><strong>l<\/strong><strong>\u0131\u011f\u0131<\/strong><strong> S<\/strong><strong>\u00fc<\/strong><strong>rd<\/strong><strong>\u00fc<\/strong><strong>r<\/strong><strong>\u00fc<\/strong><strong>yor<\/strong><strong><br \/>\n<\/strong><\/h2>\n<p><strong>Fosil yak\u0131tlara ba\u011fl\u0131l\u0131k<\/strong>, \u00f6zellikle <strong>enerji ithalat\u0131<\/strong> yapan \u00fclkeleri ve ekonomilerini ciddi derecede etkiliyor. B\u00fcy\u00fcmeye gayret eden her \u00fclkede oldu\u011fu gibi T\u00fcrkiye\u2019de de <strong>b\u00fcy\u00fcme trendinin<\/strong> getirdi\u011fi bir enerji talebi oluyor. <strong>Birincil kaynak<\/strong> olarak enerji talebinin yakla\u015f\u0131k <strong>%70\u2019inin<\/strong> ithal enerjiden kar\u015f\u0131land\u0131\u011f\u0131n\u0131 aktaran Ali Ayd\u0131n, <strong>enerji ithalat\u0131<\/strong>m\u0131z\u0131n ge\u00e7en y\u0131l \u00fclkemize maliyetinin <strong>41 milyar dolar<\/strong> \u00fcst\u00fcnde oldu\u011funa da dikkat \u00e7ekti. T\u00fcrkiye i\u00e7in <strong>b\u00fcy\u00fcmenin enerji talebi<\/strong>ni hep art\u0131raca\u011f\u0131n\u0131, bunun <strong>d\u0131\u015f ticaret ve cari i\u015flemlere<\/strong> de yans\u0131d\u0131\u011f\u0131n\u0131 ifade eden Ayd\u0131n, <strong>ithal enerji<\/strong>nin \u00fclkemiz \u00fczerinde yarataca\u011f\u0131 olumsuz her t\u00fcrl\u00fc etkinin azalt\u0131lmas\u0131 ad\u0131na <strong>ba\u015fta r\u00fczgar enerjisi<\/strong> olmak \u00fczere <strong>yenilenebilir enerji<\/strong>ye y\u00fcz\u00fcm\u00fcz\u00fc d\u00f6nd\u00fcrmek gerekti\u011finin alt\u0131n\u0131 \u00e7iziyor.<\/p>\n<h2><strong>R\u00fczgar Enerjisi Memleket Meselesi<\/strong><strong><br \/>\n<\/strong><\/h2>\n<p><strong>K\u00fcresel enerji fiyatlar\u0131<\/strong>n\u0131 etkileyen durum ve riskler, ekonomilerin k\u0131r\u0131lganl\u0131\u011f\u0131na ba\u011fl\u0131 olarak \u00fclkelerin zor g\u00fcnler ge\u00e7irmesine de neden olabiliyor. <strong>Enerjide d\u0131\u015fa ba\u011f\u0131ml\u0131l\u0131\u011f\u0131n azalt\u0131lma<\/strong>s\u0131nda ise yeg\u00e2ne \u00e7\u00f6z\u00fcm\u00fcn <strong>milli kaynaklar ve milli enerji<\/strong> oldu\u011funu belirten <strong>Ali Ayd\u0131n<\/strong>\u2019a g\u00f6re enerjide <strong>millile\u015fme<\/strong> hem ekonomik hem de <strong>iklimsel faydalar<\/strong> ad\u0131na bir\u00e7ok ilerlemenin \u00f6n\u00fcn\u00fc a\u00e7\u0131yor. \u00d6zellikle yenilenebilir enerjide y\u00fckselen bir ivmeye sahip olan <strong>r\u00fczgar enerjisi<\/strong>nin \u00fclkemiz i\u00e7in <strong>bir memleket meselesi<\/strong> olmas\u0131 gerekti\u011fini aktaran Ayd\u0131n, <strong>d\u0131\u015fa ba\u011f\u0131ml\u0131l\u0131\u011f\u0131 ve cari a\u00e7\u0131\u011f\u0131 azaltabilecek<\/strong> g\u00fc\u00e7te olan r\u00fczgara yap\u0131lacak her yat\u0131r\u0131m ve deste\u011fin, \u00fclke gelece\u011fine de at\u0131lm\u0131\u015f faydal\u0131 temeller oldu\u011funu ifade ediyor.<\/p>\n<h2><strong>Koronavir\u00fcs Salg<\/strong><strong>\u0131<\/strong><strong>n<\/strong><strong>\u0131<\/strong><strong>n<\/strong><strong>\u0131<\/strong><strong>n R<\/strong><strong>\u00fc<\/strong><strong>zgar Sekt<\/strong><strong>\u00f6<\/strong><strong>r<\/strong><strong>\u00fc<\/strong><strong>ne Etkileri<\/strong><\/h2>\n<p>T\u00fcrkiye\u2019nin enerji ihtiyac\u0131n\u0131n yakla\u015f\u0131k olarak <strong>%8\u2019ini<\/strong> kar\u015f\u0131layan <strong>r\u00fczgar enerjisi<\/strong>, ya\u015fad\u0131\u011f\u0131 genel s\u0131k\u0131nt\u0131lar\u0131n yan\u0131nda <strong>koronavir\u00fcsle de m\u00fccadele<\/strong> ediyor. <strong>Pandemi s\u00fcreci<\/strong>nde <strong>m\u00fccbir sebep ilan edilmesi<\/strong> istenen r\u00fczgar enerjisine y\u00f6nelik <strong>T\u00fcrkiye R\u00fczgar Enerjisi Birli\u011fi\u2019nin (T\u00dcREB)<\/strong> ger\u00e7ekle\u015ftirdi\u011fi ankete dikkat \u00e7eken <strong>Ali Ayd\u0131n<\/strong>, \u00f6zellikle yat\u0131r\u0131mc\u0131, <strong>i\u015fletme ve bak\u0131m onar\u0131m<\/strong> hizmetlerinin her alan\u0131nda deste\u011fe ihtiya\u00e7 duyan <strong>r\u00fczgar sekt\u00f6r\u00fcn\u00fcn temsilcileri<\/strong>nin \u00e7a\u011fr\u0131lar\u0131na kulak verilmesi gerekti\u011fini aktar\u0131yor. Ankette <strong>YEKDEM<\/strong>\u2019e yeti\u015fmesi hedeflenen <strong>2.450 MW<\/strong> g\u00fc\u00e7 i\u00e7in ek s\u00fcre olarak <strong>8-12 ay<\/strong> istenildi\u011fini de aktaran Ayd\u0131n, <strong>enerji ithalat\u0131n\u0131 azaltmaya<\/strong> yard\u0131mc\u0131 olacak g\u00fc\u00e7 olan <strong>r\u00fczgara<\/strong> ve <strong>temsilcilerine deste\u011fin<\/strong> gelmesi gerekti\u011fini belirtiyor.<\/p>","protected":false},"excerpt":{"rendered":"<p>Sorry, this entry is only available in Turkish. For the sake of viewer convenience, the content is shown below in the alternative language. You may click the link to switch the active language. T\u00fcrkiye ge\u00e7en y\u0131l enerji ithalat\u0131na yakla\u015f\u0131k olarak 41 milyar dolar harcad\u0131. Artan enerji talebine kar\u015f\u0131l\u0131k verebilmek i\u00e7in ilk kaynak olarak da ithal [&hellip;]<\/p>\n","protected":false},"author":1,"featured_media":113614,"comment_status":"open","ping_status":"open","sticky":false,"template":"","format":"standard","meta":[],"categories":[51,53,50],"tags":[45446,49556,52259,69696,70082,53282,71985,54979,71986,45445,8275],"views":94,"_links":{"self":[{"href":"https:\/\/www.enerjigazetesi.ist\/en\/wp-json\/wp\/v2\/posts\/113611"}],"collection":[{"href":"https:\/\/www.enerjigazetesi.ist\/en\/wp-json\/wp\/v2\/posts"}],"about":[{"href":"https:\/\/www.enerjigazetesi.ist\/en\/wp-json\/wp\/v2\/types\/post"}],"author":[{"embeddable":true,"href":"https:\/\/www.enerjigazetesi.ist\/en\/wp-json\/wp\/v2\/users\/1"}],"replies":[{"embeddable":true,"href":"https:\/\/www.enerjigazetesi.ist\/en\/wp-json\/wp\/v2\/comments?post=113611"}],"version-history":[{"count":0,"href":"https:\/\/www.enerjigazetesi.ist\/en\/wp-json\/wp\/v2\/posts\/113611\/revisions"}],"wp:featuredmedia":[{"embeddable":true,"href":"https:\/\/www.enerjigazetesi.ist\/en\/wp-json\/wp\/v2\/media\/113614"}],"wp:attachment":[{"href":"https:\/\/www.enerjigazetesi.ist\/en\/wp-json\/wp\/v2\/media?parent=113611"}],"wp:term":[{"taxonomy":"category","embeddable":true,"href":"https:\/\/www.enerjigazetesi.ist\/en\/wp-json\/wp\/v2\/categories?post=113611"},{"taxonomy":"post_tag","embeddable":true,"href":"https:\/\/www.enerjigazetesi.ist\/en\/wp-json\/wp\/v2\/tags?post=113611"}],"curies":[{"name":"wp","href":"https:\/\/api.w.org\/{rel}","templated":true}]}}