{"id":113512,"date":"2020-05-13T14:21:04","date_gmt":"2020-05-13T11:21:04","guid":{"rendered":"https:\/\/www.enerjigazetesi.ist\/?p=113512"},"modified":"2020-05-13T16:04:35","modified_gmt":"2020-05-13T13:04:35","slug":"elektrik-faturalari-yenilenebilir-enerjiye-destek-imalat-sanayine-kostek-oldu","status":"publish","type":"post","link":"https:\/\/www.enerjigazetesi.ist\/en\/elektrik-faturalari-yenilenebilir-enerjiye-destek-imalat-sanayine-kostek-oldu\/","title":{"rendered":"(Turkish) Elektrik Faturas\u0131 Yenilenebilir&#8217;e Destek \u0130malat San.&#8217;ne K\u00f6stek Oldu!"},"content":{"rendered":"<p class=\"qtranxs-available-languages-message qtranxs-available-languages-message-en\">Sorry, this entry is only available in <a href=\"https:\/\/www.enerjigazetesi.ist\/tr\/wp-json\/wp\/v2\/posts\/113512\" class=\"qtranxs-available-language-link qtranxs-available-language-link-tr\" title=\"Turkish\">Turkish<\/a>. For the sake of viewer convenience, the content is shown below in the alternative language. You may click the link to switch the active language.<\/p><p><\/p>\n<h1><strong>Sanayide \u00e7arklar<\/strong><strong>\u0131<\/strong><strong>n yava<\/strong><strong>\u015f<\/strong><strong>lad<\/strong><strong>\u0131\u011f\u0131<\/strong><strong> koronavir<\/strong><strong>\u00fc<\/strong><strong>s salg<\/strong><strong>\u0131<\/strong><strong>n<\/strong><strong>\u0131<\/strong><strong> s<\/strong><strong>\u00fc<\/strong><strong>recinde <\/strong><strong>\u00fc<\/strong><strong>lke ekonomisini ayakta tutmak i<\/strong><strong>\u00e7<\/strong><strong>in var g<\/strong><strong>\u00fc<\/strong><strong>c<\/strong><strong>\u00fc<\/strong><strong>yle <\/strong><strong>\u00e7<\/strong><strong>al<\/strong><strong>\u0131\u015f<\/strong><strong>an sanayiciler y<\/strong><strong>\u00fc<\/strong><strong>ksek elektrik fiyatlar<\/strong><strong>\u0131<\/strong><strong>n<\/strong><strong>\u0131<\/strong><strong>n alt<\/strong><strong>\u0131<\/strong><strong>nda eziliyor. Avrupa Birli<\/strong><strong>\u011f<\/strong><strong>i istatistik kurumu Eurostat verilerine g\u00f6re Avrupa \u00fclkeleri i\u00e7inde en pahal<\/strong><strong>\u0131<\/strong><strong> elektri<\/strong><strong>\u011f<\/strong><strong>i T<\/strong><strong>\u00fc<\/strong><strong>rkiye kullan<\/strong><strong>\u0131<\/strong><strong>yor. Bu s<\/strong><strong>\u00fc<\/strong><strong>re<\/strong><strong>\u00e7<\/strong><strong>te petrol fiyatlar<\/strong><strong>\u0131<\/strong><strong>n<\/strong><strong>\u0131<\/strong><strong>n h<\/strong><strong>\u0131<\/strong><strong>zla d<\/strong><strong>\u00fc<\/strong><strong>\u015f<\/strong><strong>t<\/strong><strong>\u00fc<\/strong><strong>\u011f<\/strong><strong>\u00fc<\/strong><strong>ne de dikkat <\/strong><strong>\u00e7<\/strong><strong>eken sanayiciler elektrik ve do<\/strong><strong>\u011f<\/strong><strong>algaz fiyatlar<\/strong><strong>\u0131<\/strong><strong>nda indirim bekliyor. PAGEV Ba<\/strong><strong>\u015f<\/strong><strong>kan<\/strong><strong>\u0131<\/strong><strong> Yavuz Ero<\/strong><strong>\u011f<\/strong><strong>lu, \u201cSalg<\/strong><strong>\u0131<\/strong><strong>n nedeniyle <\/strong><strong>\u00fc<\/strong><strong>retimi azalan sanayici y<\/strong><strong>\u00fc<\/strong><strong>ksek enerji faturalar<\/strong><strong>\u0131<\/strong><strong>yla ba<\/strong><strong>\u015f<\/strong><strong>a <\/strong><strong>\u00e7<\/strong><strong>\u0131<\/strong><strong>kam<\/strong><strong>\u0131<\/strong><strong>yor. <\/strong><strong>\u00dc<\/strong><strong>stelik yenilenebilir enerji <\/strong><strong>\u00fc<\/strong><strong>retimini te<\/strong><strong>\u015f<\/strong><strong>vik etmek i<\/strong><strong>\u00e7<\/strong><strong>in uygulanan YEKDEM tarifesinin y<\/strong><strong>\u00fc<\/strong><strong>ksek maliyeti sanayicinin s<\/strong><strong>\u0131<\/strong><strong>rt<\/strong><strong>\u0131<\/strong><strong>ndaki enerji y<\/strong><strong>\u00fc<\/strong><strong>k<\/strong><strong>\u00fc<\/strong><strong>n<\/strong><strong>\u00fc<\/strong><strong> daha da a<\/strong><strong>\u011f\u0131<\/strong><strong>rla<\/strong><strong>\u015f<\/strong><strong>t<\/strong><strong>\u0131<\/strong><strong>r<\/strong><strong>\u0131<\/strong><strong>yor. Bug<\/strong><strong>\u00fc<\/strong><strong>n durma noktas<\/strong><strong>\u0131<\/strong><strong>na gelen sanayi tesisleri <\/strong><strong>\u00e7<\/strong><strong>ok daha az elektrik kullansalar da Nisan ay<\/strong><strong>\u0131<\/strong><strong>ndaki faturalar<\/strong><strong>\u0131<\/strong><strong>n<\/strong><strong>\u0131<\/strong><strong> incelediklerinde b<\/strong><strong>\u00fc<\/strong><strong>y<\/strong><strong>\u00fc<\/strong><strong>k art<\/strong><strong>\u0131\u015f<\/strong><strong>lar g<\/strong><strong>\u00f6<\/strong><strong>r<\/strong><strong>\u00fc<\/strong><strong>yorlar. Sanayinin <\/strong><strong>\u00e7<\/strong><strong>arklar<\/strong><strong>\u0131<\/strong><strong>n<\/strong><strong>\u0131<\/strong><strong>n d<\/strong><strong>\u00f6<\/strong><strong>nebilmesi i<\/strong><strong>\u00e7<\/strong><strong>in <\/strong><strong>\u00f6<\/strong><strong>ncelikle enerji fiyatlar<\/strong><strong>\u0131<\/strong><strong>nda indirim yap<\/strong><strong>\u0131<\/strong><strong>lmas<\/strong><strong>\u0131<\/strong><strong> ve bu d<\/strong><strong>\u00f6<\/strong><strong>nemde <\/strong><strong>\u00f6<\/strong><strong>denemeyen faturalar i\u00e7in elektrik ve do<\/strong><strong>\u011f<\/strong><strong>algaz kesintilerinin yasaklanmas<\/strong><strong>\u0131<\/strong><strong> gerekiyor. Ayr<\/strong><strong>\u0131<\/strong><strong>ca en az<\/strong><strong>\u0131<\/strong><strong>ndan sene sonuna kadar sanayicilerden YEKDEM bedeli al<\/strong><strong>\u0131<\/strong><strong>nmamal<\/strong><strong>\u0131<\/strong><strong>\u201d<\/strong><strong> dedi.<\/strong><\/h1>\n<p>Bir yandan <strong>koronavir\u00fcs salg\u0131n\u0131<\/strong>n\u0131n y\u0131k\u0131c\u0131 etkileriyle u\u011fra\u015fan sanayici di\u011fer yandan <strong>y\u00fcksek enerji maliyetleri<\/strong> ile de ba\u015fa \u00e7\u0131kmaya \u00e7al\u0131\u015f\u0131yor. <strong>D\u00fc\u015fen petrol fiyatlar\u0131<\/strong>na ra\u011fmen enerji faturalar\u0131 sanayicinin cebini yakmaya devam ediyor. AB istatistik kurumu Eurostat\u2019\u0131n 2019\u2019da hane halk\u0131n\u0131n <img loading=\"lazy\" class=\"alignright wp-image-113514\" src=\"https:\/\/www.enerjigazetesi.ist\/wp-content\/uploads\/2020\/05\/elektrik-faturalari-yenilenebilir-enerjiye-destek-imalat-sanayine-kostek-oldu.jpg\" alt=\"\" width=\"320\" height=\"213\" srcset=\"https:\/\/www.enerjigazetesi.ist\/wp-content\/uploads\/2020\/05\/elektrik-faturalari-yenilenebilir-enerjiye-destek-imalat-sanayine-kostek-oldu.jpg 732w, https:\/\/www.enerjigazetesi.ist\/wp-content\/uploads\/2020\/05\/elektrik-faturalari-yenilenebilir-enerjiye-destek-imalat-sanayine-kostek-oldu-300x200.jpg 300w, https:\/\/www.enerjigazetesi.ist\/wp-content\/uploads\/2020\/05\/elektrik-faturalari-yenilenebilir-enerjiye-destek-imalat-sanayine-kostek-oldu-500x333.jpg 500w, https:\/\/www.enerjigazetesi.ist\/wp-content\/uploads\/2020\/05\/elektrik-faturalari-yenilenebilir-enerjiye-destek-imalat-sanayine-kostek-oldu-75x50.jpg 75w, https:\/\/www.enerjigazetesi.ist\/wp-content\/uploads\/2020\/05\/elektrik-faturalari-yenilenebilir-enerjiye-destek-imalat-sanayine-kostek-oldu-450x300.jpg 450w\" sizes=\"(max-width: 320px) 100vw, 320px\" \/>kulland\u0131\u011f\u0131 <strong>elektrik ve do\u011falgaza gelen zamlar\u0131<\/strong> \u00fclkeler baz\u0131nda derledi\u011fi rapora g\u00f6re do\u011falgaza da elektri\u011fe de en \u00e7ok zam T\u00fcrkiye\u2019de geldi. Avrupa \u00fclkeleri i\u00e7inde elektri\u011fi en pahal\u0131 kullanan \u00fclke de T\u00fcrkiye. Eurostat ayn\u0131 zamanda \u00fclkelerin sat\u0131nalma g\u00fc\u00e7lerine k\u0131yasla <strong>do\u011falgaz ve elektrik faturalar\u0131<\/strong>n\u0131n fiyatlar\u0131n\u0131 da tespit etti. Sat\u0131n alma g\u00fcc\u00fc paritesine g\u00f6re en fahi\u015f elektrik faturas\u0131 yine T\u00fcrkiye\u2019de \u00f6deniyor. Ayn\u0131 y\u00f6nteme g\u00f6re <strong>elektrik faturas\u0131n\u0131n<\/strong> en ucuz oldu\u011fu \u00fclke ise <strong>\u0130zlanda<\/strong> oldu.<\/p>\n<p>Elektrik t\u00fcketiminin <strong>% 70<\/strong>\u2019inin i\u015fyerlerine ait oldu\u011fu T\u00fcrkiye\u2019de <strong>EPDK<\/strong> verilerine g\u00f6re Nisan ay\u0131nda toplam elektrik t\u00fcketimi <strong>% 15<\/strong> azald\u0131. <strong>Koronavir\u00fcs salg\u0131n\u0131<\/strong> nedeniyle insanlar daha \u00e7ok evde kald\u0131\u011f\u0131 i\u00e7in konutlardaki elektrik kullan\u0131m\u0131n\u0131n ortalama <strong>% 10<\/strong> artt\u0131\u011f\u0131 d\u00fc\u015f\u00fcn\u00fcld\u00fc\u011f\u00fcnde <strong>sanayinin elektrik kullan\u0131m\u0131<\/strong>n\u0131n <strong>% 25<\/strong> civar\u0131nda d\u00fc\u015ft\u00fc\u011f\u00fc tahmin ediliyor.<\/p>\n<h2><strong>Enerjide en y\u00fcksek faturay<\/strong><strong>\u0131<\/strong><strong> T<\/strong><strong>\u00fc<\/strong><strong>rkiye <\/strong><strong>\u00f6<\/strong><strong>d<\/strong><strong>\u00fc<\/strong><strong>yor<\/strong><\/h2>\n<p>Sanayicinin \u00fcretime devam edebilmesi i\u00e7in <strong>enerji fiyatlar\u0131<\/strong>nda bir d\u00fczenlemeye gidilmesinin \u015fart oldu\u011funu belirten <strong>T\u00fcrk Plastik Sanayicileri Ara<\/strong><strong>\u015f<\/strong><strong>t<\/strong><strong>\u0131<\/strong><strong>rma, Geli<\/strong><strong>\u015f<\/strong><strong>tirme ve E<\/strong><strong>\u011f<\/strong><strong>itim Vakf<\/strong><strong>\u0131<\/strong><strong> (PAGEV) Ba<\/strong><strong>\u015f<\/strong><strong>kan<\/strong><strong>\u0131<\/strong><strong> Yavuz Ero<\/strong><strong>\u011f<\/strong><strong>lu<\/strong>, sekt\u00f6r\u00fcn taleplerini payla\u015farak \u015funlar\u0131 s\u00f6yledi: \u201cT\u00fcrkiye\u2019deki imalat sanayinin toplam elektrik t\u00fcketiminin <strong>% 16,7<\/strong>\u2019si <strong>plastik, petrokimya ve ba\u011flant\u0131l\u0131 sanayi<\/strong>nin \u00fcretimi i\u00e7in kullan\u0131l\u0131yor. \u00dclke ekonomisine en \u00e7ok katk\u0131 sa\u011flayan sekt\u00f6rlerden plastik sanayi di\u011fer t\u00fcm enerji yo\u011fun sekt\u00f6rler gibi <strong>y\u00fcksek enerji maliyetleri<\/strong> kar\u015f\u0131s\u0131nda zorlan\u0131yor. Enerji ve do\u011falgaz fiyatlar\u0131 koronavir\u00fcs salg\u0131n\u0131 \u00f6ncesinde de rekabet\u00e7i olmaktan \u00e7ok uzakt\u0131. Salg\u0131n ile birlikte \u00fcretimini g\u00fc\u00e7l\u00fckle s\u00fcrd\u00fcren <strong>sanayici y\u00fcksek enerji bedellerini<\/strong> \u00f6demekte \u00e7ok zorlan\u0131yor. B\u00f6yle bir s\u00fcre\u00e7te bile \u00fclke ekonomisine ve istihdam\u0131na katk\u0131 sunan sanayici y\u00fcksek faturalarla zor durumda b\u0131rak\u0131lmamal\u0131d\u0131r. <strong>Enerji (Elektrik-Do\u011falgaz)<\/strong>, \u00fcretim yapan sanayicinin en b\u00fcy\u00fck maliyet kalemlerinden birini olu\u015fturuyor. \u0130\u00e7inden ge\u00e7ilen bu zor zamanlarda firmalar bir yandan <strong>yetersiz i\u015fletme sermayeleri, tahsilat g\u00fc\u00e7l\u00fckleri, talep yetersizli\u011fi ve bankalardan krediye ula\u015fma g\u00fc\u00e7l\u00fc\u011f\u00fc<\/strong> ya\u015farken di\u011fer yandan da \u00f6demek zorunda kald\u0131klar\u0131 y\u00fcksek faiz oranlar\u0131n\u0131n bask\u0131s\u0131n\u0131 ta\u015f\u0131yor. \u00dcrettikleri \u00fcr\u00fcnleri ancak <strong>6 aya varan<\/strong> uzun vadelerle satabiliyor; bununla beraber <strong>elektrik bedellerini ayl\u0131k<\/strong> olarak \u00f6d\u00fcyor ve zaten s\u0131n\u0131rl\u0131 olan i\u015fletme sermayelerini daha da zora sokuyorlar. H\u00e2lihaz\u0131rda <strong>petrol fiyatlar\u0131nda tarihi bir d\u00fc\u015f\u00fc\u015f<\/strong> ya\u015fan\u0131yorken \u00fclkemizde de <strong>elektrik ve do\u011falgaz fiyatlar\u0131<\/strong>n\u0131n d\u00fc\u015fmesi gerekiyor. <strong>\u0130\u00e7 ve d\u0131\u015f talebin b\u0131\u00e7ak gibi kesildi\u011fi<\/strong>, \u00f6n\u00fcm\u00fczdeki d\u00f6neme y\u00f6nelik belirsizli\u011fin hakim oldu\u011fu bir ortamda ayakta kalmaya ve istihdam\u0131n\u0131 korumaya \u00e7al\u0131\u015fan sanayicilerin en b\u00fcy\u00fck maliyet kalemini olu\u015fturan <strong>enerjide deste\u011fe<\/strong> ihtiya\u00e7 var. \u00d6ncelikli taleplerimiz ise \u015funlar; Sanayi Sicil Belgesine sahip firmalar i\u00e7in<strong> enerji fiyatlar\u0131nda indirime gidilmesi<\/strong>ni, <strong>enerji faturalar\u0131 \u00f6demelerinin \u00fc\u00e7 ay \u00f6telenmesi<\/strong>ni ve <strong>\u00fc\u00e7 ay boyunca sanayicinin elektrik ve do\u011falgaz\u0131n\u0131n kesilmemesi<\/strong>ni istiyoruz. <strong>Sanayicinin elektri\u011fi kesilirse<\/strong> yava\u015flayan sanayi \u00e7arklar\u0131 durma noktas\u0131na gelir. <strong>Elektri\u011fi, do\u011falgaz\u0131 kesildi\u011fi i\u00e7in<\/strong> \u00fcretim yapamayan sanayici borcunu nas\u0131l \u00f6deyecek.\u201d<\/p>\n<h2><strong>Sanayi elektri<\/strong><strong>\u011f<\/strong><strong>i konut elektri<\/strong><strong>\u011f<\/strong><strong>inden daha pahal<\/strong><strong>\u0131<\/strong><\/h2>\n<p>T\u00fcrkiye\u2019de <strong>elektrik fiyatlar\u0131<\/strong> belirlenirken sanayi elektri\u011finin konutlardaki elektrik bedelinden daha y\u00fcksek tutuldu\u011fu bir politikan\u0131n izlendi\u011fine de\u011finen <strong>Yavuz Ero<\/strong><strong>\u011f<\/strong><strong>lu<\/strong>; \u201cBu akla yatk\u0131n bir politika de\u011fil. Sanayi elektri\u011finin<strong> konuttan ucuz olmas\u0131<\/strong> laz\u0131m ki sanayimiz rekabet\u00e7i olsun, s\u00fcrd\u00fcr\u00fclebilir istihdam yarats\u0131n ve b\u00f6ylece hane halk\u0131 da i\u015fsiz kal\u0131p <strong>elektrik paras\u0131n\u0131 dahi \u00f6deyemez hale<\/strong> gelmesin. Sanayici elektri\u011fe <strong>daha uygun fiyatla ula\u015ft\u0131\u011f\u0131nda<\/strong> bu durum \u00fcretim ve ihracata olumlu yans\u0131yacak, yerli \u00fcretimi g\u00fc\u00e7lendirirken ithalat\u0131n da azalmas\u0131n\u0131 sa\u011flayacakt\u0131r. Daha fazla istihdam, daha \u00e7ok kazan\u00e7, daha \u00e7ok harcama ile birlikte ekonominin \u00e7arklar\u0131 da h\u0131zlanacakt\u0131r. Aksi durumda ise <strong>\u00fclkemiz enerji maliyetlerinin \u00fcretime pozitif yans\u0131d\u0131\u011f\u0131<\/strong> \u00fclkelerden ithalat yapmak durumunda kal\u0131r. Bunun sonucunda da<strong> ihracat azal\u0131r<\/strong>, bir\u00e7ok sanayi tesisi kapan\u0131r,<strong> i\u015fsizlik rakamlar\u0131 artar<\/strong> ve bu da <strong>ekonomik olarak ciddi bir \u00e7\u0131kmaza girmemize<\/strong> yol a\u00e7ar\u201d dedi.<\/p>\n<h2><strong>Sanayici ikiye katlanan YEKDEM bedelinin sene sonuna kadar al<\/strong><strong>\u0131<\/strong><strong>nmamas<\/strong><strong>\u0131<\/strong><strong>n<\/strong><strong>\u0131<\/strong><strong> istiyor.<\/strong><\/h2>\n<h2><strong>Nisan\u2019da \u00fcretim d\u00fc<\/strong><strong>\u015f<\/strong><strong>t<\/strong><strong>\u00fc<\/strong><strong> ama faturalar artt<\/strong><strong>\u0131<\/strong><\/h2>\n<p>Sanayicinin s\u0131rt\u0131ndaki bir di\u011fer y\u00fck\u00fcn YEKDEM nedeniyle <strong>\u00f6denen y\u00fcksek faturalar<\/strong> oldu\u011funu s\u00f6yleyen <strong>Yavuz Ero<\/strong><strong>\u011f<\/strong><strong>lu<\/strong>, \u201c<strong>YEKDEM (Yenilenebilir Enerji Kaynaklar\u0131n\u0131 Destekleme Mekanizmas\u0131)<\/strong> sistemiyle devlet, <strong>yenilenebilir enerji kaynaklar\u0131na dayal\u0131 enerji yat\u0131r\u0131mc\u0131lar\u0131<\/strong>n\u0131, <strong>10 y\u0131l s\u00fcreyle<\/strong> d\u00f6viz baz\u0131nda belirli bir fiyat \u00fczerinden al\u0131m garantisi sunarak destekliyor. Yani bir enerji firmas\u0131 <strong>r\u00fczgar, g\u00fcne\u015f enerjisi, hidroelektrik santral<\/strong> gibi yat\u0131r\u0131mlar yapt\u0131\u011f\u0131nda <strong>devlet 10 sene boyunca<\/strong> d\u00f6viz baz\u0131nda te\u015fvikli fiyatlarla al\u0131m garantisi veriyor. D\u00f6viz baz\u0131ndaki bu y\u00fcksek bedelli al\u0131m garantisinin maliyeti sanayilerin toplam t\u00fcketim miktar\u0131na b\u00f6l\u00fcnerek elektrik fiyat\u0131na ekleniyor. Dolay\u0131s\u0131yla d\u00f6viz fiyatlar\u0131n\u0131n y\u00fckseldi\u011fi ve havan\u0131n g\u00fcne\u015fli, akarsular\u0131n bol, r\u00fczgar\u0131n \u00e7ok esti\u011fi aylarda <strong>sanayicinin o ay \u00f6deyece\u011fi fatura<\/strong> daha da art\u0131yor. \u00dcst\u00fcne \u00fcstl\u00fck \u00f6zellikle salg\u0131n sebebiyle oldu\u011fu gibi <strong>sanayide kapasite ve enerji kullan\u0131m\u0131<\/strong> d\u00fc\u015ferse YEKDEM d\u00fc\u015fmedi\u011finden <strong>sanayicinin elektrik faturalar\u0131 d\u00fc\u015fm\u00fcyor<\/strong> hatta artmaya devam ediyor. Ger\u00e7ekten de bug\u00fcn durma noktas\u0131na gelen sanayi tesisleri \u00e7ok daha az elektrik kullansalar da Nisan ay\u0131ndaki faturalar\u0131n\u0131 incelediklerinde b\u00fcy\u00fck art\u0131\u015flar g\u00f6r\u00fcyorlar. Bu do\u011frultuda <strong>EPDK <\/strong>daha \u00f6nce<strong> 121 TL<\/strong> olarak tahmin etti\u011fi Nisan <strong>2020 YEKDEM birim bedeli t<\/strong>ahminini <strong>228 TL<\/strong> olarak revize etmi\u015f b\u00f6ylelikle <strong>elektrik maliyetleri<\/strong>ndeki YEKDEM kaleminde <strong>y\u00fczde 100<\/strong>\u2019e yak\u0131n astronomik bir art\u0131\u015f olmu\u015ftur. Yani salg\u0131n nedeniyle t\u00fcketilmeyen<strong> elektrik sanayiciye zam<\/strong> olarak geri d\u00f6nd\u00fc. Bir\u00e7ok g\u00fc\u00e7l\u00fckle m\u00fccadele edip ayakta kalmaya \u00e7al\u0131\u015f\u0131rken bir de kullanmad\u0131klar\u0131 elektri\u011fin paras\u0131n\u0131 \u00f6demek durumunda kal\u0131yorlar. Devletimizin <strong>yenilebilir enerji \u00fcretimini te\u015fvik etmek<\/strong> i\u00e7in uygulad\u0131\u011f\u0131 <strong>YEKDEM tarifesi<\/strong> ve olu\u015fturdu\u011fu form\u00fcl ya\u015fad\u0131\u011f\u0131m\u0131z ekonomik s\u00fcre\u00e7te sanayiciler \u00fczerine \u00f6ng\u00f6r\u00fclemez ve b\u00fcy\u00fck maliyet y\u00fck\u00fc olu\u015fturuyor. En az\u0131ndan sene sonuna kadar sanayicilerden <strong>YEKDEM bedeli al\u0131nmamas\u0131<\/strong> b\u00fcy\u00fck bir sorunu ortadan kald\u0131racakt\u0131r\u201d diye konu\u015ftu.<\/p>\n<h2><strong>Elektrikteki her % 1 d\u00fc<\/strong><strong>\u015f<\/strong><strong>\u00fc<\/strong><strong>\u015f<\/strong><strong>\u00a0%<\/strong><strong>\u00a00,3 ekstra istihdam demek<\/strong><\/h2>\n<p><strong>PAGEV Y\u00f6netim Kurulu Ba<\/strong><strong>\u015f<\/strong><strong>kan<\/strong><strong>\u0131<\/strong><strong> Yavuz Ero<\/strong><strong>\u011f<\/strong><strong>lu<\/strong>, <strong>elektrik fiyatlar\u0131<\/strong> ile <strong>yat\u0131r\u0131m ve istihdam<\/strong> aras\u0131nda do\u011frudan bir ili\u015fki oldu\u011funu dile getirerek \u015fu rakamlar\u0131 verdi: \u201cBel\u00e7ika\u2019da 2018 y\u0131l\u0131nda Leuven \u00dcniversitesinin yapt\u0131\u011f\u0131 <strong>\u201cElektrik Fiyatlar\u0131n\u0131n \u0130malat Sanayine Etkileri\u201d raporu<\/strong>nda, <strong>elektrik fiyatlar\u0131 ile yat\u0131r\u0131mlar ve istihdam<\/strong> aras\u0131nda bir ekonomik model olu\u015fturulmu\u015ftur. Bu modele g\u00f6re elektrik fiyatlar\u0131ndaki <strong>y\u00fczde 1\u2019lik<\/strong> bir d\u00fc\u015f\u00fc\u015f (di\u011fer t\u00fcm ko\u015fullar ayn\u0131 kalmak \u015fart\u0131yla) <strong>y\u00fczde 0.30<\/strong> ekstra istihdam yarat\u0131rken <strong>y\u00fczde 0.55 ekstra imalat<\/strong> yat\u0131r\u0131m\u0131na sebep oluyor. Sanayide <strong>5,4 milyon ki\u015fi istihdam<\/strong> edildi\u011fi d\u00fc\u015f\u00fcn\u00fcl\u00fcrse d\u00f6viz baz\u0131nda <strong>y\u00fczde 10\u2019luk<\/strong> bir art\u0131\u015f, <strong>y\u00fczde 3\u2019l\u00fck<\/strong> bir istihdam kayb\u0131 ve <strong>y\u00fczde 5,5\u2019lik<\/strong> bir yat\u0131r\u0131m kayb\u0131 anlam\u0131na geliyor. Bu veriler de g\u00f6steriyor ki <strong>sanayi elektri\u011fi fiyatland\u0131r\u0131l\u0131rken<\/strong> \u00fclkeler aras\u0131 <strong>enerji fiyatlar\u0131n\u0131n takibi<\/strong>, ki\u015fi ba\u015f\u0131 <strong>GSMH ile elektrik fiyatlar\u0131<\/strong> <strong>korelasyonu<\/strong> hesaba kat\u0131lmal\u0131d\u0131r. \u00d6zellikle enerjiyi yo\u011fun kullanan <strong>demir, \u00e7elik ve kimya gibi sanayilerle ilgili enerji fiyatlar\u0131<\/strong> belirlenirken e<strong>tki ve rekabet analizleri yap\u0131lmadan<\/strong> dramatik art\u0131\u015flara gidilmemesi gerekiyor. \u00c7ok d\u00fc\u015f\u00fck marjlarla \u00e7al\u0131\u015fan sanayi kurulu\u015flar\u0131 enerji fiyatlar\u0131ndaki bu t\u00fcr b\u00fcy\u00fck art\u0131\u015flardan olumsuz etkilenmekte ve \u00f6zellikle yurti\u00e7inde <strong>enerjiyi yo\u011fun kullanmayan<\/strong> sekt\u00f6rlerin <strong>alternatif \u00fcr\u00fcnlerine<\/strong> g\u00f6re <strong>pahal\u0131 duruma d\u00fc\u015f\u00fcp<\/strong> pazar kaybetmektedir.\u201d<\/p>\n<p><strong>Yavuz Ero<\/strong><strong>\u011f<\/strong><strong>lu<\/strong>; \u201cT\u00fcrkiye\u2019nin <strong>\u00fcreten g\u00fcc\u00fc<\/strong> sanayiciler ile <strong>sivil toplum kurulu\u015flar\u0131<\/strong> olarak bu sorunu <strong>kamunun<\/strong> ve <strong>kamuoyunun g\u00fcndemine<\/strong> getirerek taleplerimizi iletmek, \u00e7\u00f6z\u00fcm\u00fcn takip\u00e7isi olmak g\u00f6revimizdir. Biz de bu konuda \u00fczerimize d\u00fc\u015feni yapmakta kararl\u0131y\u0131z\u201d \u015feklinde a\u00e7\u0131klamalarda bulundu.<\/p>","protected":false},"excerpt":{"rendered":"<p>Sorry, this entry is only available in Turkish. For the sake of viewer convenience, the content is shown below in the alternative language. You may click the link to switch the active language. Sanayide \u00e7arklar\u0131n yava\u015flad\u0131\u011f\u0131 koronavir\u00fcs salg\u0131n\u0131 s\u00fcrecinde \u00fclke ekonomisini ayakta tutmak i\u00e7in var g\u00fcc\u00fcyle \u00e7al\u0131\u015fan sanayiciler y\u00fcksek elektrik fiyatlar\u0131n\u0131n alt\u0131nda eziliyor. Avrupa Birli\u011fi [&hellip;]<\/p>\n","protected":false},"author":1,"featured_media":113514,"comment_status":"open","ping_status":"open","sticky":false,"template":"","format":"standard","meta":[],"categories":[46,51,53,49,50],"tags":[1363,71869,71497,52259,18511,59489,69696,27727,347,54979,52802,40655,58837,50932,71870,68460,2153],"views":170,"_links":{"self":[{"href":"https:\/\/www.enerjigazetesi.ist\/en\/wp-json\/wp\/v2\/posts\/113512"}],"collection":[{"href":"https:\/\/www.enerjigazetesi.ist\/en\/wp-json\/wp\/v2\/posts"}],"about":[{"href":"https:\/\/www.enerjigazetesi.ist\/en\/wp-json\/wp\/v2\/types\/post"}],"author":[{"embeddable":true,"href":"https:\/\/www.enerjigazetesi.ist\/en\/wp-json\/wp\/v2\/users\/1"}],"replies":[{"embeddable":true,"href":"https:\/\/www.enerjigazetesi.ist\/en\/wp-json\/wp\/v2\/comments?post=113512"}],"version-history":[{"count":0,"href":"https:\/\/www.enerjigazetesi.ist\/en\/wp-json\/wp\/v2\/posts\/113512\/revisions"}],"wp:featuredmedia":[{"embeddable":true,"href":"https:\/\/www.enerjigazetesi.ist\/en\/wp-json\/wp\/v2\/media\/113514"}],"wp:attachment":[{"href":"https:\/\/www.enerjigazetesi.ist\/en\/wp-json\/wp\/v2\/media?parent=113512"}],"wp:term":[{"taxonomy":"category","embeddable":true,"href":"https:\/\/www.enerjigazetesi.ist\/en\/wp-json\/wp\/v2\/categories?post=113512"},{"taxonomy":"post_tag","embeddable":true,"href":"https:\/\/www.enerjigazetesi.ist\/en\/wp-json\/wp\/v2\/tags?post=113512"}],"curies":[{"name":"wp","href":"https:\/\/api.w.org\/{rel}","templated":true}]}}