{"id":1132,"date":"2012-07-29T06:00:07","date_gmt":"2012-07-29T03:00:07","guid":{"rendered":"https:\/\/www.enerjigazetesi.ist\/?p=1132"},"modified":"2012-07-30T13:46:22","modified_gmt":"2012-07-30T10:46:22","slug":"turkcell-maxipro5-yuksek-performans-uygun-fiyat","status":"publish","type":"post","link":"https:\/\/www.enerjigazetesi.ist\/en\/turkcell-maxipro5-yuksek-performans-uygun-fiyat\/","title":{"rendered":"(Turkish) Turkcell MaxiPRO5: Y\u00fcksek Performans, Uygun Fiyat"},"content":{"rendered":"<p class=\"qtranxs-available-languages-message qtranxs-available-languages-message-en\">Sorry, this entry is only available in <a href=\"https:\/\/www.enerjigazetesi.ist\/tr\/wp-json\/wp\/v2\/posts\/1132\" class=\"qtranxs-available-language-link qtranxs-available-language-link-tr\" title=\"Turkish\">Turkish<\/a>. For the sake of viewer convenience, the content is shown below in the alternative language. You may click the link to switch the active language.<\/p><p><\/p>\n<p style=\"text-align: left;\" align=\"center\"><strong>Turkcell\u2019den profesyoneller i\u00e7in hem \u00e7al\u0131\u015fkan hem sosyal telefon: MaxiPRO<sup>5 <\/sup><\/strong><\/p>\n<p style=\"text-align: left;\" align=\"center\"><strong>Kendi markas\u0131n\u0131 ta\u015f\u0131yan ak\u0131ll\u0131 telefonlarla T\u00fcrkiye\u2019de yar\u0131m milyonluk sat\u0131\u015f rakam\u0131na ula\u015fan Turkcell, bu kez<img loading=\"lazy\" class=\"alignright size-medium wp-image-1133\" title=\"turkcell-maxi-pro\" src=\"https:\/\/www.enerjigazetesi.ist\/wp-content\/uploads\/2012\/07\/turkcell-maxi-pro-300x298.jpg\" alt=\"\" width=\"300\" height=\"298\" srcset=\"https:\/\/www.enerjigazetesi.ist\/wp-content\/uploads\/2012\/07\/turkcell-maxi-pro-300x298.jpg 300w, https:\/\/www.enerjigazetesi.ist\/wp-content\/uploads\/2012\/07\/turkcell-maxi-pro-150x150.jpg 150w, https:\/\/www.enerjigazetesi.ist\/wp-content\/uploads\/2012\/07\/turkcell-maxi-pro-1024x1017.jpg 1024w, https:\/\/www.enerjigazetesi.ist\/wp-content\/uploads\/2012\/07\/turkcell-maxi-pro-402x400.jpg 402w, https:\/\/www.enerjigazetesi.ist\/wp-content\/uploads\/2012\/07\/turkcell-maxi-pro-50x50.jpg 50w, https:\/\/www.enerjigazetesi.ist\/wp-content\/uploads\/2012\/07\/turkcell-maxi-pro.jpg 1500w\" sizes=\"(max-width: 300px) 100vw, 300px\" \/> Turkcell MaxiPRO<sup>5 <\/sup>ile i\u015f d\u00fcnyas\u0131na ad\u0131m att\u0131. T serisinin en y\u00fcksek performansl\u0131s\u0131 olan MaxiPRO<sup>5<\/sup>, tek telefonda kurumsal ve bireysel kullan\u0131m profili olu\u015fturmay\u0131 sa\u011flayan \u0130\u015fim\/\u00d6zelim uygulamas\u0131yla da T\u00fcrkiye\u2019de bir ilke imza at\u0131yor<\/strong><\/p>\n<p style=\"text-align: left;\">T\u00fcrkiye\u2019nin lider ileti\u015fim ve teknoloji \u015firketi Turkcell, kendi markas\u0131n\u0131 ta\u015f\u0131yan yeni ak\u0131ll\u0131 telefonu <strong>Turkcell MaxiPRO<sup>5<\/sup><\/strong>\u2019i m\u00fc\u015fterilerine sundu. K\u0131sa bir s\u00fcre \u00f6nce \u201cherkesi ak\u0131ll\u0131 telefona terfi ettirmek\u201d hedefiyle Turkcell MaxiPLUS<sup>5<\/sup>\u2019i piyasaya s\u00fcren Turkcell, MaxiPRO<sup>5<\/sup> ile bu kez i\u015f d\u00fcnyas\u0131na ad\u0131m at\u0131yor. Profesyoneller i\u00e7in ayn\u0131 telefonda iki ayr\u0131 kullan\u0131m profili sunan <strong>Turkcell MaxiPRO<sup>5<\/sup>, <\/strong>teknik \u00f6zellikleri ve <strong>Turkcell Teknoloji<\/strong> m\u00fchendislerinin geli\u015ftirdi\u011fi ak\u0131ll\u0131 uygulamalar\u0131yla bug\u00fcne kadar \u00fcretilen T serisi cihazlar\u0131n en iyisi.<\/p>\n<p style=\"text-align: left;\"><strong>4.0 in\u00e7lik daha b\u00fcy\u00fck ekran, 8 MP HD kamera<\/strong><\/p>\n<p style=\"text-align: left;\"><strong>Turkcell MaxiPRO<sup>5<\/sup><\/strong>, bir ak\u0131ll\u0131 telefondan beklenen t\u00fcm \u00f6zellikleri i\u00e7inde bar\u0131nd\u0131r\u0131yor. <strong>En yeni Android i\u015fletim sistemi<\/strong> (4.0 \u2013 T\u00fcrk\u00e7e) ile kullan\u0131c\u0131 deneyimini zenginle\u015ftiren cihaz, <strong>4.0 in\u00e7lik hassas dokunmatik ekran<\/strong>a ve LTPS TFT teknolojisi sayesinde daha parlak ve net ekran g\u00f6r\u00fcnt\u00fcs\u00fcne sahip. Huawei i\u015fbirli\u011fiyle geli\u015ftirilen Turkcell MaxiPRO<sup>5<\/sup>,<sup>\u00a0 <\/sup><strong>1.4 GHz\u2019lik Qualcomm i\u015flemcisiyle<\/strong> telefondaki t\u00fcm uygulamalar\u0131n ve \u00f6zelliklerin h\u0131zl\u0131 ve kolay kullan\u0131m\u0131n\u0131 sa\u011fl\u0131yor. Turkcell MaxiPRO<sup>5<\/sup>\u2019in 1900 miliamperlik bataryas\u0131, <strong>3G\u2019de yakla\u015f\u0131k -380 saate varan bekleme ve yakla\u015f\u0131k 400 dakikaya varan konu\u015fma<\/strong> olana\u011f\u0131 sa\u011fl\u0131yor. <strong>8 <\/strong><strong>megapiksel otomatik odaklanmal\u0131 kameras\u0131<\/strong>, HDR \u00f6zelli\u011fi ve 4x dijital zoom ile \u00e7ok daha iyi bir foto\u011fraf ve video deneyimi sunan Turkcell MaxiPRO<sup>5<\/sup>,<sup> \u00a0<\/sup>dahili \u00a0512MB RAM ve 4GB\u2019lik ROM\u2019a sahip ve harici haf\u0131zas\u0131 32GB\u2019\u0131 destekliyor. Cihaz, <strong>dahili NFC <\/strong>\u00f6zelli\u011fiyle ve <strong>T\u00fcrk\u00e7e F klavye deste\u011fiyle <\/strong>geliyor.<\/p>\n<p style=\"text-align: left;\">Kurumsal hat sahibi Turkcell\u2019li profesyoneller, T serinin i\u015f d\u00fcnyas\u0131na \u00f6zel yeni \u00fcyesi Turkcell MaxiPRO<sup>5<\/sup>\u2019e 24 ay boyunca <strong>tarifeye ek<\/strong> <strong>ayda 19,90 ile 29 TL aras\u0131nda fiyatlarla s<\/strong>ahip olabilecek. Bireysel fatural\u0131 hat sahipleri de kampanyal\u0131 tarifelerden birine abone olduklar\u0131 takdirde 24 ay boyunca <strong>tarifeye ek<\/strong> <strong>ayda 25 ile 40 TLaras\u0131nda fiyatlarla <\/strong>Turkcell MaxiPRO<sup>5<\/sup>\u2019ya terfi edebilecek. Dileyenler, Turkcell MaxiPRO<sup>5<\/sup>\u2019e <strong>849TL pe\u015fin<\/strong> fiyat\u0131yla da sahip olabilecek. Ayr\u0131ca fatural\u0131 Turkcell\u2019liler, MaxiPRO<sup>5<\/sup>\u2019i\u00a0\u201cinterneti i\u00e7inde\u201d se\u00e7ene\u011fiyle de alabiliyor: Cihaz\u0131n 24 ay boyunca 250 MB internetle beraber fiyat\u0131, ayda 51 TL.<br \/>\n<strong><\/strong><\/p>\n<p>&nbsp;<\/p>\n<p style=\"text-align: left;\"><strong>Selen Kocaba\u015f: Turkcell MaxiPRO<sup>5<\/sup>, \u2018i\u015finize gelecek\u2019<\/strong><\/p>\n<p style=\"text-align: left;\">Konuya ili\u015fkin bir a\u00e7\u0131klama yapan <strong>Turkcell Kurumsal Pazarlama ve Sat\u0131\u015ftan Sorumlu Genel M\u00fcd\u00fcr Yard\u0131mc\u0131s\u0131 Selen Kocaba\u015f, <\/strong>Turkcell MaxiPRO<sup>5<\/sup> ile i\u015f d\u00fcnyas\u0131na yeni bir soluk getireceklerini belirterek \u015funlar\u0131 s\u00f6yledi:<\/p>\n<p style=\"text-align: left;\">\u201cTurkcell markas\u0131 ve g\u00fcvencesiyle m\u00fc\u015fterilerimize sundu\u011fumuz ak\u0131ll\u0131 telefonlarla bug\u00fcne dek yar\u0131m milyon ki\u015finin hayat\u0131n\u0131 de\u011fi\u015ftirdik. Turkcell MaxiPRO<sup>5\u00a0 <\/sup>ile bu kez i\u015f hayat\u0131na y\u00f6neliyor ve \u2018i\u015fini bilen\u2019 m\u00fc\u015fterilerimizin kar\u015f\u0131s\u0131na tam bir profesyonelle \u00e7\u0131k\u0131yoruz. D\u00f6rt d\u00f6rtl\u00fck bir ak\u0131ll\u0131 telefon deneyimini en uygun fiyat ve ko\u015fullarla sa\u011flayan MaxiPRO<sup>5 <\/sup>, bu benzersiz kombinasyonla t\u00fcm profesyonellerin \u2018i\u015fine gelecek\u2019. Ya da bir ba\u015fka deyi\u015fle, i\u015finize gelece\u011fin teknolojisiyle yeni bir soluk getirecek. T\u00fcrkiye\u2019de bir ilk olan \u0130\u015fim\/\u00d6zelim uygulamas\u0131 sayesinde i\u015f ve \u00f6zel hayat\u0131n\u0131z\u0131 ayn\u0131 platformdan y\u00f6netebilecek, \u2018hem \u00e7al\u0131\u015fkan, hem sosyal\u2019 telefonunuzla ikisinden de taviz vermek zorunda kalmayacaks\u0131n\u0131z.\u201d<\/p>\n<p style=\"text-align: left;\"><strong>T\u00fcrkiye\u2019de bir ilk: \u0130\u015fim\/\u00d6zelim<\/strong><\/p>\n<p style=\"text-align: left;\"><strong>T\u00fcrkiye\u2019de ilk defa,<\/strong> telefonun i\u00e7inde gelen <strong>\u0130\u015fim\/\u00d6zelim <\/strong>\u00a0uygulamas\u0131 sayesinde Turkcell kurumsal hat kullan\u0131c\u0131lar\u0131, tek bir hat \u00fczerinden MaxiPRO<sup>5<\/sup>te bireysel ve kurumsal olmak \u00fczere 2 ayr\u0131 profil yaratarak i\u015f ve \u00f6zel bilgilerini birbirinden tamamen ay\u0131rabiliyor. Kurumsal profilde, kurumsal e-posta, kurumsal rehber kontaklar\u0131, kurumsal mesajla\u015fma gibi uygulamalar ile bilgiler g\u00fcvenli alanda tutulabiliyor. Bireysel profilde ise tamamen \u00f6zg\u00fcr olup bu alanda her t\u00fcrl\u00fc veri ileti\u015fiminde bulunmak m\u00fcmk\u00fcn. \u0130\u015fim\/\u00d6zelim, \u015firketin kurumsal g\u00fcvenlik politikalar<strong>\u0131<\/strong>ndan \u00f6d\u00fcn vermeden kullan\u0131c\u0131lar\u0131 bireysel profilde \u00f6zg\u00fcr b\u0131rak\u0131yor.\u00a0 Bireysel hat kullan\u0131c\u0131lar\u0131 da dilerse herhangi bir ek \u00fccret \u00f6demeden \u0130\u015fim\/\u00d6zelim sayesinde tek bir hat \u00fczerinden telefonlar\u0131nda iki ayr\u0131 profil yaratabiliyor.<\/p>\n<p style=\"text-align: left;\"><strong>MaxiPRO<sup>5<\/sup><\/strong> <strong>ile asistan\u0131n\u0131z cebinizde<br \/>\n<\/strong>Turkcell MaxiPRO<sup>5<\/sup> kullan\u0131c\u0131s\u0131 profesyoneller, <strong>Mobil Asistan <\/strong>uygulamas\u0131 ile asistanlar\u0131n\u0131 daima ceplerinde ta\u015f\u0131yor. Mobil Asistan, fatura bilgileri, kalan bakiyeniz, hava durumu ve en yak\u0131n eczane gibi gibi sorular\u0131n\u0131za yan\u0131t veriyor. \u00dcstelik siz sesli olarak soruyorsunuz sizin i\u00e7in ara\u015ft\u0131r\u0131yor, buluyor ve sesli olarak yan\u0131tl\u0131yor.<\/p>\n<p style=\"text-align: left;\"><strong>Ak\u0131ll\u0131 Cevap<\/strong> uygulamas\u0131 da i\u015f hayat\u0131nda al\u0131\u015f\u0131lm\u0131\u015f protokolleri de\u011fi\u015ftirmeye aday. Ak\u0131ll\u0131 Cevap ile telefonu ters \u00e7evirerek sessize alabilir ve arayan ki\u015fiye \u00f6nceden belirledi\u011finiz mesaj\u0131 iletebilir, tekrar d\u00fcz \u00e7evirdi\u011finizde ayarlar\u0131n\u0131z\u0131 eski haline \u00e7evirebilir ve size gelen aramay\u0131 herhangi bir tu\u015fa basmadan sadece kula\u011f\u0131n\u0131za g\u00f6t\u00fcrerek a\u00e7abilirsiniz.<strong><\/strong><\/p>\n<p style=\"text-align: left;\"><strong>\u0130\u015fler yolunda gitsin diye<br \/>\n<\/strong>Turkcell, \u00e7al\u0131\u015fanlar\u0131n ihtiya\u00e7lar\u0131n\u0131 temel alarak pek \u00e7ok uygulamay\u0131 cihaza y\u00fckl\u00fc \u015fekilde sunuyor. \u00d6rne\u011fin <strong>Turkcell YolBilgisi <\/strong>uygulamas\u0131, istedi\u011finiz adrese en k\u0131sa zamanda, en do\u011fru g\u00fczergahtan gitmenizi sa\u011fl\u0131yor. \u00a0<strong>Turkcell Cep-T C\u00fczdan <\/strong>cep telefonunuzu bir mobil c\u00fczdana d\u00f6n\u00fc\u015ft\u00fcr\u00fcyor; al\u0131\u015fveri\u015flerinizde ve KGS ge\u00e7i\u015flerinde cep telefonunuzu kullanabiliyorsunuz. S\u0131k seyahat eden profesyoneller, <strong>Turkcell Seyahat<\/strong> uygulamas\u0131 ile u\u00e7ak rezervasyonu, bilet i\u015flemleri, hava durumu, saat farklar\u0131 gibi bir\u00e7ok bilgiye kolayca<\/p>\n<p style=\"text-align: left;\">\u00a0<\/p>\n<p style=\"text-align: left;\">eri\u015febiliyorlar. <strong>Matriks Mobile <\/strong>uygulamas\u0131 ise borsay\u0131 ve d\u00f6viz kurlar\u0131n\u0131 takip edebilmenizi sa\u011fl\u0131yor.<\/p>\n<p style=\"text-align: left;\"><strong>Hem \u00e7al\u0131\u015fkan hem sosyal<\/strong><\/p>\n<p style=\"text-align: left;\">Turkcell MaxiPRO<sup>5<\/sup>, i\u015f hayat\u0131n\u0131 kolayla\u015ft\u0131ran \u2018\u00e7al\u0131\u015fkan\u2019 \u00f6zelliklerinin yan\u0131nda sosyalli\u011fe de b\u00fcy\u00fck \u00f6nem veriyor. Facebook, Twitter, LinkedIn, YouTube gibi uygulamalar, hayat\u0131n i\u015ften \u00e7ok daha fazlas\u0131 oldu\u011funu bilenlere nefes alacak alanlar yarat\u0131yor. Daha fazlas\u0131n\u0131 isteyenler i\u00e7in Turkcell M\u00fczik, Turkcell TV, Turkcell Video, Gtalk gibi pek \u00e7ok uygulama da \u00a0Turkcell MaxiPRO<sup>5 <\/sup>deneyimini zenginle\u015ftiriyor.<\/p>\n<p><strong><span style=\"text-decoration: underline;\">Turkcell MaxiPRO<sup>5<\/sup> Teknik \u00d6zellikler:<\/span><\/strong><\/p>\n<table width=\"417\" border=\"0\" cellspacing=\"0\" cellpadding=\"0\">\n<tbody>\n<tr>\n<td width=\"135\">\n<p align=\"center\"><strong>GSM Band Deste\u011fi<\/strong><\/p>\n<\/td>\n<td width=\"283\">GSM 900\/1800\/1900\u00a0\u00a0<br \/>\nUMTS 900\/2100<\/td>\n<\/tr>\n<tr>\n<td valign=\"bottom\" nowrap=\"nowrap\" width=\"135\">\n<p align=\"center\"><strong>Boyutlar<\/strong><\/p>\n<\/td>\n<td valign=\"bottom\" nowrap=\"nowrap\" width=\"283\">121&#215;61.5&#215;11.1mm<\/td>\n<\/tr>\n<tr>\n<td valign=\"bottom\" nowrap=\"nowrap\" width=\"135\">\n<p align=\"center\"><strong>A\u011f\u0131rl\u0131k <\/strong><\/p>\n<\/td>\n<td valign=\"bottom\" nowrap=\"nowrap\" width=\"283\">140 gr<\/td>\n<\/tr>\n<tr>\n<td valign=\"bottom\" nowrap=\"nowrap\" width=\"135\">\n<p align=\"center\"><strong>Ekran Tipi<\/strong><\/p>\n<\/td>\n<td valign=\"bottom\" nowrap=\"nowrap\" width=\"283\">LTPS-TFT kapasitif dokunmatik ekran<\/td>\n<\/tr>\n<tr>\n<td valign=\"bottom\" nowrap=\"nowrap\" width=\"135\">\n<p align=\"center\"><strong>Ekran Boyutlar\u0131 <\/strong><\/p>\n<\/td>\n<td valign=\"bottom\" nowrap=\"nowrap\" width=\"283\">4.0 in\u00e7, 854*480 piksel<\/td>\n<\/tr>\n<tr>\n<td valign=\"bottom\" nowrap=\"nowrap\" width=\"135\">\n<p align=\"center\"><strong>Dahili Haf\u0131za<\/strong><\/p>\n<\/td>\n<td valign=\"bottom\" nowrap=\"nowrap\" width=\"283\">512MB RAM , 4GB ROM<\/td>\n<\/tr>\n<tr>\n<td valign=\"bottom\" nowrap=\"nowrap\" width=\"135\">\n<p align=\"center\"><strong>Harici Haf\u0131za Deste\u011fi<\/strong><\/p>\n<\/td>\n<td valign=\"bottom\" nowrap=\"nowrap\" width=\"283\">32GB&#8217;a kadar destekleniyor<\/td>\n<\/tr>\n<tr>\n<td valign=\"bottom\" nowrap=\"nowrap\" width=\"135\">\n<p align=\"center\"><strong>Kart Yuvas\u0131 <\/strong><\/p>\n<\/td>\n<td valign=\"bottom\" nowrap=\"nowrap\" width=\"283\">MicroSD<\/td>\n<\/tr>\n<tr>\n<td valign=\"bottom\" nowrap=\"nowrap\" width=\"135\">\n<p align=\"center\"><strong>3G<\/strong><\/p>\n<\/td>\n<td valign=\"bottom\" nowrap=\"nowrap\" width=\"283\">HSDPA 14.4 Mbps, HSUPA 5.76 Mbps<\/td>\n<\/tr>\n<tr>\n<td valign=\"bottom\" nowrap=\"nowrap\" width=\"135\">\n<p align=\"center\"><strong>WLAN<\/strong><\/p>\n<\/td>\n<td valign=\"bottom\" nowrap=\"nowrap\" width=\"283\">802.11 b\/g\/n<\/td>\n<\/tr>\n<tr>\n<td valign=\"bottom\" nowrap=\"nowrap\" width=\"135\">\n<p align=\"center\"><strong>Bluetooth<\/strong><\/p>\n<\/td>\n<td valign=\"bottom\" nowrap=\"nowrap\" width=\"283\">Var<\/td>\n<\/tr>\n<tr>\n<td valign=\"bottom\" nowrap=\"nowrap\" width=\"135\">\n<p align=\"center\"><strong>Kamera <\/strong><\/p>\n<\/td>\n<td valign=\"bottom\" nowrap=\"nowrap\" width=\"283\">8 MP AF (HDR \u00f6zelli\u011fi ve\u00a0 4x dijital zoom ile)<\/td>\n<\/tr>\n<tr>\n<td valign=\"bottom\" nowrap=\"nowrap\" width=\"135\">\n<p align=\"center\"><strong>Video<\/strong><\/p>\n<\/td>\n<td valign=\"bottom\" nowrap=\"nowrap\" width=\"283\">Var\u00a0 (720P, max 30 fps)<\/td>\n<\/tr>\n<tr>\n<td valign=\"bottom\" nowrap=\"nowrap\" width=\"135\">\n<p align=\"center\"><strong>2. Kamera <\/strong><\/p>\n<\/td>\n<td valign=\"bottom\" nowrap=\"nowrap\" width=\"283\">O.3 MP<\/td>\n<\/tr>\n<tr>\n<td valign=\"bottom\" nowrap=\"nowrap\" width=\"135\">\n<p align=\"center\"><strong>\u0130\u015fletim Sistemi <\/strong><\/p>\n<\/td>\n<td valign=\"bottom\" nowrap=\"nowrap\" width=\"283\">Android OS, 4.0 (Ice Cream Sandwich)<\/td>\n<\/tr>\n<tr>\n<td valign=\"bottom\" nowrap=\"nowrap\" width=\"135\">\n<p align=\"center\"><strong>\u0130\u015flemci<\/strong><\/p>\n<\/td>\n<td valign=\"bottom\" nowrap=\"nowrap\" width=\"283\">Qualcomm\u00ae MSM8255T 1.4 GHz<\/td>\n<\/tr>\n<tr>\n<td valign=\"bottom\" nowrap=\"nowrap\" width=\"135\">\n<p align=\"center\"><strong>Radyo<\/strong><\/p>\n<\/td>\n<td valign=\"bottom\" nowrap=\"nowrap\" width=\"283\">Yok<\/td>\n<\/tr>\n<tr>\n<td valign=\"bottom\" nowrap=\"nowrap\" width=\"135\">\n<p align=\"center\"><strong>GPS<\/strong><\/p>\n<\/td>\n<td valign=\"bottom\" nowrap=\"nowrap\" width=\"283\">Var<\/td>\n<\/tr>\n<tr>\n<td valign=\"bottom\" nowrap=\"nowrap\" width=\"135\">\n<p align=\"center\"><strong>Pil <\/strong><\/p>\n<\/td>\n<td width=\"283\">Standart Pil, Li-Ion 1900 mAh<\/td>\n<\/tr>\n<tr>\n<td valign=\"bottom\" nowrap=\"nowrap\" width=\"135\">\n<p align=\"center\"><strong>Bekleme S\u00fcresi <\/strong><\/p>\n<\/td>\n<td width=\"283\">380saate varan<\/td>\n<\/tr>\n<tr>\n<td valign=\"bottom\" nowrap=\"nowrap\" width=\"135\">\n<p align=\"center\"><strong>Konu\u015fma S\u00fcresi<\/strong><\/p>\n<\/td>\n<td width=\"283\">400 dk&#8217;ya varan<\/td>\n<\/tr>\n<tr>\n<td valign=\"bottom\" nowrap=\"nowrap\" width=\"135\">\n<p align=\"center\"><strong>Kutu \u0130\u00e7eri\u011fi<\/strong><\/p>\n<\/td>\n<td valign=\"bottom\" width=\"283\">4 GB SD Kart<br \/>\nMicro USB \u015farj aleti<br \/>\nKullan\u0131c\u0131 K\u0131lavuzlar\u0131<br \/>\nPil<br \/>\nKulakl\u0131k<\/td>\n<\/tr>\n<\/tbody>\n<\/table>\n<p>\u00a0Kaynak: <a href=\"https:\/\/www.enerjigazetesi.ist\" target=\"_blank\">EnerjiGazetesi<\/a><\/p>","protected":false},"excerpt":{"rendered":"<p>Sorry, this entry is only available in Turkish. For the sake of viewer convenience, the content is shown below in the alternative language. You may click the link to switch the active language. Turkcell\u2019den profesyoneller i\u00e7in hem \u00e7al\u0131\u015fkan hem sosyal telefon: MaxiPRO5 Kendi markas\u0131n\u0131 ta\u015f\u0131yan ak\u0131ll\u0131 telefonlarla T\u00fcrkiye\u2019de yar\u0131m milyonluk sat\u0131\u015f rakam\u0131na ula\u015fan Turkcell, bu [&hellip;]<\/p>\n","protected":false},"author":1,"featured_media":1133,"comment_status":"open","ping_status":"open","sticky":false,"template":"","format":"standard","meta":[],"categories":[157],"tags":[196,194,197,193,195],"views":1204,"_links":{"self":[{"href":"https:\/\/www.enerjigazetesi.ist\/en\/wp-json\/wp\/v2\/posts\/1132"}],"collection":[{"href":"https:\/\/www.enerjigazetesi.ist\/en\/wp-json\/wp\/v2\/posts"}],"about":[{"href":"https:\/\/www.enerjigazetesi.ist\/en\/wp-json\/wp\/v2\/types\/post"}],"author":[{"embeddable":true,"href":"https:\/\/www.enerjigazetesi.ist\/en\/wp-json\/wp\/v2\/users\/1"}],"replies":[{"embeddable":true,"href":"https:\/\/www.enerjigazetesi.ist\/en\/wp-json\/wp\/v2\/comments?post=1132"}],"version-history":[{"count":5,"href":"https:\/\/www.enerjigazetesi.ist\/en\/wp-json\/wp\/v2\/posts\/1132\/revisions"}],"predecessor-version":[{"id":1141,"href":"https:\/\/www.enerjigazetesi.ist\/en\/wp-json\/wp\/v2\/posts\/1132\/revisions\/1141"}],"wp:featuredmedia":[{"embeddable":true,"href":"https:\/\/www.enerjigazetesi.ist\/en\/wp-json\/wp\/v2\/media\/1133"}],"wp:attachment":[{"href":"https:\/\/www.enerjigazetesi.ist\/en\/wp-json\/wp\/v2\/media?parent=1132"}],"wp:term":[{"taxonomy":"category","embeddable":true,"href":"https:\/\/www.enerjigazetesi.ist\/en\/wp-json\/wp\/v2\/categories?post=1132"},{"taxonomy":"post_tag","embeddable":true,"href":"https:\/\/www.enerjigazetesi.ist\/en\/wp-json\/wp\/v2\/tags?post=1132"}],"curies":[{"name":"wp","href":"https:\/\/api.w.org\/{rel}","templated":true}]}}