{"id":113199,"date":"2020-05-08T17:27:57","date_gmt":"2020-05-08T14:27:57","guid":{"rendered":"https:\/\/www.enerjigazetesi.ist\/?p=113199"},"modified":"2020-05-08T17:33:00","modified_gmt":"2020-05-08T14:33:00","slug":"portekiz-nisanda-komurden-elektrik-uretmedi","status":"publish","type":"post","link":"https:\/\/www.enerjigazetesi.ist\/en\/portekiz-nisanda-komurden-elektrik-uretmedi\/","title":{"rendered":"(Turkish) &#8217;Portekiz&#8217; Nisan&#8217;da K\u00f6m\u00fcrden Elektrik \u00dcretmedi"},"content":{"rendered":"<p class=\"qtranxs-available-languages-message qtranxs-available-languages-message-en\">Sorry, this entry is only available in <a href=\"https:\/\/www.enerjigazetesi.ist\/tr\/wp-json\/wp\/v2\/posts\/113199\" class=\"qtranxs-available-language-link qtranxs-available-language-link-tr\" title=\"Turkish\">Turkish<\/a>. For the sake of viewer convenience, the content is shown below in the alternative language. You may click the link to switch the active language.<\/p><p><\/p>\n<h1>Portekiz\u00a0elektrik idaresi Redes Energ\u00e9ticas <img loading=\"lazy\" class=\"alignright wp-image-113205\" src=\"https:\/\/www.enerjigazetesi.ist\/wp-content\/uploads\/2020\/05\/portekiz-nisanda-komurden-elektrik-uretmedi.jpg\" alt=\"\" width=\"320\" height=\"188\" srcset=\"https:\/\/www.enerjigazetesi.ist\/wp-content\/uploads\/2020\/05\/portekiz-nisanda-komurden-elektrik-uretmedi.jpg 670w, https:\/\/www.enerjigazetesi.ist\/wp-content\/uploads\/2020\/05\/portekiz-nisanda-komurden-elektrik-uretmedi-300x176.jpg 300w, https:\/\/www.enerjigazetesi.ist\/wp-content\/uploads\/2020\/05\/portekiz-nisanda-komurden-elektrik-uretmedi-500x293.jpg 500w, https:\/\/www.enerjigazetesi.ist\/wp-content\/uploads\/2020\/05\/portekiz-nisanda-komurden-elektrik-uretmedi-80x47.jpg 80w\" sizes=\"(max-width: 320px) 100vw, 320px\" \/>Nacionais taraf\u0131ndan yay\u0131mlanan a\u00e7\u0131klamaya g\u00f6re, Nisan&#8217;da k\u00f6m\u00fcrden elektrik \u00fcretimi\u00a0ger\u00e7ekle\u015fmedi.<\/h1>\n<p>A\u00e7\u0131klamada yer alan bilgiye g\u00f6re, Nisan ay\u0131ndaki <strong>elektrik t\u00fcketimi<\/strong> <strong>% 12<\/strong> oran\u0131nda azal\u0131rken bu t\u00fcketim <strong>% 69,1<\/strong> oran\u0131nda <strong>yenilenebilir enerji kaynaklar\u0131&#8217;<\/strong>ndan, <strong>% 16,4<\/strong> oran\u0131nda ise <strong>do\u011fal gaz santralleri<\/strong> ve <strong>% 14,4<\/strong> oran\u0131nda <strong>\u0130spanya\u2019dan<\/strong> ger\u00e7ekle\u015fen ithalat ile elde edildi.<\/p>\n<p>Y\u0131l\u0131n ilk <strong>4 ayl\u0131k<\/strong> d\u00f6neminde ise t\u00fcketim <strong>% 69,4<\/strong> oran\u0131nda <strong>yenilenebilir enerji kaynaklardan<\/strong> elde edildi.<\/p>","protected":false},"excerpt":{"rendered":"<p>Sorry, this entry is only available in Turkish. For the sake of viewer convenience, the content is shown below in the alternative language. You may click the link to switch the active language. Portekiz\u00a0elektrik idaresi Redes Energ\u00e9ticas Nacionais taraf\u0131ndan yay\u0131mlanan a\u00e7\u0131klamaya g\u00f6re, Nisan&#8217;da k\u00f6m\u00fcrden elektrik \u00fcretimi\u00a0ger\u00e7ekle\u015fmedi. A\u00e7\u0131klamada yer alan bilgiye g\u00f6re, Nisan ay\u0131ndaki elektrik t\u00fcketimi [&hellip;]<\/p>\n","protected":false},"author":1,"featured_media":113205,"comment_status":"open","ping_status":"open","sticky":false,"template":"","format":"standard","meta":[],"categories":[51,53,24649],"tags":[53114,5070,52259,13637,71528,71527,54979,508],"views":144,"_links":{"self":[{"href":"https:\/\/www.enerjigazetesi.ist\/en\/wp-json\/wp\/v2\/posts\/113199"}],"collection":[{"href":"https:\/\/www.enerjigazetesi.ist\/en\/wp-json\/wp\/v2\/posts"}],"about":[{"href":"https:\/\/www.enerjigazetesi.ist\/en\/wp-json\/wp\/v2\/types\/post"}],"author":[{"embeddable":true,"href":"https:\/\/www.enerjigazetesi.ist\/en\/wp-json\/wp\/v2\/users\/1"}],"replies":[{"embeddable":true,"href":"https:\/\/www.enerjigazetesi.ist\/en\/wp-json\/wp\/v2\/comments?post=113199"}],"version-history":[{"count":0,"href":"https:\/\/www.enerjigazetesi.ist\/en\/wp-json\/wp\/v2\/posts\/113199\/revisions"}],"wp:featuredmedia":[{"embeddable":true,"href":"https:\/\/www.enerjigazetesi.ist\/en\/wp-json\/wp\/v2\/media\/113205"}],"wp:attachment":[{"href":"https:\/\/www.enerjigazetesi.ist\/en\/wp-json\/wp\/v2\/media?parent=113199"}],"wp:term":[{"taxonomy":"category","embeddable":true,"href":"https:\/\/www.enerjigazetesi.ist\/en\/wp-json\/wp\/v2\/categories?post=113199"},{"taxonomy":"post_tag","embeddable":true,"href":"https:\/\/www.enerjigazetesi.ist\/en\/wp-json\/wp\/v2\/tags?post=113199"}],"curies":[{"name":"wp","href":"https:\/\/api.w.org\/{rel}","templated":true}]}}