{"id":113076,"date":"2020-05-06T14:08:18","date_gmt":"2020-05-06T11:08:18","guid":{"rendered":"https:\/\/www.enerjigazetesi.ist\/?p=113076"},"modified":"2020-05-06T14:11:41","modified_gmt":"2020-05-06T11:11:41","slug":"teknokent-ve-ar-ge-merkezlerine-verilen-koronavirus-destegi-4-ay-uzatildi","status":"publish","type":"post","link":"https:\/\/www.enerjigazetesi.ist\/en\/teknokent-ve-ar-ge-merkezlerine-verilen-koronavirus-destegi-4-ay-uzatildi\/","title":{"rendered":"(Turkish) Teknokent ve Ar-Ge Merkezleri&#8217;ne Koronavir\u00fcs Deste\u011fi 4 Ay Uzat\u0131ld\u0131"},"content":{"rendered":"<p class=\"qtranxs-available-languages-message qtranxs-available-languages-message-en\">Sorry, this entry is only available in <a href=\"https:\/\/www.enerjigazetesi.ist\/tr\/wp-json\/wp\/v2\/posts\/113076\" class=\"qtranxs-available-language-link qtranxs-available-language-link-tr\" title=\"Turkish\">Turkish<\/a>. For the sake of viewer convenience, the content is shown below in the alternative language. You may click the link to switch the active language.<\/p><p><\/p>\n<h1><strong>Koronavir\u00fcs salg<\/strong><strong>\u0131<\/strong><strong>n<\/strong><strong>\u0131<\/strong><strong>n<\/strong><strong>\u0131<\/strong><strong>n ekonomik ve sosyal hayata etkilerinin azalt<\/strong><strong>\u0131<\/strong><strong>lmas<\/strong><strong>\u0131<\/strong><strong> kapsam<\/strong><strong>\u0131<\/strong><strong>nda al<\/strong><strong>\u0131<\/strong><strong>nan karar ile teknokent <\/strong><strong>\u015f<\/strong><strong>irketleri ile Ar-Ge ve tasar<\/strong><strong>\u0131<\/strong><strong>m merkezi <\/strong><strong>\u00e7<\/strong><strong>al<\/strong><strong>\u0131\u015f<\/strong><strong>anlar<\/strong><strong>\u0131<\/strong><strong>na tan<\/strong><strong>\u0131<\/strong><strong>nan uzaktan <\/strong><strong>\u00e7<\/strong><strong>al<\/strong><strong>\u0131\u015f<\/strong><strong>ma esnekli<\/strong><strong>\u011f<\/strong><strong>i 4 ay daha uzat<\/strong><strong>\u0131<\/strong><strong>ld<\/strong><strong>\u0131<\/strong><strong>.<\/strong><\/h1>\n<p><strong>\u00c7al\u0131\u015fma ve Sosyal Hizmetler Bakanl\u0131\u011f\u0131, Hazine ve Maliye Bakanl\u0131\u011f\u0131 ile Sanayi<\/strong> ve <strong>Teknoloji Bakanl\u0131\u011f\u0131<\/strong>\u2019n\u0131 taraf\u0131ndan yap\u0131lan ortak a\u00e7\u0131klamayla, evinden \u00e7al\u0131\u015fmaya uygun g\u00f6rd\u00fckleri personel say\u0131lar\u0131n\u0131 <strong>Sanayi ve Teknoloji Bakanl\u0131\u011f\u0131<\/strong>&#8216;na bildiren <strong>teknopark \u015firketleri<\/strong> ile <strong>Ar-Ge<\/strong> ve <strong>tasar\u0131m merkezleri<\/strong>nin <strong>muafiyet<\/strong> ve <strong>te\u015fviklerden<\/strong> Nisan ay\u0131 sonuna kadar faydalanmaya devam edebilecekleri bildirildi.<\/p>\n<h2><strong><img loading=\"lazy\" class=\"alignright wp-image-113078\" src=\"https:\/\/www.enerjigazetesi.ist\/wp-content\/uploads\/2020\/05\/teknokent-ve-ar-ge-merkezlerine-verilen-koronavirus-destegi-4-ay-uzatildi-2.jpg\" alt=\"\" width=\"320\" height=\"213\" srcset=\"https:\/\/www.enerjigazetesi.ist\/wp-content\/uploads\/2020\/05\/teknokent-ve-ar-ge-merkezlerine-verilen-koronavirus-destegi-4-ay-uzatildi-2.jpg 732w, https:\/\/www.enerjigazetesi.ist\/wp-content\/uploads\/2020\/05\/teknokent-ve-ar-ge-merkezlerine-verilen-koronavirus-destegi-4-ay-uzatildi-2-300x200.jpg 300w, https:\/\/www.enerjigazetesi.ist\/wp-content\/uploads\/2020\/05\/teknokent-ve-ar-ge-merkezlerine-verilen-koronavirus-destegi-4-ay-uzatildi-2-500x333.jpg 500w, https:\/\/www.enerjigazetesi.ist\/wp-content\/uploads\/2020\/05\/teknokent-ve-ar-ge-merkezlerine-verilen-koronavirus-destegi-4-ay-uzatildi-2-75x50.jpg 75w, https:\/\/www.enerjigazetesi.ist\/wp-content\/uploads\/2020\/05\/teknokent-ve-ar-ge-merkezlerine-verilen-koronavirus-destegi-4-ay-uzatildi-2-450x300.jpg 450w\" sizes=\"(max-width: 320px) 100vw, 320px\" \/>Kanun kapsam<\/strong><strong>\u0131<\/strong><strong>nda istisna, destek ve te<\/strong><strong>\u015f<\/strong><strong>viklerden yararlanacaklar<\/strong><\/h2>\n<p><strong>Nisan 2020<\/strong> sonuna kadar ge\u00e7erli olan bu uygulama, <strong>11 Mart\u2019tan itibaren<\/strong> olmak \u00fczere <strong>4 ay<\/strong> uzat\u0131ld\u0131. \u201c<strong>Yeni Koronavir\u00fcs (Cov\u0131d-19) Salg\u0131n\u0131n\u0131n Ekonomik Ve Sosyal Hayata Etkilerinin Azalt\u0131lmas\u0131 Hakk\u0131nda Kanun \u0130le Baz\u0131 Kanunlarda De\u011fi\u015fiklik Yap\u0131lmas\u0131na Dair Kanun\u201d<\/strong> kapsam\u0131nda <strong>Ar-Ge ve tasar\u0131m merkezleri<\/strong>nde y\u00fcr\u00fct\u00fclen faaliyetlerin <strong>Ar-Ge ve tasar\u0131m merkezleri<\/strong> d\u0131\u015f\u0131nda yap\u0131lmas\u0131na karar verildi. Ayr\u0131ca <strong>4691 say\u0131l\u0131 Teknoloji Geli\u015ftirme B\u00f6lgeleri Kanunu<\/strong> kapsam\u0131nda b\u00f6lge s\u0131n\u0131rlar\u0131 i\u00e7inde y\u00fcr\u00fct\u00fclen faaliyetlerin b\u00f6lge d\u0131\u015f\u0131nda da y\u00fcr\u00fct\u00fclmesine karar\u0131 al\u0131nd\u0131. Konuyla ilgili olarak <strong>Sanayi ve Teknoloji Bakanl\u0131\u011f\u0131&#8217;<\/strong>na izin verebilme yetkisi tan\u0131nd\u0131.<\/p>\n<h2><strong>Sanayi ve Teknoloji Bakanl<\/strong><strong>\u0131\u011f\u0131<\/strong><strong>\u2019<\/strong><strong>na bilgi verilecek<\/strong><\/h2>\n<p>Konuyla ilgili bilgi veren <strong>IFASTURK<\/strong> Mali M\u00fc\u015favirlik ve Denetim Kurucusu Serbest Muhasebeci Mali M\u00fc\u015favir <strong>Mesut \u015eenel<\/strong>, \u201c<strong>Sanayi ve Teknoloji Bakanl\u0131\u011f\u0131<\/strong>, belirtilen s\u00fcrenin bitiminden itibaren uygulamay\u0131 3 ay daha uzat\u0131labilir. <strong>Sanayi ve Teknoloji Bakanl\u0131\u011f\u0131<\/strong>&#8216;n\u0131n bilgilendirilmesi kayd\u0131yla, ilgili i\u015f yerleri <strong>5746 say\u0131l\u0131<\/strong> Kanun ile <strong>4691 say\u0131l\u0131<\/strong> Kanun kapsam\u0131ndaki <strong>indirim, istisna, destek ve te\u015fviklerden yararlanmaya<\/strong> devam edilebilecek.\u201d de\u011ferlendirmesinde bulundu.<\/p>","protected":false},"excerpt":{"rendered":"<p>Sorry, this entry is only available in Turkish. For the sake of viewer convenience, the content is shown below in the alternative language. You may click the link to switch the active language. Koronavir\u00fcs salg\u0131n\u0131n\u0131n ekonomik ve sosyal hayata etkilerinin azalt\u0131lmas\u0131 kapsam\u0131nda al\u0131nan karar ile teknokent \u015firketleri ile Ar-Ge ve tasar\u0131m merkezi \u00e7al\u0131\u015fanlar\u0131na tan\u0131nan uzaktan [&hellip;]<\/p>\n","protected":false},"author":1,"featured_media":113079,"comment_status":"open","ping_status":"open","sticky":false,"template":"","format":"standard","meta":[],"categories":[51,53,52,157],"tags":[71403,71407,66011,45154,71401,71405,71408,71399,2883,40915,71412,69696,71409,71400,71411,15785,71402,53735,71410,71404,71406],"views":105,"_links":{"self":[{"href":"https:\/\/www.enerjigazetesi.ist\/en\/wp-json\/wp\/v2\/posts\/113076"}],"collection":[{"href":"https:\/\/www.enerjigazetesi.ist\/en\/wp-json\/wp\/v2\/posts"}],"about":[{"href":"https:\/\/www.enerjigazetesi.ist\/en\/wp-json\/wp\/v2\/types\/post"}],"author":[{"embeddable":true,"href":"https:\/\/www.enerjigazetesi.ist\/en\/wp-json\/wp\/v2\/users\/1"}],"replies":[{"embeddable":true,"href":"https:\/\/www.enerjigazetesi.ist\/en\/wp-json\/wp\/v2\/comments?post=113076"}],"version-history":[{"count":0,"href":"https:\/\/www.enerjigazetesi.ist\/en\/wp-json\/wp\/v2\/posts\/113076\/revisions"}],"wp:featuredmedia":[{"embeddable":true,"href":"https:\/\/www.enerjigazetesi.ist\/en\/wp-json\/wp\/v2\/media\/113079"}],"wp:attachment":[{"href":"https:\/\/www.enerjigazetesi.ist\/en\/wp-json\/wp\/v2\/media?parent=113076"}],"wp:term":[{"taxonomy":"category","embeddable":true,"href":"https:\/\/www.enerjigazetesi.ist\/en\/wp-json\/wp\/v2\/categories?post=113076"},{"taxonomy":"post_tag","embeddable":true,"href":"https:\/\/www.enerjigazetesi.ist\/en\/wp-json\/wp\/v2\/tags?post=113076"}],"curies":[{"name":"wp","href":"https:\/\/api.w.org\/{rel}","templated":true}]}}