{"id":113069,"date":"2020-05-06T13:57:06","date_gmt":"2020-05-06T10:57:06","guid":{"rendered":"https:\/\/www.enerjigazetesi.ist\/?p=113069"},"modified":"2020-05-06T14:10:24","modified_gmt":"2020-05-06T11:10:24","slug":"pandemi-hastaneleri-altyapisinda-inform-elektronik-cozumleri-yer-aliyor","status":"publish","type":"post","link":"https:\/\/www.enerjigazetesi.ist\/en\/pandemi-hastaneleri-altyapisinda-inform-elektronik-cozumleri-yer-aliyor\/","title":{"rendered":"(Turkish) Pandemi Hastaneleri Altyap\u0131da &#8216;Inform Elektronik \u00c7\u00f6z\u00fcmleri&#8217;ni Tercih Etti"},"content":{"rendered":"<p class=\"qtranxs-available-languages-message qtranxs-available-languages-message-en\">Sorry, this entry is only available in <a href=\"https:\/\/www.enerjigazetesi.ist\/tr\/wp-json\/wp\/v2\/posts\/113069\" class=\"qtranxs-available-language-link qtranxs-available-language-link-tr\" title=\"Turkish\">Turkish<\/a>. For the sake of viewer convenience, the content is shown below in the alternative language. You may click the link to switch the active language.<\/p><p><\/p>\n<h1><strong>Uluslararas<\/strong><strong>\u0131<\/strong><strong> standartlarda b<\/strong><strong>\u00fc<\/strong><strong>y<\/strong><strong>\u00fc<\/strong><strong>k projelere imza atan Legrand Grup T<\/strong><strong>\u00fc<\/strong><strong>rkiye, koronavir<\/strong><strong>\u00fc<\/strong><strong>sle m<\/strong><strong>\u00fc<\/strong><strong>cadele kapsam<\/strong><strong>\u0131<\/strong><strong>nda yap<\/strong><strong>\u0131<\/strong><strong>m<\/strong><strong>\u0131<\/strong><strong>na ba<\/strong><strong>\u015f<\/strong><strong>lanan pandemi hastanelerinin teknolojik altyap<\/strong><strong>\u0131<\/strong><strong>s<\/strong><strong>\u0131<\/strong><strong>nda <\/strong><strong>\u0130<\/strong><strong>nform Elektronik <\/strong><strong>\u00fc<\/strong><strong>r<\/strong><strong>\u00fc<\/strong><strong>n gruplar<\/strong><strong>\u0131<\/strong><strong>yla yer ald<\/strong><strong>\u0131<\/strong><strong>.<img loading=\"lazy\" class=\"alignright wp-image-113073\" src=\"https:\/\/www.enerjigazetesi.ist\/wp-content\/uploads\/2020\/05\/pandemi-hastaneleri-altyapisinda-inform-elektronik-cozumleri-yer-aliyor.jpg\" alt=\"\" width=\"320\" height=\"480\" srcset=\"https:\/\/www.enerjigazetesi.ist\/wp-content\/uploads\/2020\/05\/pandemi-hastaneleri-altyapisinda-inform-elektronik-cozumleri-yer-aliyor.jpg 325w, https:\/\/www.enerjigazetesi.ist\/wp-content\/uploads\/2020\/05\/pandemi-hastaneleri-altyapisinda-inform-elektronik-cozumleri-yer-aliyor-200x300.jpg 200w, https:\/\/www.enerjigazetesi.ist\/wp-content\/uploads\/2020\/05\/pandemi-hastaneleri-altyapisinda-inform-elektronik-cozumleri-yer-aliyor-266x400.jpg 266w, https:\/\/www.enerjigazetesi.ist\/wp-content\/uploads\/2020\/05\/pandemi-hastaneleri-altyapisinda-inform-elektronik-cozumleri-yer-aliyor-33x50.jpg 33w\" sizes=\"(max-width: 320px) 100vw, 320px\" \/><\/strong><\/h1>\n<p>Sa\u011fl\u0131k sekt\u00f6r\u00fcnde <strong>inovatif bak\u0131\u015f a\u00e7\u0131s\u0131<\/strong>n\u0131 \u00fcr\u00fcnlerine yans\u0131tan <strong>Legrand Grup T\u00fcrkiye<\/strong>, T\u00fcrkiye\u2019nin \u00f6nemli projelerinden biri olan ve <strong>45 g\u00fcnde tamamlanmas\u0131<\/strong> gereken <strong>Pandemi Hastaneleri<\/strong> projesinde <strong>\u0130nform Elektronik<\/strong> \u00fcr\u00fcn gruplar\u0131 ile i\u015f s\u00fcre\u00e7lerini \u00fcstlendi. Yap\u0131m\u0131na ba\u015flanan, i\u00e7inde bir\u00e7ok <strong>ameliyathane ve yo\u011fun bak\u0131m \u00fcnitesi<\/strong>nin yer ald\u0131\u011f\u0131 proje, \u0130nform Elektronik <strong>kesintisiz g\u00fc\u00e7 kaynaklar\u0131<\/strong>, ameliyathane <strong>kontrol panolar\u0131 ve izolasyon sistemleri<\/strong> ile hayat bulacak.<\/p>\n<p>Hastanelerin <strong>yo\u011fun bak\u0131m ve yatak ba\u015f\u0131 \u00fcniteleri<\/strong>nde yer alan <strong>solunum cihazlar\u0131<\/strong> ile t\u00fcm kritik <strong>tedavi izleme cihazlar\u0131n\u0131<\/strong> koruyacak ve t\u00fcm hastaneye <strong>enerji verecek \u00fcr\u00fcnlerin<\/strong> \u00fcretimi tamamland\u0131 ve yetkililere teslim edildi. Bu zorlu s\u00fcre\u00e7te \u00fclkemiz i\u00e7in b\u00f6ylesine \u00f6nemli bir projede yer almaktan gurur duydu\u011funu belirten <strong>Legrand Grup T\u00fcrkiye \u00dclke M\u00fcd\u00fcr\u00fc Levent Ilg<\/strong><strong>\u0131<\/strong><strong>n; <\/strong><em>\u201c\u00dclkemiz a\u00e7\u0131s\u0131ndan bu \u00e7ok de\u011ferli olan projeye Legrand Grup T\u00fcrkiye olarak dahil olduk. Hastanelerin, bankalar\u0131n, veri merkezlerinin, fabrikalar\u0131n, bankac\u0131l\u0131k hizmetlerinin \u00e7al\u0131\u015fmaya devam edebilmesi, \u00e7ocuklar\u0131m\u0131z\u0131n online e\u011fitime devam edebilmesi, eczanelerde so\u011fuk alanlarda saklanan ila\u00e7lar\u0131n korunabilmesi ve ya\u015fam\u0131n devam\u0131n\u0131 sa\u011flayan t\u00fcm alanlar i\u00e7in gerekli \u00fcr\u00fcnlerin \u00fcretilmesi elzemdir. T\u00fcm d\u00fcnyay\u0131 etkileyen bu zorlu s\u00fcre\u00e7te, zaman \u00fclkemize, milletimize, hastanelerimize, binlerce <strong>Covid19 hastas\u0131<\/strong>na ve ihtiya\u00e7 sahibine <strong>destek olmak<\/strong> zaman\u0131d\u0131r. Bu nedenle bu projede canla ba\u015fla \u00e7al\u0131\u015fan t\u00fcm ekip arkada\u015flar\u0131ma verdikleri emekler i\u00e7in te\u015fekk\u00fcr ediyorum.\u201d<\/em><\/p>","protected":false},"excerpt":{"rendered":"<p>Sorry, this entry is only available in Turkish. For the sake of viewer convenience, the content is shown below in the alternative language. You may click the link to switch the active language. Uluslararas\u0131 standartlarda b\u00fcy\u00fck projelere imza atan Legrand Grup T\u00fcrkiye, koronavir\u00fcsle m\u00fccadele kapsam\u0131nda yap\u0131m\u0131na ba\u015flanan pandemi hastanelerinin teknolojik altyap\u0131s\u0131nda \u0130nform Elektronik \u00fcr\u00fcn gruplar\u0131yla [&hellip;]<\/p>\n","protected":false},"author":1,"featured_media":113074,"comment_status":"open","ping_status":"open","sticky":false,"template":"","format":"standard","meta":[],"categories":[51,53],"tags":[52674,52259,71397,35403,70718,51683,35402,69035,71398,69120],"views":274,"_links":{"self":[{"href":"https:\/\/www.enerjigazetesi.ist\/en\/wp-json\/wp\/v2\/posts\/113069"}],"collection":[{"href":"https:\/\/www.enerjigazetesi.ist\/en\/wp-json\/wp\/v2\/posts"}],"about":[{"href":"https:\/\/www.enerjigazetesi.ist\/en\/wp-json\/wp\/v2\/types\/post"}],"author":[{"embeddable":true,"href":"https:\/\/www.enerjigazetesi.ist\/en\/wp-json\/wp\/v2\/users\/1"}],"replies":[{"embeddable":true,"href":"https:\/\/www.enerjigazetesi.ist\/en\/wp-json\/wp\/v2\/comments?post=113069"}],"version-history":[{"count":0,"href":"https:\/\/www.enerjigazetesi.ist\/en\/wp-json\/wp\/v2\/posts\/113069\/revisions"}],"wp:featuredmedia":[{"embeddable":true,"href":"https:\/\/www.enerjigazetesi.ist\/en\/wp-json\/wp\/v2\/media\/113074"}],"wp:attachment":[{"href":"https:\/\/www.enerjigazetesi.ist\/en\/wp-json\/wp\/v2\/media?parent=113069"}],"wp:term":[{"taxonomy":"category","embeddable":true,"href":"https:\/\/www.enerjigazetesi.ist\/en\/wp-json\/wp\/v2\/categories?post=113069"},{"taxonomy":"post_tag","embeddable":true,"href":"https:\/\/www.enerjigazetesi.ist\/en\/wp-json\/wp\/v2\/tags?post=113069"}],"curies":[{"name":"wp","href":"https:\/\/api.w.org\/{rel}","templated":true}]}}