{"id":113047,"date":"2020-05-06T12:51:28","date_gmt":"2020-05-06T09:51:28","guid":{"rendered":"https:\/\/www.enerjigazetesi.ist\/?p=113047"},"modified":"2020-05-06T12:53:30","modified_gmt":"2020-05-06T09:53:30","slug":"enerji-ve-tabii-kaynaklar-bakani-donmez-kurum-yoneticileri-ile-gorustu","status":"publish","type":"post","link":"https:\/\/www.enerjigazetesi.ist\/en\/enerji-ve-tabii-kaynaklar-bakani-donmez-kurum-yoneticileri-ile-gorustu\/","title":{"rendered":"(Turkish) Enerji ve Tabii Kaynaklar Bakan\u0131 D\u00f6nmez Kurum Y\u00f6neticileri ile G\u00f6r\u00fc\u015ft\u00fc"},"content":{"rendered":"<p class=\"qtranxs-available-languages-message qtranxs-available-languages-message-en\">Sorry, this entry is only available in <a href=\"https:\/\/www.enerjigazetesi.ist\/tr\/wp-json\/wp\/v2\/posts\/113047\" class=\"qtranxs-available-language-link qtranxs-available-language-link-tr\" title=\"Turkish\">Turkish<\/a>. For the sake of viewer convenience, the content is shown below in the alternative language. You may click the link to switch the active language.<\/p><p><\/p>\n<h1>Enerji ve Tabii Kaynaklar Bakan\u0131 Fatih D\u00f6nmez, kurum y\u00f6neticileriyle video konferansl\u0131 toplant\u0131 yaparak, &#8221; Elektrikten, do\u011falgaz ve akaryak\u0131ta, madencilikten, n\u00fckleer enerjiye kadar her alandaki <img loading=\"lazy\" class=\"alignright wp-image-113049\" src=\"https:\/\/www.enerjigazetesi.ist\/wp-content\/uploads\/2020\/05\/enerji-ve-tabii-kaynaklar-bakani-donmez-kurum-yoneticileri-ile-gorustu-2.jpg\" alt=\"\" width=\"320\" height=\"224\" srcset=\"https:\/\/www.enerjigazetesi.ist\/wp-content\/uploads\/2020\/05\/enerji-ve-tabii-kaynaklar-bakani-donmez-kurum-yoneticileri-ile-gorustu-2.jpg 623w, https:\/\/www.enerjigazetesi.ist\/wp-content\/uploads\/2020\/05\/enerji-ve-tabii-kaynaklar-bakani-donmez-kurum-yoneticileri-ile-gorustu-2-300x210.jpg 300w, https:\/\/www.enerjigazetesi.ist\/wp-content\/uploads\/2020\/05\/enerji-ve-tabii-kaynaklar-bakani-donmez-kurum-yoneticileri-ile-gorustu-2-500x351.jpg 500w, https:\/\/www.enerjigazetesi.ist\/wp-content\/uploads\/2020\/05\/enerji-ve-tabii-kaynaklar-bakani-donmez-kurum-yoneticileri-ile-gorustu-2-71x50.jpg 71w\" sizes=\"(max-width: 320px) 100vw, 320px\" \/>planlar\u0131m\u0131z\u0131 ele ald\u0131k.&#8221; dedi.<\/h1>\n<p><strong>Enerji ve Tabii Kaynaklar Bakan\u0131<\/strong> Fatih D\u00f6nmez, <strong>yeni tip Koronavir\u00fcs (Cov\u0131d-19) salg\u0131n\u0131<\/strong>yla m\u00fccadelede enerji ve tabii kaynaklar alan\u0131nda al\u0131nan <strong>\u00f6nlemleri, arz g\u00fcvenli\u011fi ve normalle\u015fme ad\u0131mlar\u0131n\u0131<\/strong> Bakan Yard\u0131mc\u0131lar\u0131n\u0131n haz\u0131r bulundu\u011fu <strong>video konferansl\u0131 toplant\u0131<\/strong> yaparak, kurum y\u00f6neticileriyle de\u011ferlendirmesini yapt\u0131.<\/p>\n<p>Enerji ve Tabii Kaynaklar Bakan\u0131 Fatih D\u00f6nmez, <strong>Bakan Yard\u0131mc\u0131lar\u0131 ile kurum y\u00f6neticileri<\/strong>yle yapt\u0131\u011f\u0131 video konferansa ili\u015fkin <strong>Twitter resmi hesab\u0131ndan<\/strong> yapt\u0131\u011f\u0131 a\u00e7\u0131klamada,\u00a0\u201cEnerji ve Tabii Kaynaklar alan\u0131nda ald\u0131\u011f\u0131m\u0131z <strong>\u00f6nlemleri, arz g\u00fcvenli\u011fi ve normalle\u015fme<\/strong> ad\u0131mlar\u0131m\u0131z\u0131 Bakan Yard\u0131mc\u0131lar\u0131m\u0131z ve kurum y\u00f6neticilerimizle de\u011ferlendirdik. <strong>Elektrikten, do\u011falgaz ve akaryak\u0131ta, madencilikten, n\u00fckleer enerjiye<\/strong> kadar her alandaki planlar\u0131m\u0131z\u0131 ele ald\u0131k.\u201d ifadelerini kulland\u0131.<\/p>","protected":false},"excerpt":{"rendered":"<p>Sorry, this entry is only available in Turkish. For the sake of viewer convenience, the content is shown below in the alternative language. You may click the link to switch the active language. Enerji ve Tabii Kaynaklar Bakan\u0131 Fatih D\u00f6nmez, kurum y\u00f6neticileriyle video konferansl\u0131 toplant\u0131 yaparak, &#8221; Elektrikten, do\u011falgaz ve akaryak\u0131ta, madencilikten, n\u00fckleer enerjiye kadar [&hellip;]<\/p>\n","protected":false},"author":1,"featured_media":113050,"comment_status":"open","ping_status":"open","sticky":false,"template":"","format":"standard","meta":[],"categories":[46,51,53,24649,43,44],"tags":[52407,54036,53114,52259,1389,27530,53315,53348,53153,71360],"views":118,"_links":{"self":[{"href":"https:\/\/www.enerjigazetesi.ist\/en\/wp-json\/wp\/v2\/posts\/113047"}],"collection":[{"href":"https:\/\/www.enerjigazetesi.ist\/en\/wp-json\/wp\/v2\/posts"}],"about":[{"href":"https:\/\/www.enerjigazetesi.ist\/en\/wp-json\/wp\/v2\/types\/post"}],"author":[{"embeddable":true,"href":"https:\/\/www.enerjigazetesi.ist\/en\/wp-json\/wp\/v2\/users\/1"}],"replies":[{"embeddable":true,"href":"https:\/\/www.enerjigazetesi.ist\/en\/wp-json\/wp\/v2\/comments?post=113047"}],"version-history":[{"count":0,"href":"https:\/\/www.enerjigazetesi.ist\/en\/wp-json\/wp\/v2\/posts\/113047\/revisions"}],"wp:featuredmedia":[{"embeddable":true,"href":"https:\/\/www.enerjigazetesi.ist\/en\/wp-json\/wp\/v2\/media\/113050"}],"wp:attachment":[{"href":"https:\/\/www.enerjigazetesi.ist\/en\/wp-json\/wp\/v2\/media?parent=113047"}],"wp:term":[{"taxonomy":"category","embeddable":true,"href":"https:\/\/www.enerjigazetesi.ist\/en\/wp-json\/wp\/v2\/categories?post=113047"},{"taxonomy":"post_tag","embeddable":true,"href":"https:\/\/www.enerjigazetesi.ist\/en\/wp-json\/wp\/v2\/tags?post=113047"}],"curies":[{"name":"wp","href":"https:\/\/api.w.org\/{rel}","templated":true}]}}