{"id":112939,"date":"2020-05-04T18:49:38","date_gmt":"2020-05-04T15:49:38","guid":{"rendered":"https:\/\/www.enerjigazetesi.ist\/?p=112939"},"modified":"2020-05-04T18:49:56","modified_gmt":"2020-05-04T15:49:56","slug":"devlet-ihracata-degil-ihracat-icindeki-yerli-katma-degere-tesvik-vermeli","status":"publish","type":"post","link":"https:\/\/www.enerjigazetesi.ist\/en\/devlet-ihracata-degil-ihracat-icindeki-yerli-katma-degere-tesvik-vermeli\/","title":{"rendered":"(Turkish) &#8221;Devlet \u0130hracata De\u011fil, \u0130hracat \u0130\u00e7indeki Yerli Katma De\u011fere Te\u015fvik Vermeli&#8221;"},"content":{"rendered":"<p class=\"qtranxs-available-languages-message qtranxs-available-languages-message-en\">Sorry, this entry is only available in <a href=\"https:\/\/www.enerjigazetesi.ist\/tr\/wp-json\/wp\/v2\/posts\/112939\" class=\"qtranxs-available-language-link qtranxs-available-language-link-tr\" title=\"Turkish\">Turkish<\/a>. For the sake of viewer convenience, the content is shown below in the alternative language. You may click the link to switch the active language.<\/p><p><\/p>\n<h1><strong>Bas\u0131n\u00e7l\u0131 Kap ve Kazan Sekt\u00f6r\u00fc\u2019n\u00fcn \u00fclkemizdeki \u00f6nc\u00fc markas\u0131 Erensan CEO\u2019su Ali Eren, ihracat yapan firmalara verilen te\u015fviklerde, ger\u00e7ekle\u015ftirilen ihracat rakam\u0131n\u0131n tamam\u0131na y\u00f6nelik de\u011fil, firma baz\u0131nda yap\u0131lan ihracat i\u00e7indeki yerli katma de\u011fer oran\u0131n\u0131n esas al\u0131nmas\u0131n\u0131 gerekti\u011fini savundu. \u0130hracat\u0131n tamam\u0131na y\u00f6nelik verilen desteklerin ara mal ithalat\u0131n\u0131 ve dolay\u0131s\u0131yla cari a\u00e7\u0131\u011f\u0131 art\u0131rd\u0131\u011f\u0131na dikkati \u00e7ekerek, ger\u00e7ek kalk\u0131nman\u0131n ihracat i\u00e7inde yerli katma de\u011ferin artmas\u0131yla sa\u011flanaca\u011f\u0131n\u0131<img loading=\"lazy\" class=\"alignright wp-image-112941\" src=\"https:\/\/www.enerjigazetesi.ist\/wp-content\/uploads\/2020\/05\/devlet-ihracata-degil-ihracat-icindeki-yerli-katma-degere-tesvik-vermeli-2.jpg\" alt=\"\" width=\"320\" height=\"302\" srcset=\"https:\/\/www.enerjigazetesi.ist\/wp-content\/uploads\/2020\/05\/devlet-ihracata-degil-ihracat-icindeki-yerli-katma-degere-tesvik-vermeli-2.jpg 517w, https:\/\/www.enerjigazetesi.ist\/wp-content\/uploads\/2020\/05\/devlet-ihracata-degil-ihracat-icindeki-yerli-katma-degere-tesvik-vermeli-2-300x283.jpg 300w, https:\/\/www.enerjigazetesi.ist\/wp-content\/uploads\/2020\/05\/devlet-ihracata-degil-ihracat-icindeki-yerli-katma-degere-tesvik-vermeli-2-424x400.jpg 424w, https:\/\/www.enerjigazetesi.ist\/wp-content\/uploads\/2020\/05\/devlet-ihracata-degil-ihracat-icindeki-yerli-katma-degere-tesvik-vermeli-2-53x50.jpg 53w\" sizes=\"(max-width: 320px) 100vw, 320px\" \/> vurgulad\u0131.<\/strong><\/h1>\n<p>Sadece \u00fclkenin <strong>ihracat hedeflerinde<\/strong> yerli katma de\u011fer rakamlar\u0131n\u0131n esas al\u0131nmas\u0131 gerekti\u011fini ve sa\u011flanan te\u015fviklerin de bu y\u00f6nde olmas\u0131 gerekti\u011fini savunan <strong>Erensan<\/strong> CEO\u2019su <strong>Ali Eren<\/strong>, \u201cSanayicilere ihracat hedefi g\u00f6steriliyor. Ancak \u00f6nemli olan <strong>yerli katma de\u011fer rakamlar\u0131<\/strong>n\u0131n art\u0131r\u0131lmas\u0131. <strong>Yerli katma de\u011fer rakamlar\u0131<\/strong>na g\u00f6re incelemelerin yap\u0131lmas\u0131 ve o rakamlara g\u00f6re <strong>te\u015fvik planlar\u0131<\/strong>n\u0131n yap\u0131lmas\u0131 gerekiyor. Bu sayede <strong>sanayinin yap\u0131sal de\u011feri<\/strong> de d\u00fczelmi\u015f, <strong>istihdam ve kalk\u0131nma<\/strong> sa\u011flanm\u0131\u015f olur\u201d dedi.<\/p>\n<h2><strong>\u201cDijital Kapitalizm\u201d<\/strong><\/h2>\n<p>Eren, <strong>\u00c7in\u2019in tedarik zinciri<\/strong>nde \u00f6nc\u00fc oldu\u011fu <strong>ara mam\u00fcl imalat\u0131<\/strong>n\u0131n bir k\u0131sm\u0131n\u0131 <strong>Koronavir\u00fcs sonras\u0131<\/strong> T\u00fcrkiye gibi geli\u015fmekte olan <strong>\u00fclkelere kapt\u0131rma olas\u0131l\u0131\u011f\u0131<\/strong>n\u0131n y\u00fcksek olmas\u0131yla birlikte, gelen taleplerdeki art\u0131\u015f\u0131n <strong>\u00fcretim kapasitelerini art\u0131rmad\u0131k\u00e7a<\/strong> bir anlam\u0131 olmad\u0131\u011f\u0131n\u0131 s\u00f6yledi.<\/p>\n<p>Korona sonras\u0131 <strong>\u201cdijital kapitalizm\u201d devri<\/strong>nin hayat\u0131m\u0131za daha da yerle\u015fece\u011fine de\u011finen Eren, <strong>\u00fcretim ve imalat sekt\u00f6rleri<\/strong>nde <strong>yapay zekal\u0131 \u00fcretim bantlar\u0131, karanl\u0131k fabrika<\/strong> ve<strong> tam otomasyon sistemleri<\/strong>n \u00e7ok h\u0131zl\u0131ca olmasa bile zamanla orta vadede g\u00fcndemde olaca\u011f\u0131na dikkat \u00e7ekti.<\/p>\n<h2><strong>\u201c\u0130hracattaki gerileme zaman fark\u0131ndan\u201d<\/strong><\/h2>\n<p><strong>T\u00dc\u0130K<\/strong>\u2019in 2020\u2019nin ilk \u00e7eyre\u011fine ili\u015fkin a\u00e7\u0131klad\u0131\u011f\u0131 <strong>ithalat ve ihracat rakamlar\u0131<\/strong>n\u0131 da de\u011ferlendiren Eren, sanayicinin <strong>pandemiyi \u00f6ng\u00f6rmesi nedeniyle<\/strong> ara mal ithalat\u0131n\u0131 \u00f6ne \u00e7ekti\u011fini s\u00f6yledi. Eren, \u201c\u0130thalatta <strong>% 3,5<\/strong> oran\u0131ndaki art\u0131\u015fa kar\u015f\u0131n \u0130hracatta <strong>% 17,5 oran\u0131<\/strong>nda bir daralma s\u00f6z konusu. Salg\u0131n\u0131 yak\u0131ndan takip eden <strong>tedarik zinciri<\/strong> \u015fubat ay\u0131 sonuna kadar <strong>t\u00fcm tedarik ve sipari\u015fleri<\/strong>ni tamamlad\u0131. \u00dcretim de yap\u0131ld\u0131. Fakat <strong>mart ay\u0131 ba\u015f\u0131ndan<\/strong> itibaren haz\u0131r olan \u00fcr\u00fcnler g\u00f6nderilemedi\u011finden ihracat yap\u0131lamad\u0131. Dolay\u0131s\u0131yla <strong>ihracat\u0131n ithalat\u0131 kar\u015f\u0131lama oran\u0131<\/strong> gerilemi\u015f oldu\u201d diye konu\u015ftu.<\/p>\n<h2><strong>\u201cRakamlar koronavir\u00fcs sonras\u0131 ger\u00e7e\u011fi yans\u0131tacak\u201d<\/strong><\/h2>\n<p><strong>\u0130hracat ve ithalat rakamlar\u0131<\/strong>n\u0131n salg\u0131n sonras\u0131 ger\u00e7e\u011fi yans\u0131taca\u011f\u0131n\u0131 dile getiren Eren, anl\u0131k rakamlarla <strong>ithalat ve ihracat\u0131n de\u011ferlendirilmesi<\/strong>nin do\u011fru olmad\u0131\u011f\u0131n\u0131 belirterek, \u201c<strong>Koronavir\u00fcs salg\u0131n\u0131<\/strong> sonras\u0131nda<strong> lojistik kanallar\u0131n a\u00e7\u0131lmas\u0131<\/strong> ile as\u0131l <strong>ithalat ve ihracattaki<\/strong> durum ger\u00e7e\u011fi yans\u0131tacakt\u0131r. <strong>Anl\u0131k<\/strong> rakamlarla<strong> ithalat ve ihracat\u0131 de\u011ferlendirmemeliyiz<\/strong> \u00e7\u00fcnk\u00fc ger\u00e7e\u011fi yans\u0131tamay\u0131z\u201d dedi.<\/p>","protected":false},"excerpt":{"rendered":"<p>Sorry, this entry is only available in Turkish. For the sake of viewer convenience, the content is shown below in the alternative language. You may click the link to switch the active language. Bas\u0131n\u00e7l\u0131 Kap ve Kazan Sekt\u00f6r\u00fc\u2019n\u00fcn \u00fclkemizdeki \u00f6nc\u00fc markas\u0131 Erensan CEO\u2019su Ali Eren, ihracat yapan firmalara verilen te\u015fviklerde, ger\u00e7ekle\u015ftirilen ihracat rakam\u0131n\u0131n tamam\u0131na y\u00f6nelik [&hellip;]<\/p>\n","protected":false},"author":1,"featured_media":112941,"comment_status":"open","ping_status":"open","sticky":false,"template":"","format":"standard","meta":[],"categories":[51,53,52],"tags":[71216,71228,71213,71219,71214,52259,71212,71226,71225,71227,71222,68651,71224,71223,71218,2357,71220,71221,71217,71215],"views":282,"_links":{"self":[{"href":"https:\/\/www.enerjigazetesi.ist\/en\/wp-json\/wp\/v2\/posts\/112939"}],"collection":[{"href":"https:\/\/www.enerjigazetesi.ist\/en\/wp-json\/wp\/v2\/posts"}],"about":[{"href":"https:\/\/www.enerjigazetesi.ist\/en\/wp-json\/wp\/v2\/types\/post"}],"author":[{"embeddable":true,"href":"https:\/\/www.enerjigazetesi.ist\/en\/wp-json\/wp\/v2\/users\/1"}],"replies":[{"embeddable":true,"href":"https:\/\/www.enerjigazetesi.ist\/en\/wp-json\/wp\/v2\/comments?post=112939"}],"version-history":[{"count":0,"href":"https:\/\/www.enerjigazetesi.ist\/en\/wp-json\/wp\/v2\/posts\/112939\/revisions"}],"wp:featuredmedia":[{"embeddable":true,"href":"https:\/\/www.enerjigazetesi.ist\/en\/wp-json\/wp\/v2\/media\/112941"}],"wp:attachment":[{"href":"https:\/\/www.enerjigazetesi.ist\/en\/wp-json\/wp\/v2\/media?parent=112939"}],"wp:term":[{"taxonomy":"category","embeddable":true,"href":"https:\/\/www.enerjigazetesi.ist\/en\/wp-json\/wp\/v2\/categories?post=112939"},{"taxonomy":"post_tag","embeddable":true,"href":"https:\/\/www.enerjigazetesi.ist\/en\/wp-json\/wp\/v2\/tags?post=112939"}],"curies":[{"name":"wp","href":"https:\/\/api.w.org\/{rel}","templated":true}]}}