{"id":112872,"date":"2020-05-03T19:52:02","date_gmt":"2020-05-03T16:52:02","guid":{"rendered":"https:\/\/www.enerjigazetesi.ist\/?p=112872"},"modified":"2020-05-03T19:55:06","modified_gmt":"2020-05-03T16:55:06","slug":"elektrik-sektoru-icin-yonetmelik-degisikligi-resmi-gazete-de-yayimlandi","status":"publish","type":"post","link":"https:\/\/www.enerjigazetesi.ist\/en\/elektrik-sektoru-icin-yonetmelik-degisikligi-resmi-gazete-de-yayimlandi\/","title":{"rendered":"(Turkish) Elektrik Sekt\u00f6r\u00fc \u0130\u00e7in Y\u00f6netmelik De\u011fi\u015fikli\u011fi Resmi Gazete\u2019de Yay\u0131mland\u0131"},"content":{"rendered":"<p class=\"qtranxs-available-languages-message qtranxs-available-languages-message-en\">Sorry, this entry is only available in <a href=\"https:\/\/www.enerjigazetesi.ist\/tr\/wp-json\/wp\/v2\/posts\/112872\" class=\"qtranxs-available-language-link qtranxs-available-language-link-tr\" title=\"Turkish\">Turkish<\/a>. For the sake of viewer convenience, the content is shown below in the alternative language. You may click the link to switch the active language.<\/p><p><\/p>\n<h1><strong>Enerji Piyasas\u0131 D\u00fczenleme Kurumu&#8217;nun (EPDK) elektrik sekt\u00f6r\u00fcne y\u00f6nelik y\u00f6netmelik de\u011fi\u015fiklikleri Resmi Gazete\u2019de yay\u0131mlanarak y\u00fcr\u00fcrl\u00fc\u011fe girdi.<\/strong><\/h1>\n<p>&nbsp;<\/p>\n<h2><strong><a href=\"https:\/\/www.resmigazete.gov.tr\/eskiler\/2020\/04\/20200421-36.htm\" target=\"_blank\" rel=\"nofollow noopener\">Elektrik Da\u011f\u0131t\u0131m\u0131 ve Perakende Sat\u0131\u015f\u0131na \u0130li\u015fkin Hizmet Kalitesi Y\u00f6netmeli\u011finde De\u011fi\u015fiklik Yap\u0131lmas\u0131na Dair Y\u00f6netmelik \u0130\u00e7in TIKLAYIN &gt;&gt;<\/a><\/strong><\/h2>\n<p>&#8211; \u201c<strong>2020 y\u0131l\u0131 i\u00e7in<\/strong> y\u0131ll\u0131k <strong>teknik kalite \u00f6l\u00e7\u00fcm d\u00f6nemi<\/strong>, <strong>teknik kalite \u00f6l\u00e7\u00fcm cihazlar\u0131<\/strong>n\u0131n <strong>tesis edilmesiyle<\/strong> ba\u015flar ve m\u00fcteakip y\u0131l\u0131n <strong>Mart ay\u0131 sonunda<\/strong> nihayete erer.<\/p>\n<p><img loading=\"lazy\" class=\"alignright wp-image-112874\" src=\"https:\/\/www.enerjigazetesi.ist\/wp-content\/uploads\/2020\/05\/elektrik-sektoru-icin-yonetmelik-degisikligi-resmi-gazetede-yayimlandi.jpg\" alt=\"\" width=\"320\" height=\"167\" srcset=\"https:\/\/www.enerjigazetesi.ist\/wp-content\/uploads\/2020\/05\/elektrik-sektoru-icin-yonetmelik-degisikligi-resmi-gazetede-yayimlandi.jpg 1200w, https:\/\/www.enerjigazetesi.ist\/wp-content\/uploads\/2020\/05\/elektrik-sektoru-icin-yonetmelik-degisikligi-resmi-gazetede-yayimlandi-300x157.jpg 300w, https:\/\/www.enerjigazetesi.ist\/wp-content\/uploads\/2020\/05\/elektrik-sektoru-icin-yonetmelik-degisikligi-resmi-gazetede-yayimlandi-768x401.jpg 768w, https:\/\/www.enerjigazetesi.ist\/wp-content\/uploads\/2020\/05\/elektrik-sektoru-icin-yonetmelik-degisikligi-resmi-gazetede-yayimlandi-1024x535.jpg 1024w, https:\/\/www.enerjigazetesi.ist\/wp-content\/uploads\/2020\/05\/elektrik-sektoru-icin-yonetmelik-degisikligi-resmi-gazetede-yayimlandi-500x261.jpg 500w, https:\/\/www.enerjigazetesi.ist\/wp-content\/uploads\/2020\/05\/elektrik-sektoru-icin-yonetmelik-degisikligi-resmi-gazetede-yayimlandi-80x42.jpg 80w\" sizes=\"(max-width: 320px) 100vw, 320px\" \/>&#8211; <strong>Teknik kalite \u00f6l\u00e7\u00fcm cihazlar\u0131<\/strong>, Kurum taraf\u0131ndan <strong>bildirilen noktalara da\u011f\u0131t\u0131m \u015firketi<\/strong> taraf\u0131ndan <strong>2020 y\u0131l\u0131 A\u011fustos ay\u0131 sonuna<\/strong> kadar tesis edilir.<\/p>\n<p>&#8211; <strong>2020 y\u0131l\u0131na<\/strong> ait <strong>Teknik Kalite \u00d6l\u00e7\u00fcm Raporlar\u0131<\/strong>, <strong>Kas\u0131m ve Mart aylar\u0131<\/strong>n\u0131n sonuna kadar olan verileri i\u00e7erecek \u015fekilde <strong>m\u00fcteakip ay\u0131n sonuna<\/strong> kadar Kuruma sunulur.<\/p>\n<p>&#8211; <strong>Bu maddede<\/strong> belirlenen <strong>s\u00fcreler<\/strong> veya <strong>tarihler<\/strong> <strong>Kurul Karar\u0131<\/strong> ile de\u011fi\u015ftirilebilir.\u201d<\/p>\n<h2><strong><a href=\"https:\/\/www.resmigazete.gov.tr\/eskiler\/2020\/04\/20200421-37.htm\" target=\"_blank\" rel=\"nofollow noopener\">Elektrik Piyasas\u0131 Dengeleme ve Uzla\u015ft\u0131rma Y\u00f6netmeli\u011finde De\u011fi\u015fiklik Yap\u0131lmas\u0131na Dair Y\u00f6netmelik \u0130\u00e7in TIKLAYIN &gt;&gt;<\/a><\/strong><\/h2>\n<p><em>\u201c(\u00d6deme usul\u00fcnde de\u011fi\u015fiklik)\u00a0<\/em>bu maddenin <strong>y\u00fcr\u00fcrl\u00fc\u011fe girdi\u011fi<\/strong> tarihten itibaren <strong>3 ay s\u00fcre<\/strong> ile <strong>132\/\u00c7 maddesi<\/strong>nin <strong>9&#8217;uncu f\u0131kras\u0131<\/strong> kapsam\u0131nda <strong>Piyasa \u0130\u015fletmecisi<\/strong> taraf\u0131ndan <strong>alacakl\u0131 piyasa kat\u0131l\u0131mc\u0131lar\u0131<\/strong>na yap\u0131lacak \u00f6demeler, <strong>fatura tebli\u011f tarihi<\/strong> ve s\u0131ras\u0131 dikkate al\u0131nmaks\u0131z\u0131n,<strong> ilgili fatura d\u00f6nemi<\/strong> i\u00e7in <strong>piyasa kat\u0131l\u0131mc\u0131lar\u0131ndan tahsil<\/strong> edilen t\u00fcm tutarlar\u0131n net alacak tutarlar\u0131na oran\u0131na g\u00f6re ger\u00e7ekle\u015ftirilir. Bu <strong>\u00f6demelerin yap\u0131lmas\u0131n\u0131 m\u00fcteakip<\/strong> bir sonraki \u00f6n uzla\u015ft\u0131rma bildirimi yay\u0131mlanana kadar yeni bir tahsilat yap\u0131l\u0131rsa bunlar da <strong>1&#8217;inci c\u00fcmledeki usule<\/strong> g\u00f6re <strong>alacakl\u0131 piyasa kat\u0131l\u0131mc\u0131lar\u0131<\/strong>na da\u011f\u0131t\u0131l\u0131r. Kurul <strong>bu uygulaman\u0131n<\/strong> s\u00fcresini <strong>6 aya kadar<\/strong> uzatmaya yetkilidir.\u201d<\/p>","protected":false},"excerpt":{"rendered":"<p>Sorry, this entry is only available in Turkish. For the sake of viewer convenience, the content is shown below in the alternative language. You may click the link to switch the active language. Enerji Piyasas\u0131 D\u00fczenleme Kurumu&#8217;nun (EPDK) elektrik sekt\u00f6r\u00fcne y\u00f6nelik y\u00f6netmelik de\u011fi\u015fiklikleri Resmi Gazete\u2019de yay\u0131mlanarak y\u00fcr\u00fcrl\u00fc\u011fe girdi. &nbsp; Elektrik Da\u011f\u0131t\u0131m\u0131 ve Perakende Sat\u0131\u015f\u0131na \u0130li\u015fkin [&hellip;]<\/p>\n","protected":false},"author":1,"featured_media":112874,"comment_status":"open","ping_status":"open","sticky":false,"template":"","format":"standard","meta":[],"categories":[51,53],"tags":[71127,71123,52674,23532,52259,71128,50596,71129,1388,71125,71124,71126,8991],"views":168,"_links":{"self":[{"href":"https:\/\/www.enerjigazetesi.ist\/en\/wp-json\/wp\/v2\/posts\/112872"}],"collection":[{"href":"https:\/\/www.enerjigazetesi.ist\/en\/wp-json\/wp\/v2\/posts"}],"about":[{"href":"https:\/\/www.enerjigazetesi.ist\/en\/wp-json\/wp\/v2\/types\/post"}],"author":[{"embeddable":true,"href":"https:\/\/www.enerjigazetesi.ist\/en\/wp-json\/wp\/v2\/users\/1"}],"replies":[{"embeddable":true,"href":"https:\/\/www.enerjigazetesi.ist\/en\/wp-json\/wp\/v2\/comments?post=112872"}],"version-history":[{"count":0,"href":"https:\/\/www.enerjigazetesi.ist\/en\/wp-json\/wp\/v2\/posts\/112872\/revisions"}],"wp:featuredmedia":[{"embeddable":true,"href":"https:\/\/www.enerjigazetesi.ist\/en\/wp-json\/wp\/v2\/media\/112874"}],"wp:attachment":[{"href":"https:\/\/www.enerjigazetesi.ist\/en\/wp-json\/wp\/v2\/media?parent=112872"}],"wp:term":[{"taxonomy":"category","embeddable":true,"href":"https:\/\/www.enerjigazetesi.ist\/en\/wp-json\/wp\/v2\/categories?post=112872"},{"taxonomy":"post_tag","embeddable":true,"href":"https:\/\/www.enerjigazetesi.ist\/en\/wp-json\/wp\/v2\/tags?post=112872"}],"curies":[{"name":"wp","href":"https:\/\/api.w.org\/{rel}","templated":true}]}}