{"id":112777,"date":"2020-05-01T18:16:17","date_gmt":"2020-05-01T15:16:17","guid":{"rendered":"https:\/\/www.enerjigazetesi.ist\/?p=112777"},"modified":"2020-05-03T22:46:06","modified_gmt":"2020-05-03T19:46:06","slug":"trafo-merkezlerinde-yuksek-gerilim-tesisi-bakim-onarim-ve-kapasite-artirimi-hizmeti","status":"publish","type":"post","link":"https:\/\/www.enerjigazetesi.ist\/en\/trafo-merkezlerinde-yuksek-gerilim-tesisi-bakim-onarim-ve-kapasite-artirimi-hizmeti\/","title":{"rendered":"(Turkish) Trafo Merkezleri&#8217;nde (Y\u00fcksek Gerilim Tesisi) Bak\u0131m Onar\u0131m ve Kapasite Art\u0131r\u0131m\u0131"},"content":{"rendered":"<p class=\"qtranxs-available-languages-message qtranxs-available-languages-message-en\">Sorry, this entry is only available in <a href=\"https:\/\/www.enerjigazetesi.ist\/tr\/wp-json\/wp\/v2\/posts\/112777\" class=\"qtranxs-available-language-link qtranxs-available-language-link-tr\" title=\"Turkish\">Turkish<\/a>. For the sake of viewer convenience, the content is shown below in the alternative language. You may click the link to switch the active language.<\/p><p><\/p>\n<h1>Trafo Merkezleri&#8217;nde (Y\u00fcksek Gerilim Tesislerinde) Bak\u0131m Onar\u0131m ve Kapasite Art\u0131r\u0131m\u0131 ve \u0130\u015fletme Sorumlulu\u011fu Hizmeti<\/h1>\n<div class=\"mobouter\">\n<div class=\"singleblog\">\n<p><u><em><strong>Trafo Merkezinin yer ald\u0131\u011f\u0131\u00a0<\/strong><strong>Y\u00fcksek gerilim<\/strong><\/em><\/u>\u00a0kategorisindeki her tesisin bu konuda \u00e7al\u0131\u015fan bir\u00a0<strong>i\u015fletme sorumlusunun<\/strong>\u00a0olmas\u0131 zorunlulu\u011fu vard\u0131r. <strong>EMO Elektrik Y\u00fcksek Gerilim Tesisleri \u0130\u015fletme Sorumlulu\u011fu Y\u00f6netmeli\u011fi kapsam\u0131nda<\/strong>, elektrik <strong>y\u00fcksek gerilim tesislerinde, can ve mal g\u00fcvenli\u011finin sa\u011flanmas\u0131, ekonomik kay\u0131plar\u0131n \u00f6nlenmesi i\u00e7in gerekli hizmetleri<\/strong> ile bu <strong>hizmetlerin y\u00fcr\u00fct\u00fclmesini<\/strong> \u00fcstelenen\u00a0<strong>i\u015fletme sorumlusu<\/strong>\u00a0<em>elektrik m\u00fchendisleri<\/em> taraf\u0131ndan yap\u0131lmaktad\u0131r.<\/p>\n<h2>Trafo Merkezleri \u0130\u00e7in\u00a0<strong>Y\u00fcksek Gerilim Bak\u0131m Onar\u0131m ve \u0130\u015fletme Sorumlulu\u011fu Belgesi<\/strong><\/h2>\n<h2><strong><img loading=\"lazy\" class=\"alignright wp-image-112811\" src=\"https:\/\/www.enerjigazetesi.ist\/wp-content\/uploads\/2020\/05\/trafo-merkezlerinde-yuksek-gerilim-tesisi-bakim-onarim-ve-kapasite-artirimi.jpg\" alt=\"\" width=\"320\" height=\"190\" srcset=\"https:\/\/www.enerjigazetesi.ist\/wp-content\/uploads\/2020\/05\/trafo-merkezlerinde-yuksek-gerilim-tesisi-bakim-onarim-ve-kapasite-artirimi.jpg 512w, https:\/\/www.enerjigazetesi.ist\/wp-content\/uploads\/2020\/05\/trafo-merkezlerinde-yuksek-gerilim-tesisi-bakim-onarim-ve-kapasite-artirimi-300x178.jpg 300w, https:\/\/www.enerjigazetesi.ist\/wp-content\/uploads\/2020\/05\/trafo-merkezlerinde-yuksek-gerilim-tesisi-bakim-onarim-ve-kapasite-artirimi-500x297.jpg 500w, https:\/\/www.enerjigazetesi.ist\/wp-content\/uploads\/2020\/05\/trafo-merkezlerinde-yuksek-gerilim-tesisi-bakim-onarim-ve-kapasite-artirimi-80x48.jpg 80w\" sizes=\"(max-width: 320px) 100vw, 320px\" \/><\/strong><\/h2>\n<p><strong>Trafo Merkezi olan Y\u00fcksek gerilim tesislerinde<\/strong> hizmet veren <strong>elektrik m\u00fchendisleri<\/strong>, t\u00fcm yetki ve g\u00f6revlerini yerine getirme a\u015famas\u0131nda <strong>can ve mal kayb\u0131 olmamas\u0131<\/strong> i\u00e7in y\u00fcksek gerilim\u00a0<strong>i\u015fletme sorumlusu belgesi<\/strong>\u00a0mutlaka almalar\u0131 gerekmektedir. \u0130\u015fletmelerde yeterli ya da bu niteliklere <strong>sahip m\u00fchendisin bulunmamas\u0131 durumunda<\/strong> ise bu hizmet <strong>EMO taraf\u0131ndan y\u0131lsonuna kadar ge\u00e7erli<\/strong> olmak \u00fczere verilen <strong>Elektrik 1kV \u00fcst\u00fc<\/strong> ve <strong>1Kv tesisler<\/strong> <em>SMM Belgesi ve \u0130\u015fletme Sorumlulu\u011fu Yetkilendirme Belgesi<\/em> sahibi olan m\u00fchendisler taraf\u0131ndan <strong>EMO onayl\u0131 s\u00f6zle\u015fme<\/strong> ile yap\u0131labilmektedir.<\/p>\n<h2>\u00d6zet olarak <span style=\"text-decoration: underline;\">tan\u0131mlad\u0131\u011f\u0131m\u0131zda;<\/span><\/h2>\n<p><strong>Y\u00fcksek Gerilim \u0130\u015fletme sorumlulu\u011fu<\/strong>, tesiste y\u00fcksek gerilim alt\u0131nda bulunan k\u0131s\u0131mlar\u0131n kanunlara kar\u015f\u0131 <strong>sorumlulu\u011funun \u00fcstlenilmesi<\/strong>, gerekli <strong>g\u00fcvenlik \u00f6nlemlerinin al\u0131nmas\u0131<\/strong>, TEDA\u015e veya enerji sa\u011flayan kurulu\u015f ile gerekli ili\u015fkilerin <strong>y\u00fcr\u00fct\u00fclmesi, enerjinin kesilmesi, tekrar verilmesi, ar\u0131za, bak\u0131m, onar\u0131m gibi durumlarda yap\u0131lacak olan \u00e7al\u0131\u015fmalara nezaret edilmesi<\/strong> gibi konular\u0131 kapsamaktad\u0131r.<\/p>\n<p><strong><img loading=\"lazy\" class=\"alignleft wp-image-112812\" src=\"https:\/\/www.enerjigazetesi.ist\/wp-content\/uploads\/2020\/05\/trafo-merkezlerinde-yuksek-gerilim-tesisi-bakim-onarim-ve-kapasite-artirimi-2.jpg\" alt=\"\" width=\"320\" height=\"227\" srcset=\"https:\/\/www.enerjigazetesi.ist\/wp-content\/uploads\/2020\/05\/trafo-merkezlerinde-yuksek-gerilim-tesisi-bakim-onarim-ve-kapasite-artirimi-2.jpg 375w, https:\/\/www.enerjigazetesi.ist\/wp-content\/uploads\/2020\/05\/trafo-merkezlerinde-yuksek-gerilim-tesisi-bakim-onarim-ve-kapasite-artirimi-2-300x213.jpg 300w, https:\/\/www.enerjigazetesi.ist\/wp-content\/uploads\/2020\/05\/trafo-merkezlerinde-yuksek-gerilim-tesisi-bakim-onarim-ve-kapasite-artirimi-2-70x50.jpg 70w\" sizes=\"(max-width: 320px) 100vw, 320px\" \/>Bak\u0131m sorumlulu\u011fu<\/strong> ise <strong>i\u015fletme sorumlusu taraf\u0131ndan<\/strong> enerjisiz hale getirilmi\u015f <strong>y\u00fcksek gerilim tesisleri<\/strong>ndeki cihazlar\u0131n <strong>periyodik bak\u0131m ve testlerinin<\/strong> yap\u0131lmas\u0131, hasar g\u00f6ren <strong>par\u00e7alar\u0131n onar\u0131lmas\u0131 veya de\u011fi\u015ftirilmesi<\/strong>, ar\u0131za durumlar\u0131nda <strong>\u00e7a\u011fr\u0131 \u00fczerine m\u00fcdahale<\/strong> edilmesidir.<\/p>\n<p><strong>Dan\u0131\u015fmanl\u0131k kapsam\u0131nda<\/strong> ise teknik konularda\u00a0<strong>her t\u00fcrl\u00fc destek hizmeti<\/strong>\u00a0sa\u011flanmaktad\u0131r.<\/p>\n<p><strong>Y\u00fcksek Gerilim\u00a0\u0130\u015fletme Sorumlulu\u011fu\u00a0<\/strong>veya <strong>Trafo ve \u015ealt Tesisleri ve Merkezleri Elektrik Enerji sorumlulu\u011fu ile<\/strong>\u00a0s\u00f6z konusu <strong>trafo merkezi<\/strong>nin\u00a0<strong>ayl\u0131k periyotlar<\/strong>da\u00a0<strong>ayda en az bir kez olarak<\/strong>\u00a0<strong>teknik ve i\u015f emniyet kontrolleri <\/strong>yap\u0131lmakta\u00a0i\u015fverene <strong>gerekli bilgi ve belgelerin d\u00fczenleme ve kontrol sonras\u0131 ula\u015ft\u0131r\u0131lmas\u0131<\/strong>, \u00e7al\u0131\u015fana ise <em>bilgilendirmelerin yap\u0131lmas\u0131, transformat\u00f6r ya\u011f de\u011fi\u015fimi, teknik revizyonlar gibi konularda gerekli uyar\u0131 ve bilgilendirme hizmetleri<\/em> verilmektedir.<\/p>\n<p><strong>Enerji da\u011f\u0131t\u0131m sistemleri<\/strong>nin \u00f6nemli ara\u00e7lar\u0131ndan biri olan <strong>trafo merkezleri, gerekli bak\u0131m ve \u00d6l\u00e7\u00fcmlerinin yap\u0131lmamas\u0131<\/strong> halinde normal\u00a0<strong>\u00f6mr\u00fcn\u00fc tamamlamadan at\u0131l duruma<\/strong> gelirler. <strong>Trafolar\u0131n verimli \u00e7al\u0131\u015fmas\u0131<\/strong> i\u00e7in periyodik olarak <strong>bak\u0131m ve \u00f6l\u00e7\u00fcmlerinin<\/strong> yap\u0131lmas\u0131 gerekmektedir.<\/p>\n<p><strong><span style=\"color: #993300;\">Detayl\u0131 Hizmet Bilgisi Almak \u0130\u00e7in \u0130leti\u015fim Formunu Doldurun Biz Sizi Arayal\u0131m!<\/span><\/strong><\/p>\n<div role=\"form\" class=\"wpcf7\" id=\"wpcf7-f112046-o1\" lang=\"tr-TR\" dir=\"ltr\">\n<div class=\"screen-reader-response\"><p role=\"status\" aria-live=\"polite\" aria-atomic=\"true\"><\/p> <ul><\/ul><\/div>\n<form action=\"\/en\/wp-json\/wp\/v2\/posts\/112777#wpcf7-f112046-o1\" method=\"post\" class=\"wpcf7-form init\" novalidate=\"novalidate\" data-status=\"init\">\n<div style=\"display: none;\">\n<input type=\"hidden\" name=\"_wpcf7\" value=\"112046\" \/>\n<input type=\"hidden\" name=\"_wpcf7_version\" value=\"5.5.6.1\" \/>\n<input type=\"hidden\" name=\"_wpcf7_locale\" value=\"tr_TR\" \/>\n<input type=\"hidden\" name=\"_wpcf7_unit_tag\" value=\"wpcf7-f112046-o1\" \/>\n<input type=\"hidden\" name=\"_wpcf7_container_post\" value=\"0\" \/>\n<input type=\"hidden\" name=\"_wpcf7_posted_data_hash\" value=\"\" \/>\n<\/div>\n<p><label> Ad\u0131n\u0131z (gerekli)<br \/>\n    <span class=\"wpcf7-form-control-wrap your-name\"><input type=\"text\" name=\"your-name\" value=\"\" size=\"40\" class=\"wpcf7-form-control wpcf7-text wpcf7-validates-as-required\" aria-required=\"true\" aria-invalid=\"false\" \/><\/span> <\/label><\/p>\n<p><label> E-posta adresiniz (gerekli)<br \/>\n    <span class=\"wpcf7-form-control-wrap your-email\"><input type=\"email\" name=\"your-email\" value=\"\" size=\"40\" class=\"wpcf7-form-control wpcf7-text wpcf7-email wpcf7-validates-as-required wpcf7-validates-as-email\" aria-required=\"true\" aria-invalid=\"false\" \/><\/span> <\/label><\/p>\n<p><label> Konu<br \/>\n    <span class=\"wpcf7-form-control-wrap your-subject\"><input type=\"text\" name=\"your-subject\" value=\"\" size=\"40\" class=\"wpcf7-form-control wpcf7-text\" aria-invalid=\"false\" \/><\/span> <\/label><\/p>\n<p><label> \u0130letiniz<br \/>\n    <span class=\"wpcf7-form-control-wrap your-message\"><textarea name=\"your-message\" cols=\"40\" rows=\"10\" class=\"wpcf7-form-control wpcf7-textarea\" aria-invalid=\"false\"><\/textarea><\/span> <\/label><\/p>\n<p><input type=\"submit\" value=\"G\u00f6nder\" class=\"wpcf7-form-control has-spinner wpcf7-submit\" \/><\/p>\n<p style=\"display: none !important;\" class=\"akismet-fields-container\" data-prefix=\"_wpcf7_ak_\"><label>&#916;<textarea name=\"_wpcf7_ak_hp_textarea\" cols=\"45\" rows=\"8\" maxlength=\"100\"><\/textarea><\/label><input type=\"hidden\" id=\"ak_js_1\" name=\"_wpcf7_ak_js\" value=\"0\"\/><script>document.getElementById( \"ak_js_1\" ).setAttribute( \"value\", ( new Date() ).getTime() );<\/script><\/p><div class=\"wpcf7-response-output\" aria-hidden=\"true\"><\/div><\/form><\/div>\n<p><em>Etkin M\u00fc\u015fteri Memnuniyeti Politikalar\u0131 Kapsam\u0131nda Taraf\u0131n\u0131za 24 Saat \u0130\u00e7erisinde Geri D\u00f6n\u00fc\u015f Yap\u0131lmaktad\u0131r.<\/em><\/p>\n<\/div>\n<\/div>\n<p><\/p>","protected":false},"excerpt":{"rendered":"<p>Sorry, this entry is only available in Turkish. For the sake of viewer convenience, the content is shown below in the alternative language. You may click the link to switch the active language. Trafo Merkezleri&#8217;nde (Y\u00fcksek Gerilim Tesislerinde) Bak\u0131m Onar\u0131m ve Kapasite Art\u0131r\u0131m\u0131 ve \u0130\u015fletme Sorumlulu\u011fu Hizmeti Trafo Merkezinin yer ald\u0131\u011f\u0131\u00a0Y\u00fcksek gerilim\u00a0kategorisindeki her tesisin bu [&hellip;]<\/p>\n","protected":false},"author":1,"featured_media":112811,"comment_status":"open","ping_status":"open","sticky":false,"template":"","format":"standard","meta":[],"categories":[51,53],"tags":[71022,71023,71024,17886,52674,1103,70999,71004,52259,71019,71030,71000,71002,71029,71017,71028,71021,71018,51448,24244,71020,71031,71027,71016,71003,71001,71025,71005,71026],"views":605,"_links":{"self":[{"href":"https:\/\/www.enerjigazetesi.ist\/en\/wp-json\/wp\/v2\/posts\/112777"}],"collection":[{"href":"https:\/\/www.enerjigazetesi.ist\/en\/wp-json\/wp\/v2\/posts"}],"about":[{"href":"https:\/\/www.enerjigazetesi.ist\/en\/wp-json\/wp\/v2\/types\/post"}],"author":[{"embeddable":true,"href":"https:\/\/www.enerjigazetesi.ist\/en\/wp-json\/wp\/v2\/users\/1"}],"replies":[{"embeddable":true,"href":"https:\/\/www.enerjigazetesi.ist\/en\/wp-json\/wp\/v2\/comments?post=112777"}],"version-history":[{"count":0,"href":"https:\/\/www.enerjigazetesi.ist\/en\/wp-json\/wp\/v2\/posts\/112777\/revisions"}],"wp:featuredmedia":[{"embeddable":true,"href":"https:\/\/www.enerjigazetesi.ist\/en\/wp-json\/wp\/v2\/media\/112811"}],"wp:attachment":[{"href":"https:\/\/www.enerjigazetesi.ist\/en\/wp-json\/wp\/v2\/media?parent=112777"}],"wp:term":[{"taxonomy":"category","embeddable":true,"href":"https:\/\/www.enerjigazetesi.ist\/en\/wp-json\/wp\/v2\/categories?post=112777"},{"taxonomy":"post_tag","embeddable":true,"href":"https:\/\/www.enerjigazetesi.ist\/en\/wp-json\/wp\/v2\/tags?post=112777"}],"curies":[{"name":"wp","href":"https:\/\/api.w.org\/{rel}","templated":true}]}}